{"id":570157,"date":"2025-12-01T03:34:25","date_gmt":"2025-12-01T03:34:25","guid":{"rendered":"https:\/\/www.europesays.com\/fr\/570157\/"},"modified":"2025-12-01T03:34:25","modified_gmt":"2025-12-01T03:34:25","slug":"un-portrait-sensible-de-la-mer-sous-loeil-du-concarnois-benoit-stichelbaut","status":"publish","type":"post","link":"https:\/\/www.europesays.com\/fr\/570157\/","title":{"rendered":"Un portrait sensible de la mer sous l\u2019\u0153il du Concarnois Beno\u00eet Stichelbaut"},"content":{"rendered":"<p>Comment est n\u00e9e l\u2019id\u00e9e de ce livre, Mers oc\u00e9ans\u00a0?<\/p>\n<p>L\u2019\u00e9ditrice m\u2019a propos\u00e9 ce livre, avec mes photos, sur le milieu maritime. Il ne s\u2019agissait pas de faire quelque chose de technique, mais d\u2019appr\u00e9hender le rapport que chacun peut avoir avec ce milieu. Qu\u2019est-ce qui nous attire vers la mer\u00a0? Pourquoi on va \u00e0 la plage en \u00e9t\u00e9\u00a0? Pourquoi on aime voir des temp\u00eates en hiver\u00a0? Pourquoi on aime se promener le long du port\u00a0? Une relation qui concerne beaucoup de gens, et notamment ceux qui ne vivent pas sur la c\u00f4te.<\/p>\n<p>Et vous, d\u2019o\u00f9 vient ce lien \u00e0 l\u2019oc\u00e9an\u00a0?<\/p>\n<p>J\u2019y suis arriv\u00e9 par la navigation, par le bateau. Ma premi\u00e8re relation \u00e0 la mer, \u00e7a a \u00e9t\u00e9 les vacances en Bretagne avec les parents, quand j\u2019\u00e9tais gamin. Notamment au Cabellou. C\u2019est l\u00e0 que j\u2019ai fait mes premi\u00e8res navigations. Une d\u00e9couverte d\u2019un espace de libert\u00e9, d\u2019ouverture.<\/p>\n<p>Comment avez-vous pu faire cette s\u00e9lection, sur une aussi longue carri\u00e8re de photographe maritime\u00a0?<\/p>\n<p>Il y a ici 25 ou 30 ans de photos. On en a sorti 200. Mais \u00e7a n\u2019a pas \u00e9t\u00e9 si compliqu\u00e9. Aborder ce c\u00f4t\u00e9 sensible de la mer, \u00e7a passe par l\u2019esth\u00e9tisme. On a envie que chaque photo ait un truc particulier. Il n\u2019y en a pas tant que \u00e7a, des photos qui sortent du lot. J\u2019ai fait une s\u00e9lection large, que j\u2019ai crois\u00e9e avec celle de l\u2019\u00e9ditrice. Certaines photos dans le livre n\u2019ont jamais \u00e9t\u00e9 publi\u00e9es.<\/p>\n<p><img decoding=\"async\" src=\"https:\/\/www.europesays.com\/fr\/wp-content\/uploads\/2025\/12\/692b05f23c726acf000126a2.1.jpeg\" width=\"480\" height=\"300\" class=\"web_golden_m\" loading=\"lazy\" alt=\"Certaines photos de Benoit Stichelbaut illuminant ce livre n\u2019avaient jamais \u00e9t\u00e9 publi\u00e9es. Comme celle de la couverture, prise sur la plage de Beg-Meil.\"\/>Certaines photos de Benoit Stichelbaut illuminant ce livre n\u2019avaient jamais \u00e9t\u00e9 publi\u00e9es. Comme celle de la couverture, prise sur la plage de Beg-Meil. (Le T\u00e9l\u00e9gramme\/Olivier Desveaux)Des exemples\u00a0?<\/p>\n<p>C\u2019est le cas de la couverture, une photo prise sur la plage de Beg-Meil. Certaines sont plus \u00e9videntes. Comme l\u2019Abeille Flandres dans la temp\u00eate. Il y a aussi des photos de chantiers, comme une, au Guilvinec, qui n\u2019avait jamais \u00e9t\u00e9 vue. Ou une du phare du Four. Des photos qui ont un petit truc en plus\u2026<\/p>\n<p>Il y a des photos qui ont \u00e9t\u00e9 particuli\u00e8rement difficiles \u00e0 capturer\u00a0?<\/p>\n<p>C\u2019est le cas d\u2019une photo du phare d\u2019Ar-Men, dans la temp\u00eate, prise d\u2019h\u00e9lico. Quand on est pass\u00e9 au-dessus du raz de Sein, il y avait 55 n\u0153uds de vent. On voulait se poser sur l\u2019\u00eele, pour attendre le passage du front. Or, l\u2019h\u00e9lico ne peut pas se poser \u00e0 plus de 60 n\u0153uds. Il y avait des conditions de dingue. Le phare de la Vieille \u00e9tait sous l\u2019eau. C\u2019\u00e9tait fou de se dire que les conditions \u00e9taient exceptionnelles, et qu\u2019on risquait de rater tout. Finalement, on a r\u00e9ussi \u00e0 se poser et \u00e0 red\u00e9coller. Ce qui fait \u00e0 l\u2019arriv\u00e9e des photos qui sortent du lot.<\/p>\n<p>Et d\u2019autres pour lesquelles il a fallu patienter longtemps\u00a0?<\/p>\n<p>Oui, comme une photo de <a href=\"https:\/\/www.letelegramme.fr\/finistere\/concarneau-29900\/a-sein-le-voyage-interieur-du-photographe-benoit-stichelbaut-3880818.php\" target=\"_blank\" rel=\"noopener\">l\u2019\u00eele de Sein<\/a>, par grand coefficient et temp\u00eate. Il m\u2019a fallu trois ou quatre ans avant de pouvoir la faire. Ce n\u2019est pas le genre de photo qui arrive par hasard.<\/p>\n<p><img decoding=\"async\" src=\"https:\/\/www.europesays.com\/fr\/wp-content\/uploads\/2025\/12\/692b05f12131f69c770877e0.1.jpeg\" width=\"480\" height=\"300\" class=\"web_golden_m\" loading=\"lazy\" alt=\"Benoit Stichelbaut aborde ici, dans un tr\u00e8s beau livre, la mer sous l\u2019angle de l\u2019esth\u00e9tisme, \u00e0 travers 200 de ses photos.\"\/>Benoit Stichelbaut aborde ici, dans un tr\u00e8s beau livre, la mer sous l\u2019angle de l\u2019esth\u00e9tisme, \u00e0 travers 200 de ses photos. (Le T\u00e9l\u00e9gramme\/Olivier Desveaux)Y a-t-il une photo que vous n\u2019avez jamais r\u00e9ussi \u00e0 faire\u00a0?<\/p>\n<p>Le phare de la Jument avec de tr\u00e8s grosses vagues. Il m\u2019est arriv\u00e9 de faire les phares de la pointe d\u2019Ouessant sous l\u2019eau, sans qu\u2019il ne se passe rien \u00e0 la Jument.<\/p>\n<p>Vous arrivez toujours \u00e0 \u00eatre surpris par la mer, m\u00eame ici, en Cornouaille\u00a0?<\/p>\n<p>Les lumi\u00e8res, la mar\u00e9e, les ambiances ne sont jamais les m\u00eames. Je d\u00e9couvre toujours la Bretagne. Aller \u00e0 la pointe du Raz, un jour de temp\u00eate en hiver, sera toujours quelque chose d\u2019extraordinaire.<\/p>\n<p>Les textes sont d\u2019Olivier Le Carrer. Comment les mots se sont-ils accord\u00e9s avec les images\u00a0?<\/p>\n<p>Le principe \u00e9tait clair avec lui\u00a0: appr\u00e9hender ce c\u00f4t\u00e9 maritime d\u2019un point de vue sensible qui passe par l\u2019esth\u00e9tisme. Il a mont\u00e9 ses chapitres en fonction des photos. En introduction, des termes de marine sont illustr\u00e9s chacun par une photo. Puis c\u2019est lui qui en a fait l\u2019arborescence, autour de la c\u00f4te, de tout ce qui est humain, de la respiration, de la navigation, des \u00eeles, avec un dernier chapitre sur la mer refuge. Faire un livre autour de l\u2019esth\u00e9tique de la mer, c\u2019est aussi aider \u00e0 mieux la conna\u00eetre. Et mieux la conna\u00eetre, c\u2019est mieux la prot\u00e9ger. C\u2019est notre petite pierre \u00e0 l\u2019\u00e9difice, qui passe par l\u2019\u00e9motion.<\/p>\n<p>Pratique<\/p>\n<p class=\"note\">Mers oc\u00e9ans, de Beno\u00eet Stichelbaut et Olivier Le Carrer, aux \u00e9ditions Ouest-France. Lancement officiel du livre vendredi 5 d\u00e9cembre \u00e0 19\u00a0h \u00e0 la librairie Albertine, en pr\u00e9sence du photographe, qui pourra discuter tant du livre, de sa d\u00e9marche que de sa pratique photographique. R\u00e9servation conseill\u00e9e au t\u00e9l. 02\u00a098\u00a074\u00a082\u00a043.<\/p>\n","protected":false},"excerpt":{"rendered":"Comment est n\u00e9e l\u2019id\u00e9e de ce livre, Mers oc\u00e9ans\u00a0? L\u2019\u00e9ditrice m\u2019a propos\u00e9 ce livre, avec mes photos, sur&hellip;\n","protected":false},"author":2,"featured_media":570158,"comment_status":"","ping_status":"","sticky":false,"template":"","format":"standard","meta":{"footnotes":""},"categories":[1358],"tags":[1348,1384,1385,3322,1386,58,3320,59,1011,27,1380,3323,3319],"class_list":{"0":"post-570157","1":"post","2":"type-post","3":"status-publish","4":"format-standard","5":"has-post-thumbnail","7":"category-arts-et-design","8":"tag-arts","9":"tag-arts-and-design","10":"tag-arts-et-design","11":"tag-concarneau","12":"tag-design","13":"tag-divertissement","14":"tag-douarnenez","15":"tag-entertainment","16":"tag-fr","17":"tag-france","18":"tag-livres","19":"tag-pont-labbe","20":"tag-quimper"},"share_on_mastodon":{"url":"https:\/\/pubeurope.com\/@fr\/115642215778482490","error":""},"_links":{"self":[{"href":"https:\/\/www.europesays.com\/fr\/wp-json\/wp\/v2\/posts\/570157","targetHints":{"allow":["GET"]}}],"collection":[{"href":"https:\/\/www.europesays.com\/fr\/wp-json\/wp\/v2\/posts"}],"about":[{"href":"https:\/\/www.europesays.com\/fr\/wp-json\/wp\/v2\/types\/post"}],"author":[{"embeddable":true,"href":"https:\/\/www.europesays.com\/fr\/wp-json\/wp\/v2\/users\/2"}],"replies":[{"embeddable":true,"href":"https:\/\/www.europesays.com\/fr\/wp-json\/wp\/v2\/comments?post=570157"}],"version-history":[{"count":0,"href":"https:\/\/www.europesays.com\/fr\/wp-json\/wp\/v2\/posts\/570157\/revisions"}],"wp:featuredmedia":[{"embeddable":true,"href":"https:\/\/www.europesays.com\/fr\/wp-json\/wp\/v2\/media\/570158"}],"wp:attachment":[{"href":"https:\/\/www.europesays.com\/fr\/wp-json\/wp\/v2\/media?parent=570157"}],"wp:term":[{"taxonomy":"category","embeddable":true,"href":"https:\/\/www.europesays.com\/fr\/wp-json\/wp\/v2\/categories?post=570157"},{"taxonomy":"post_tag","embeddable":true,"href":"https:\/\/www.europesays.com\/fr\/wp-json\/wp\/v2\/tags?post=570157"}],"curies":[{"name":"wp","href":"https:\/\/api.w.org\/{rel}","templated":true}]}}