{"id":570159,"date":"2025-12-01T03:36:35","date_gmt":"2025-12-01T03:36:35","guid":{"rendered":"https:\/\/www.europesays.com\/fr\/570159\/"},"modified":"2025-12-01T03:36:35","modified_gmt":"2025-12-01T03:36:35","slug":"arte-journal-30-11-2025-demande-de-grace-de-netanyahou-situation-en-ukraine-tc-boyle-regarder-lemission-complete","status":"publish","type":"post","link":"https:\/\/www.europesays.com\/fr\/570159\/","title":{"rendered":"ARTE Journal &#8211; 30\/11\/2025 &#8211; Demande de gr\u00e2ce de Netanyahou \/ Situation en Ukraine \/ TC Boyle &#8211; Regarder l\u2019\u00e9mission compl\u00e8te"},"content":{"rendered":"<p>Benjamin Netanyahou demande une gr\u00e2ce pr\u00e9sidentielle dans son proc\u00e8s pour corruption : le Premier ministre isra\u00e9lien plaide l&rsquo;int\u00e9r\u00eat public et la r\u00e9conciliation g\u00e9n\u00e9rale \/ Discussions entre d\u00e9l\u00e9gations ukrainienne et am\u00e9ricaine aux Etats-Unis ; sur le terrain, en Ukraine, nous accompagnerons une ONG qui reconstruit les logements d\u00e9truits par la guerre \/ Rencontre avec TC Boyle, grand nom de la litt\u00e9rature am\u00e9ricaine : son tout nouveau roman sort en exclusivit\u00e9 mondiale en Allemagne.<\/p>\n","protected":false},"excerpt":{"rendered":"Benjamin Netanyahou demande une gr\u00e2ce pr\u00e9sidentielle dans son proc\u00e8s pour corruption : le Premier ministre isra\u00e9lien plaide l&rsquo;int\u00e9r\u00eat&hellip;\n","protected":false},"author":2,"featured_media":570160,"comment_status":"","ping_status":"","sticky":false,"template":"","format":"standard","meta":{"footnotes":""},"categories":[1356],"tags":[58,59,1011,27,252,1364],"class_list":{"0":"post-570159","1":"post","2":"type-post","3":"status-publish","4":"format-standard","5":"has-post-thumbnail","7":"category-television","8":"tag-divertissement","9":"tag-entertainment","10":"tag-fr","11":"tag-france","12":"tag-television","13":"tag-tv"},"share_on_mastodon":{"url":"https:\/\/pubeurope.com\/@fr\/115642222719161384","error":""},"_links":{"self":[{"href":"https:\/\/www.europesays.com\/fr\/wp-json\/wp\/v2\/posts\/570159","targetHints":{"allow":["GET"]}}],"collection":[{"href":"https:\/\/www.europesays.com\/fr\/wp-json\/wp\/v2\/posts"}],"about":[{"href":"https:\/\/www.europesays.com\/fr\/wp-json\/wp\/v2\/types\/post"}],"author":[{"embeddable":true,"href":"https:\/\/www.europesays.com\/fr\/wp-json\/wp\/v2\/users\/2"}],"replies":[{"embeddable":true,"href":"https:\/\/www.europesays.com\/fr\/wp-json\/wp\/v2\/comments?post=570159"}],"version-history":[{"count":0,"href":"https:\/\/www.europesays.com\/fr\/wp-json\/wp\/v2\/posts\/570159\/revisions"}],"wp:featuredmedia":[{"embeddable":true,"href":"https:\/\/www.europesays.com\/fr\/wp-json\/wp\/v2\/media\/570160"}],"wp:attachment":[{"href":"https:\/\/www.europesays.com\/fr\/wp-json\/wp\/v2\/media?parent=570159"}],"wp:term":[{"taxonomy":"category","embeddable":true,"href":"https:\/\/www.europesays.com\/fr\/wp-json\/wp\/v2\/categories?post=570159"},{"taxonomy":"post_tag","embeddable":true,"href":"https:\/\/www.europesays.com\/fr\/wp-json\/wp\/v2\/tags?post=570159"}],"curies":[{"name":"wp","href":"https:\/\/api.w.org\/{rel}","templated":true}]}}