{"id":570165,"date":"2025-12-01T03:41:32","date_gmt":"2025-12-01T03:41:32","guid":{"rendered":"https:\/\/www.europesays.com\/fr\/570165\/"},"modified":"2025-12-01T03:41:32","modified_gmt":"2025-12-01T03:41:32","slug":"une-filiere-regionale-dediee-a-lendometriose-voit-le-jour-en-guadeloupe","status":"publish","type":"post","link":"https:\/\/www.europesays.com\/fr\/570165\/","title":{"rendered":"Une fili\u00e8re r\u00e9gionale d\u00e9di\u00e9e \u00e0 l\u2019endom\u00e9triose voit le jour en Guadeloupe"},"content":{"rendered":"<p data-end=\"169\" data-start=\"93\">L\u2019enjeu est de taille. L\u2019endom\u00e9triose touche une femme sur dix, et reste pourtant encore trop souvent sous-diagnostiqu\u00e9e, entra\u00eenant parfois des ann\u00e9es d\u2019errance m\u00e9dicale. Une r\u00e9alit\u00e9 que conna\u00eet parfaitement l\u2019association Likid Chokola, engag\u00e9e depuis plusieurs ann\u00e9es aux c\u00f4t\u00e9s des patientes. Sa pr\u00e9sidente, <strong>\u00c9lodie Nestor<\/strong>, insiste sur l\u2019importance de la place des associations dans cette nouvelle organisation.<\/p>\n<blockquote>\n<p data-end=\"169\" data-start=\"93\">Pour nous, en tant qu\u2019association agr\u00e9\u00e9e, il est l\u00e9gitime que nous soyons pr\u00e9sents, puisque cela fait maintenant sept ans que nous accompagnons les femmes sur le territoire qui souffrent d\u2019endom\u00e9triose. Nous sommes l\u00e0 pour repr\u00e9senter ces femmes, porter leur voix, parler de leurs besoins et surtout veiller \u00e0 ce que tout cela soit entendu, respect\u00e9 et int\u00e9gr\u00e9 \u00e0 cette fili\u00e8re \u00e0 chaque \u00e9tape.<\/p>\n<\/blockquote>\n<p data-end=\"2166\" data-start=\"1591\">Elle rappelle \u00e9galement l\u2019urgence d\u2019am\u00e9liorer le diagnostic et l\u2019information du public, notamment des plus jeunes.<\/p>\n<blockquote>\n<p data-end=\"2166\" data-start=\"1591\">On a un besoin fondamental, c\u2019est de pouvoir diagnostiquer cette maladie, puisqu\u2019on a un retard de diagnostic important. Il faut continuer d\u2019informer, de sensibiliser, surtout les jeunes. Je pense aux adolescentes qui sont dans l\u2019errance m\u00e9dicale. Il faut aussi mieux prendre en charge ces femmes, cr\u00e9er une vraie coordination entre les professionnels et pouvoir orienter les patientes quand la prise en charge n\u2019est plus possible sur le territoire.<\/p>\n<\/blockquote>\n<p>Mettre le r\u00e9seau en coh\u00e9rence<\/p>\n<p data-end=\"2703\" data-start=\"2168\">Justement, la coordination est au c\u0153ur de cette nouvelle fili\u00e8re. Pour le professeur <strong>Olivier Parant<\/strong>, chef de service de gyn\u00e9cologie-obst\u00e9trique au CHU de la Guadeloupe, l\u2019absence de structuration \u00e9tait jusqu\u2019ici un frein majeur.<\/p>\n<blockquote>\n<p data-end=\"2703\" data-start=\"2168\">Il y a plusieurs professionnels qui prennent en charge cette maladie, mais chacun travaille de son c\u00f4t\u00e9. On n\u2019a pas de coordination de la fili\u00e8re. Le but de ce r\u00e9seau, c\u2019est d\u2019homog\u00e9n\u00e9iser les connaissances et de pouvoir proposer aux patientes des professionnels qui connaissent bien la maladie.<\/p>\n<\/blockquote>\n<p data-end=\"3227\" data-start=\"2705\">L\u2019ambition est de structurer un parcours de soins clair et lisible, depuis le diagnostic jusqu\u2019\u00e0 la prise en charge sp\u00e9cialis\u00e9e si n\u00e9cessaire.<\/p>\n<blockquote>\n<p data-end=\"3227\" data-start=\"2705\">La patiente doit pouvoir \u00eatre adress\u00e9e \u00e0 un professionnel form\u00e9, capable de poser le diagnostic, de mettre en place un premier traitement, puis d\u2019orienter vers un deuxi\u00e8me niveau en cas d\u2019\u00e9chec ou de formes plus graves. Le but aussi, c\u2019est d\u2019\u00e9viter qu\u2019une patiente consulte d\u2019embl\u00e9e un chirurgien hyper sp\u00e9cialis\u00e9. Il faut d\u2019abord une prise en charge initiale adapt\u00e9e.<\/p>\n<\/blockquote>\n<p data-end=\"3399\" data-start=\"3229\">\u00c0 terme, cette fili\u00e8re devrait permettre aux patientes d\u2019identifier plus facilement les bons interlocuteurs, notamment via des outils d\u2019orientation accessibles au public. Avec cette fili\u00e8re r\u00e9gionale, la Guadeloupe se dote donc d\u2019un outil structurant pour lutter contre l\u2019errance m\u00e9dicale, am\u00e9liorer la qualit\u00e9 des soins et offrir un accompagnement plus humain, plus coh\u00e9rent et plus efficace aux femmes atteintes d\u2019endom\u00e9triose.<\/p>\n","protected":false},"excerpt":{"rendered":"L\u2019enjeu est de taille. L\u2019endom\u00e9triose touche une femme sur dix, et reste pourtant encore trop souvent sous-diagnostiqu\u00e9e, entra\u00eenant&hellip;\n","protected":false},"author":2,"featured_media":570166,"comment_status":"","ping_status":"","sticky":false,"template":"","format":"standard","meta":{"footnotes":""},"categories":[10],"tags":[1011,27,72,71],"class_list":{"0":"post-570165","1":"post","2":"type-post","3":"status-publish","4":"format-standard","5":"has-post-thumbnail","7":"category-sante","8":"tag-fr","9":"tag-france","10":"tag-health","11":"tag-sante"},"share_on_mastodon":{"url":"https:\/\/pubeurope.com\/@fr\/115642242382191258","error":""},"_links":{"self":[{"href":"https:\/\/www.europesays.com\/fr\/wp-json\/wp\/v2\/posts\/570165","targetHints":{"allow":["GET"]}}],"collection":[{"href":"https:\/\/www.europesays.com\/fr\/wp-json\/wp\/v2\/posts"}],"about":[{"href":"https:\/\/www.europesays.com\/fr\/wp-json\/wp\/v2\/types\/post"}],"author":[{"embeddable":true,"href":"https:\/\/www.europesays.com\/fr\/wp-json\/wp\/v2\/users\/2"}],"replies":[{"embeddable":true,"href":"https:\/\/www.europesays.com\/fr\/wp-json\/wp\/v2\/comments?post=570165"}],"version-history":[{"count":0,"href":"https:\/\/www.europesays.com\/fr\/wp-json\/wp\/v2\/posts\/570165\/revisions"}],"wp:featuredmedia":[{"embeddable":true,"href":"https:\/\/www.europesays.com\/fr\/wp-json\/wp\/v2\/media\/570166"}],"wp:attachment":[{"href":"https:\/\/www.europesays.com\/fr\/wp-json\/wp\/v2\/media?parent=570165"}],"wp:term":[{"taxonomy":"category","embeddable":true,"href":"https:\/\/www.europesays.com\/fr\/wp-json\/wp\/v2\/categories?post=570165"},{"taxonomy":"post_tag","embeddable":true,"href":"https:\/\/www.europesays.com\/fr\/wp-json\/wp\/v2\/tags?post=570165"}],"curies":[{"name":"wp","href":"https:\/\/api.w.org\/{rel}","templated":true}]}}