{"id":570173,"date":"2025-12-01T03:45:28","date_gmt":"2025-12-01T03:45:28","guid":{"rendered":"https:\/\/www.europesays.com\/fr\/570173\/"},"modified":"2025-12-01T03:45:28","modified_gmt":"2025-12-01T03:45:28","slug":"le-ministre-de-leconomie-roland-lescure-se-paie-jordan-bardella-sur-le-prix-de-lessence-actualites","status":"publish","type":"post","link":"https:\/\/www.europesays.com\/fr\/570173\/","title":{"rendered":"Le ministre de l&rsquo;\u00c9conomie Roland Lescure se paie Jordan Bardella sur le prix de l\u2019essence : Actualit\u00e9s"},"content":{"rendered":"<p class=\"lead \"><strong>Ce samedi 29 novembre, le ministre de l&rsquo;\u00c9conomie et des Finances, Roland Lescure, a r\u00e9pondu aux propos du pr\u00e9sident du Rassemblement national qui alertait sur une hausse \u00e0 venir du prix de l\u2019essence.<\/strong><\/p>\n<p class=\"lead \">Faut-il s\u2019attendre \u00e0 une flamb\u00e9e du prix de l\u2019essence ? C\u2019est en tout cas ce qu\u2019a indiqu\u00e9 le pr\u00e9sident du Rassemblement national, Jordan Bardella, vendredi 28 novembre. Il a notamment appel\u00e9 ses partisans \u00e0 se mobiliser contre un d\u00e9cret sur les certificats d\u2019\u00e9conomies d\u2019\u00e9nergie qu\u2019il a qualifi\u00e9 \u201cd\u2019agression fiscale\u201d. Celle-ci augmenterait, selon lui, de deux milliards d\u2019euros les prix de l\u2019\u00e9nergie l\u2019an prochain, ayant ainsi un effet \u00e0 la hausse \u201csur le carburant, le fioul, le gaz et l&rsquo;\u00e9lectricit\u00e9\u201d, a lanc\u00e9 le pr\u00e9sident du Rassemblement national dans une vid\u00e9o post\u00e9e sur X.<\/p>\n<p class=\"lead \">Le d\u00e9cret en question revoit ses objectifs \u00e0 la hausse en mati\u00e8re de transition \u00e9cologique dans l\u2019objectif d\u2019atteindre une neutralit\u00e9 carbone d\u2019ici 2050. De ce fait, l&rsquo;enveloppe allou\u00e9e \u00e0 ce dispositif devrait atteindre plus de 8 milliards en 2026 contre 6 en 2025.<\/p>\n<p class=\"lead \">\u201cSoit il ne sait pas de quoi il parle, soit il ment comme un arracheur de dents\u00a0\u00bb, commente Roland Lescure<\/p>\n<p class=\"lead \">Au lendemain de cette d\u00e9claration alarmante de la part de Jordan Bardella, le ministre de l&rsquo;\u00c9conomie et des Finances, Roland Lescure, a tent\u00e9 d\u2019\u00e9teindre la pol\u00e9mique lanc\u00e9e par le RN : \u00ab\u00a0Jordan Bardella, soit il ne sait pas de quoi il parle, soit il ment comme un arracheur de dents\u00a0\u00bb, a-t-il comment\u00e9 avant d\u2019ajouter que les \u201ccertificats d&rsquo;\u00e9conomies d&rsquo;\u00e9nergies, ce ne sont ni des taxes, ni des imp\u00f4ts. [&#8230;] Ce sont des contributions des \u00e9nerg\u00e9ticiens \u00e0 la transition \u00e9cologique.\u201d<\/p>\n<p class=\"lead \">S\u2019il reconna\u00eet un impact sur le prix du carburant, la plupart des \u00e9nerg\u00e9ticiens \u00ab\u00a0ne r\u00e9percutent que marginalement les CEE sur les consommateurs\u00a0\u00bba-t-il indiqu\u00e9. Pour le locataire de Bercy, \u201cle RN pr\u00e9f\u00e8re r\u00e9cup\u00e9rer les arguments des p\u00e9troliers pour propager de fausses informations plut\u00f4t que de chercher des solutions concr\u00e8tes aux probl\u00e8mes des Fran\u00e7ais\u201d.<\/p>\n<p class=\"small font-weight-bold text-gray3 \"> publi\u00e9 le 30 novembre \u00e0 22h44, Arnaud Enjourbault, 6Medias<\/p>\n<p>                             Partager<\/p>\n","protected":false},"excerpt":{"rendered":"Ce samedi 29 novembre, le ministre de l&rsquo;\u00c9conomie et des Finances, Roland Lescure, a r\u00e9pondu aux propos du&hellip;\n","protected":false},"author":2,"featured_media":570174,"comment_status":"","ping_status":"","sticky":false,"template":"","format":"standard","meta":{"footnotes":""},"categories":[6],"tags":[35,33,34,1011,27],"class_list":{"0":"post-570173","1":"post","2":"type-post","3":"status-publish","4":"format-standard","5":"has-post-thumbnail","7":"category-economie","8":"tag-business","9":"tag-economie","10":"tag-economy","11":"tag-fr","12":"tag-france"},"share_on_mastodon":{"url":"https:\/\/pubeurope.com\/@fr\/115642258151582751","error":""},"_links":{"self":[{"href":"https:\/\/www.europesays.com\/fr\/wp-json\/wp\/v2\/posts\/570173","targetHints":{"allow":["GET"]}}],"collection":[{"href":"https:\/\/www.europesays.com\/fr\/wp-json\/wp\/v2\/posts"}],"about":[{"href":"https:\/\/www.europesays.com\/fr\/wp-json\/wp\/v2\/types\/post"}],"author":[{"embeddable":true,"href":"https:\/\/www.europesays.com\/fr\/wp-json\/wp\/v2\/users\/2"}],"replies":[{"embeddable":true,"href":"https:\/\/www.europesays.com\/fr\/wp-json\/wp\/v2\/comments?post=570173"}],"version-history":[{"count":0,"href":"https:\/\/www.europesays.com\/fr\/wp-json\/wp\/v2\/posts\/570173\/revisions"}],"wp:featuredmedia":[{"embeddable":true,"href":"https:\/\/www.europesays.com\/fr\/wp-json\/wp\/v2\/media\/570174"}],"wp:attachment":[{"href":"https:\/\/www.europesays.com\/fr\/wp-json\/wp\/v2\/media?parent=570173"}],"wp:term":[{"taxonomy":"category","embeddable":true,"href":"https:\/\/www.europesays.com\/fr\/wp-json\/wp\/v2\/categories?post=570173"},{"taxonomy":"post_tag","embeddable":true,"href":"https:\/\/www.europesays.com\/fr\/wp-json\/wp\/v2\/tags?post=570173"}],"curies":[{"name":"wp","href":"https:\/\/api.w.org\/{rel}","templated":true}]}}