{"id":570175,"date":"2025-12-01T03:47:40","date_gmt":"2025-12-01T03:47:40","guid":{"rendered":"https:\/\/www.europesays.com\/fr\/570175\/"},"modified":"2025-12-01T03:47:40","modified_gmt":"2025-12-01T03:47:40","slug":"trois-italiens-et-une-canadienne-blesses-dans-une-attaque-presumee-de-colons","status":"publish","type":"post","link":"https:\/\/www.europesays.com\/fr\/570175\/","title":{"rendered":"Trois Italiens et une Canadienne bless\u00e9s dans une attaque pr\u00e9sum\u00e9e de colons"},"content":{"rendered":"<p>Trois Italiens et une Canadienne ont \u00e9t\u00e9 pris en charge dimanche \u00e0 l\u2019h\u00f4pital de J\u00e9richo apr\u00e8s avoir \u00e9t\u00e9 agress\u00e9s par <a href=\"https:\/\/www.20minutes.fr\/monde\/israel\/4188483-20251128-cisjordanie-deux-palestiniens-victimes-execution-sommaire-enquete-ouverte\" class=\"c-link c-link--is-underlined\" target=\"_blank\" rel=\"noopener\">des colons<\/a> en <a href=\"https:\/\/www.20minutes.fr\/monde\/cisjordanie\/\" class=\"c-link c-link--is-underlined\" target=\"_blank\" rel=\"noopener\">Cisjordanie<\/a> occup\u00e9e, a rapport\u00e9 l\u2019une des victimes \u00e0 l\u2019AFP qui a souhait\u00e9 garder l\u2019anonymat.<\/p>\n<p>Ils s\u00e9journaient dans la zone de Duyuk, \u00e0 l\u2019ouest de J\u00e9richo, dans le centre de la Cisjordanie, un territoire occup\u00e9 par <a href=\"https:\/\/www.20minutes.fr\/monde\/israel\/\" class=\"c-link c-link--is-underlined\" target=\"_blank\" rel=\"noopener\">Isra\u00ebl<\/a> depuis\u00a01967, raconte une des membres du groupe que l\u2019agence de presse officielle palestinienne Wafa a qualifi\u00e9 de \u00ab\u00a0militants internationaux\u00a0\u00bb.<\/p>\n<p>Contusions au visage et \u00e0 la poitrine<\/p>\n<p>\u00ab\u00a0Nous dormions la nuit [\u2026], dix colons masqu\u00e9s sont arriv\u00e9s, deux avaient des armes \u00e0 feu, certains des b\u00e2tons\u00a0\u00bb, a-t-elle racont\u00e9. \u00ab\u00a0Ils m\u2019ont donn\u00e9 plusieurs coups au visage, aux c\u00f4tes, \u00e0 la hanche.\u00a0\u00bb \u00ab\u00a0Cela a dur\u00e9 environ 10 \u00e0 15 minutes. Ensuite, ils ont pris toutes nos affaires. Ils ont vol\u00e9 mon passeport, mon t\u00e9l\u00e9phone, mon portefeuille, mes cartes bancaires, puis ils sont partis\u00a0\u00bb, a-t-elle ajout\u00e9.<\/p>\n<\/p>\n<p>D\u2019apr\u00e8s le directeur de l\u2019h\u00f4pital public de J\u00e9richo, Riyad Eid, les quatre ressortissants \u00e9trangers sont arriv\u00e9s dans son \u00e9tablissement \u00ab\u00a0ce matin\u00a0\u00bb avant d\u2019\u00eatre autoris\u00e9s \u00e0 sortir plus tard dans la journ\u00e9e. \u00ab\u00a0Ils souffraient pour certains de contusions au visage et \u00e0 la poitrine, et l\u2019un d\u2019eux a \u00e9t\u00e9 frapp\u00e9 dans une zone sensible\u00a0\u00bb, d\u00e9crit le m\u00e9decin \u00e0 l\u2019AFP sans davantage de d\u00e9tails.<\/p>\n<p>Vol de leurs affaires personnelles<\/p>\n<p>Dans un communiqu\u00e9, le minist\u00e8re italien des Affaires \u00e9trang\u00e8res a d\u00e9clar\u00e9 que \u00ab\u00a0trois b\u00e9n\u00e9voles internationaux italiens\u00a0\u00bb avaient \u00ab\u00a0\u00e9t\u00e9 agress\u00e9s la nuit derni\u00e8re par des colons isra\u00e9liens pr\u00e8s de J\u00e9richo\u00a0\u00bb. \u00ab\u00a0Les colons seraient entr\u00e9s dans leur domicile, auraient agress\u00e9 les b\u00e9n\u00e9voles et vol\u00e9 l\u2019ensemble de leurs effets personnels\u00a0\u00bb, poursuit le minist\u00e8re, pr\u00e9cisant que le ministre Antonio Tajani \u00ab\u00a0suivait\u00a0\u00bb la situation en coordination avec le consul g\u00e9n\u00e9ral d\u2019Italie \u00e0 <a href=\"https:\/\/www.20minutes.fr\/monde\/jerusalem\/\" class=\"c-link c-link--is-underlined\" target=\"_blank\" rel=\"noopener\">J\u00e9rusalem<\/a>.<\/p>\n<p>Hormis J\u00e9rusalem-Est, occup\u00e9e et annex\u00e9e par Isra\u00ebl, plus de 500.000 Isra\u00e9liens vivent en Cisjordanie dans des colonies que l\u2019ONU juge ill\u00e9gales au regard du droit international, dans un territoire peupl\u00e9 d\u2019environ trois millions de Palestiniens. Les violences ont explos\u00e9 en Cisjordanie depuis le d\u00e9but de la guerre dans la <a href=\"https:\/\/www.20minutes.fr\/monde\/gaza\/\" class=\"c-link c-link--is-underlined\" target=\"_blank\" rel=\"noopener\">bande de Gaza<\/a>, d\u00e9clench\u00e9e par l\u2019attaque sans pr\u00e9c\u00e9dent du mouvement islamiste palestinien Hamas le 7\u00a0octobre 2023 en Isra\u00ebl. Elles n\u2019ont pas cess\u00e9 malgr\u00e9 la tr\u00eave entr\u00e9e en vigueur le 10\u00a0octobre.<\/p>\n<p>Le Bureau de coordination des Affaires humanitaires de l\u2019ONU (Ocha) a recens\u00e9 en octobre un pic des \u00ab\u00a0attaques de colons ayant caus\u00e9 des victimes, des dommages mat\u00e9riels ou les deux\u00a0\u00bb en pr\u00e8s de deux d\u00e9cennies de collecte de donn\u00e9es en Cisjordanie.<\/p>\n","protected":false},"excerpt":{"rendered":"Trois Italiens et une Canadienne ont \u00e9t\u00e9 pris en charge dimanche \u00e0 l\u2019h\u00f4pital de J\u00e9richo apr\u00e8s avoir \u00e9t\u00e9&hellip;\n","protected":false},"author":2,"featured_media":570176,"comment_status":"","ping_status":"","sticky":false,"template":"","format":"standard","meta":{"footnotes":""},"categories":[5],"tags":[47,11,1120,10263,2486,1011,27,665,14,664,74,12,28],"class_list":{"0":"post-570175","1":"post","2":"type-post","3":"status-publish","4":"format-standard","5":"has-post-thumbnail","7":"category-international","8":"tag-actualite","9":"tag-actualites","10":"tag-agression","11":"tag-benevolat","12":"tag-cisjordanie","13":"tag-fr","14":"tag-france","15":"tag-gaza","16":"tag-international","17":"tag-israel","18":"tag-monde","19":"tag-news","20":"tag-world"},"share_on_mastodon":{"url":"https:\/\/pubeurope.com\/@fr\/115642266011349587","error":""},"_links":{"self":[{"href":"https:\/\/www.europesays.com\/fr\/wp-json\/wp\/v2\/posts\/570175","targetHints":{"allow":["GET"]}}],"collection":[{"href":"https:\/\/www.europesays.com\/fr\/wp-json\/wp\/v2\/posts"}],"about":[{"href":"https:\/\/www.europesays.com\/fr\/wp-json\/wp\/v2\/types\/post"}],"author":[{"embeddable":true,"href":"https:\/\/www.europesays.com\/fr\/wp-json\/wp\/v2\/users\/2"}],"replies":[{"embeddable":true,"href":"https:\/\/www.europesays.com\/fr\/wp-json\/wp\/v2\/comments?post=570175"}],"version-history":[{"count":0,"href":"https:\/\/www.europesays.com\/fr\/wp-json\/wp\/v2\/posts\/570175\/revisions"}],"wp:featuredmedia":[{"embeddable":true,"href":"https:\/\/www.europesays.com\/fr\/wp-json\/wp\/v2\/media\/570176"}],"wp:attachment":[{"href":"https:\/\/www.europesays.com\/fr\/wp-json\/wp\/v2\/media?parent=570175"}],"wp:term":[{"taxonomy":"category","embeddable":true,"href":"https:\/\/www.europesays.com\/fr\/wp-json\/wp\/v2\/categories?post=570175"},{"taxonomy":"post_tag","embeddable":true,"href":"https:\/\/www.europesays.com\/fr\/wp-json\/wp\/v2\/tags?post=570175"}],"curies":[{"name":"wp","href":"https:\/\/api.w.org\/{rel}","templated":true}]}}