{"id":570180,"date":"2025-12-01T03:51:13","date_gmt":"2025-12-01T03:51:13","guid":{"rendered":"https:\/\/www.europesays.com\/fr\/570180\/"},"modified":"2025-12-01T03:51:13","modified_gmt":"2025-12-01T03:51:13","slug":"lheure-du-jugement-pour-le-maire-de-saint-etienne","status":"publish","type":"post","link":"https:\/\/www.europesays.com\/fr\/570180\/","title":{"rendered":"l&rsquo;heure du jugement pour le maire de Saint-Etienne"},"content":{"rendered":"<p>Le tribunal correctionnel de Lyon doit rendre sa d\u00e9cision \u00e0 09H30 dans cette affaire de pi\u00e8ge tendu \u00e0 un rival du maire, l&rsquo;ex-premier adjoint Gilles Artigues, film\u00e9 \u00e0 la cam\u00e9ra cach\u00e9e en compagnie d&rsquo;un prostitu\u00e9, puis contraint \u00e0 faire profil bas.<\/p>\n<p>Apr\u00e8s de longues et poisseuses journ\u00e9es d&rsquo;audience fin septembre, cinq ans de prison, dont trois ferme, et une peine d&rsquo;in\u00e9ligibilit\u00e9 avec application imm\u00e9diate ont \u00e9t\u00e9 requis contre Ga\u00ebl Perdriau.<\/p>\n<p>\u00ab\u00a0C&rsquo;est lui qui avait les mains sur la manette nucl\u00e9aire\u00a0\u00bb, avait d\u00e9clar\u00e9 la procureure Audrey Quey, qualifiant le maire de \u00ab\u00a0d\u00e9cideur\u00a0\u00bb, m\u00eame si le complot a \u00e9t\u00e9 mis en \u0153uvre par d&rsquo;anciens collaborateurs, qui sont, eux, pass\u00e9s aux aveux.<\/p>\n<p>Se disant consciente de l&rsquo;enjeu d\u00e9mocratique d&rsquo;une peine synonyme de fin de mandat m\u00eame en cas d&rsquo;appel, la magistrate avait estim\u00e9 que \u00ab\u00a0l&rsquo;abjection\u00a0\u00bb et \u00ab\u00a0la vilenie\u00a0\u00bb des faits la justifiait.<\/p>\n<p>Ga\u00ebl Perdriau \u00ab\u00a0n&rsquo;a jamais eu la vid\u00e9o et aucun \u00e9crit ne montre qu&rsquo;il a donn\u00e9 son aval \u00e0 cette odieuse op\u00e9ration\u00a0\u00bb, avait au contraire plaid\u00e9 son avocat Me Jean-F\u00e9lix Luciani, en demandant au tribunal de d\u00e9clarer son client non coupable \u00ab\u00a0au b\u00e9n\u00e9fice du doute\u00a0\u00bb.<\/p>\n<p>Depuis que le scandale a \u00e9clat\u00e9 avec une enqu\u00eate de Mediapart en 2022, l&rsquo;\u00e9lu de 53 ans, exclu du parti Les R\u00e9publicains, a toujours ni\u00e9 avoir particip\u00e9 au kompromat et a refus\u00e9 de d\u00e9missionner.<\/p>\n<p>Lors de son proc\u00e8s pour chantage, association de malfaiteurs et d\u00e9tournement de fonds publics, Ga\u00ebl Perdriau a encore bataill\u00e9 pied \u00e0 pied pour convaincre de son innocence, mais son t\u00e9moignage a \u00e9t\u00e9 fragilis\u00e9 par celui de ses co-pr\u00e9venus.<\/p>\n<p>Pierre Gauttieri, qui fut pendant dix ans son directeur de cabinet, a assur\u00e9 que d\u00e8s son \u00e9lection en 2014, le maire lui avait demand\u00e9 de trouver \u00ab\u00a0une solution pour tenir en respect Gilles Artigues\u00a0\u00bb dont il doutait de la loyaut\u00e9.<\/p>\n<p><img alt=\"L'ex-premier adjoint \u00e0 la mairie de Saint-Etienne Gilles Artigues (droite) et son avocat Me Andr\u00e9 Buffard arrivent \u00e0 une audience, le 22 septembre 2025 \u00e0 Lyon\" loading=\"lazy\" decoding=\"async\" data-nimg=\"fill\" class=\" TwicCore_img__i9TC1 undefined  undefined\" style=\"position:absolute;height:100%;width:100%;left:0;top:0;right:0;bottom:0;color:transparent;background-size:cover;background-position:50% 50%;background-repeat:no-repeat;background-image:url(&quot;data:image\/svg+xml;charset=utf-8,%3Csvg xmlns='http:\/\/www.w3.org\/2000\/svg' %3E%3Cfilter id='b' color-interpolation-filters='sRGB'%3E%3CfeGaussianBlur stdDeviation='20'\/%3E%3CfeColorMatrix values='1 0 0 0 0 0 1 0 0 0 0 0 1 0 0 0 0 0 100 -1' result='s'\/%3E%3CfeFlood x='0' y='0' width='100%25' height='100%25'\/%3E%3CfeComposite operator='out' in='s'\/%3E%3CfeComposite in2='SourceGraphic'\/%3E%3CfeGaussianBlur stdDeviation='20'\/%3E%3C\/filter%3E%3Cimage width='100%25' height='100%25' x='0' y='0' preserveAspectRatio='none' style='filter: url(%23b);' href='https:\/\/pictures.laprovence.com\/cdn-cgi\/image\/blur=250\/media\/afp\/3c9f46109b736a03a22e2c07793f87214df8cbe2.jpg'\/%3E%3C\/svg%3E&quot;)\"   src=\"https:\/\/www.europesays.com\/fr\/wp-content\/uploads\/2025\/12\/3c9f46109b736a03a22e2c07793f87214df8cbe2.jpg\"\/>L&rsquo;ex-premier adjoint \u00e0 la mairie de Saint-Etienne Gilles Artigues (droite) et son avocat Me Andr\u00e9 Buffard arrivent \u00e0 une audience, le 22 septembre 2025 \u00e0 Lyon PHOTO AFP \/ OLIVIER CHASSIGNOLE<\/p>\n<p>L&rsquo;id\u00e9e de pi\u00e9ger avec un escort-boy ce catholique oppos\u00e9 au mariage entre personnes de m\u00eame sexe a germ\u00e9 lors d&rsquo;\u00e9changes avec l&rsquo;ambitieux adjoint \u00e0 l&rsquo;Education Samy K\u00e9fi-J\u00e9r\u00f4me et le conjoint de ce dernier Gilles Rossary-Lenglet, ont-ils tous les trois reconnu.<\/p>\n<p>Selon Pierre Gauttieri, le maire a ensuite donn\u00e9 son feu vert et pris en charge le volet financier du pi\u00e8ge, en faisant voter deux subventions de 20.000 euros chacune \u00e0 des associations st\u00e9phanoises, qui les ont revers\u00e9es \u00e0 Gilles Rossary-Lenglet, \u00ab\u00a0barbouze\u00a0\u00bb autoproclam\u00e9 de l&rsquo;op\u00e9ration.<\/p>\n<p>Pour le directeur de cabinet, la procureure n&rsquo;a requis qu&rsquo;un an de prison ferme, am\u00e9nageable \u00e0 domicile sous bracelet, prenant acte de ses efforts de contrition.<\/p>\n<p>Elle a demand\u00e9 deux ans de prison ferme pour Samy K\u00e9fi-J\u00e9r\u00f4me et Gilles Rossary-Lenglet, mais la relaxe pour les dirigeants d&rsquo;associations poursuivis pour \u00ab\u00a0abus de confiance\u00a0\u00bb, jugeant qu&rsquo;ils avaient \u00e9t\u00e9 \u00ab\u00a0bern\u00e9s\u00a0\u00bb dans cette affaire.<\/p>\n<p>Tout au long du proc\u00e8s, Ga\u00ebl Perdriau a martel\u00e9 ne pas avoir brim\u00e9 son premier adjoint et n&rsquo;avoir jamais rien exig\u00e9 de lui, les fameuses \u00ab\u00a0contreparties\u00a0\u00bb qui juridiquement sont n\u00e9cessaires pour qualifier un chantage.<\/p>\n<p>La diffusion d&rsquo;un enregistrement r\u00e9alis\u00e9 \u00e0 son insu par Gilles Artigues en 2017 a mis \u00e0 mal cette ligne de d\u00e9fense. On l&rsquo;entend expliquer \u00e0 son rival qu&rsquo;il d\u00e9tient une \u00ab\u00a0cl\u00e9 USB\u00a0\u00bb avec des images compromettantes et menacer de les diffuser \u00ab\u00a0en petits cercles\u00a0\u00bb, \u00ab\u00a0avec parcimonie\u00a0\u00bb.<\/p>\n<p>Gilles Artigues, tr\u00e8s meurtri, a assur\u00e9 \u00e0 la barre que le maire avait \u00e9voqu\u00e9 la vid\u00e9o \u00e0 d&rsquo;autres reprises: \u00ab\u00a0j&rsquo;\u00e9tais paralys\u00e9, je ne faisais plus rien\u00a0\u00bb \u00e0 la mairie, a-t-il d\u00e9crit. \u00ab\u00a0J&rsquo;\u00e9tais comme une marionnette, on me posait l\u00e0 et je souriais.\u00a0\u00bb<\/p>\n","protected":false},"excerpt":{"rendered":"Le tribunal correctionnel de Lyon doit rendre sa d\u00e9cision \u00e0 09H30 dans cette affaire de pi\u00e8ge tendu \u00e0&hellip;\n","protected":false},"author":2,"featured_media":570181,"comment_status":"","ping_status":"","sticky":false,"template":"","format":"standard","meta":{"footnotes":""},"categories":[9653],"tags":[17,1111,11,2430,8841,1777,674,1011,27,329,6372,26637,5107,12,471,25,4001,48100],"class_list":{"0":"post-570180","1":"post","2":"type-post","3":"status-publish","4":"format-standard","5":"has-post-thumbnail","7":"category-saint-etienne","8":"tag-17","9":"tag-actu","10":"tag-actualites","11":"tag-auvergne-rhone-alpes","12":"tag-chantage","13":"tag-eu","14":"tag-europe","15":"tag-fr","16":"tag-france","17":"tag-france-monde","18":"tag-jugement","19":"tag-lheure","20":"tag-maire","21":"tag-news","22":"tag-pour","23":"tag-republique-francaise","24":"tag-saint-etienne","25":"tag-sextape"},"share_on_mastodon":{"url":"https:\/\/pubeurope.com\/@fr\/115642282455514652","error":""},"_links":{"self":[{"href":"https:\/\/www.europesays.com\/fr\/wp-json\/wp\/v2\/posts\/570180","targetHints":{"allow":["GET"]}}],"collection":[{"href":"https:\/\/www.europesays.com\/fr\/wp-json\/wp\/v2\/posts"}],"about":[{"href":"https:\/\/www.europesays.com\/fr\/wp-json\/wp\/v2\/types\/post"}],"author":[{"embeddable":true,"href":"https:\/\/www.europesays.com\/fr\/wp-json\/wp\/v2\/users\/2"}],"replies":[{"embeddable":true,"href":"https:\/\/www.europesays.com\/fr\/wp-json\/wp\/v2\/comments?post=570180"}],"version-history":[{"count":0,"href":"https:\/\/www.europesays.com\/fr\/wp-json\/wp\/v2\/posts\/570180\/revisions"}],"wp:featuredmedia":[{"embeddable":true,"href":"https:\/\/www.europesays.com\/fr\/wp-json\/wp\/v2\/media\/570181"}],"wp:attachment":[{"href":"https:\/\/www.europesays.com\/fr\/wp-json\/wp\/v2\/media?parent=570180"}],"wp:term":[{"taxonomy":"category","embeddable":true,"href":"https:\/\/www.europesays.com\/fr\/wp-json\/wp\/v2\/categories?post=570180"},{"taxonomy":"post_tag","embeddable":true,"href":"https:\/\/www.europesays.com\/fr\/wp-json\/wp\/v2\/tags?post=570180"}],"curies":[{"name":"wp","href":"https:\/\/api.w.org\/{rel}","templated":true}]}}