{"id":570182,"date":"2025-12-01T03:52:13","date_gmt":"2025-12-01T03:52:13","guid":{"rendered":"https:\/\/www.europesays.com\/fr\/570182\/"},"modified":"2025-12-01T03:52:13","modified_gmt":"2025-12-01T03:52:13","slug":"lyon-vs-saint-etienne-2025-classement-en-direct","status":"publish","type":"post","link":"https:\/\/www.europesays.com\/fr\/570182\/","title":{"rendered":"Lyon vs Saint-\u00c9tienne 2025 : Classement en Direct"},"content":{"rendered":"<tr>\n<td colspan=\"2\">\n<p><strong>EN BREF<\/strong><\/p>\n<\/td>\n<\/tr>\n<tr>\n<td>\u2013<\/td>\n<td>Retrouvez les <strong>r\u00e9sultats<\/strong> et le <strong>classement<\/strong> en direct de la Lyon Saint\u00e9Lyon <strong>2025<\/strong>.<\/td>\n<\/tr>\n<tr>\n<td>\u2013<\/td>\n<td>D\u00e9part de la course le samedi 29 novembre \u00e0 9h \u00e0 la Halle Tony Garnier de <strong>Lyon<\/strong>.<\/td>\n<\/tr>\n<tr>\n<td>\u2013<\/td>\n<td>\u00c9preuve de <strong>trail mythique<\/strong> avec un aller-retour de 160 km entre <strong>Lyon et Saint-\u00c9tienne<\/strong>.<\/td>\n<\/tr>\n<tr>\n<td>\u2013<\/td>\n<td>Course destin\u00e9e \u00e0 des <strong>trailers exp\u00e9riment\u00e9s<\/strong> recherchant un d\u00e9fi <strong>hivernal<\/strong>.<\/td>\n<\/tr>\n<tr>\n<td>\u2013<\/td>\n<td>Nouveaut\u00e9s avec 40 % du parcours renouvel\u00e9 et 10 km de <strong>sentiers in\u00e9dits<\/strong>.<\/td>\n<\/tr>\n<tr>\n<td>\u2013<\/td>\n<td>D\u00e9part en journ\u00e9e et retour de nuit, ajoutant une dimension <strong>strat\u00e9gique<\/strong>.<\/td>\n<\/tr>\n<tr>\n<td>\u2013<\/td>\n<td>Course hommes : Victoire d\u2019<strong>Elwan Mehl<\/strong> en <strong>7h04m23s<\/strong>.<\/td>\n<\/tr>\n<tr>\n<td>\u2013<\/td>\n<td>Course femmes : Victoire d\u2019<strong>Enora Niort<\/strong> en <strong>9h25m23s<\/strong>.<\/td>\n<\/tr>\n<p>Plongez dans l\u2019effervescence intense de la saison 2025 avec le <strong>classement en direct<\/strong> du match l\u00e9gendaire entre <strong>Lyon<\/strong> et <strong>Saint-\u00c9tienne<\/strong> ! Ce duel embl\u00e9matique, tant attendu par les passionn\u00e9s de sport, promet des moments m\u00e9morables et un suspense \u00e0 couper le souffle. Suivez chaque instant de cette confrontation unique et d\u00e9couvrez en temps r\u00e9el qui prendra l\u2019avantage dans cette bataille \u00e9pique sur le terrain. Pr\u00eats pour une saison riche en rebondissements ?<\/p>\n<p>Alors que l\u2019ann\u00e9e 2025 s\u2019annonce particuli\u00e8rement excitante pour les amateurs de <strong>football<\/strong> fran\u00e7ais, les \u00e9quipes de <strong>Lyon<\/strong> et de <strong>Saint-\u00c9tienne<\/strong> seront une fois de plus sous le feu des projecteurs. Cette saison, les deux g\u00e9ants r\u00e9gionaux sont pr\u00eats \u00e0 s\u2019affronter sur le terrain pour le fameux \u2018Derby Rh\u00f4nalpin\u2019. D\u00e9couvrez ici les d\u00e9tails concernant leurs performances r\u00e9centes, leur positionnement dans les classements, ainsi que les enjeux cruciaux qui ponctueront cette comp\u00e9tition acharn\u00e9e. Entra\u00een\u00e9s par de nouveaux coachs pleins de talent, les deux clubs sont d\u00e9termin\u00e9s \u00e0 prendre le dessus et \u00e0 se hisser au sommet du championnat.<\/p>\n<p>Le \u2018Derby Rh\u00f4nalpin\u2019 : Histoires de Rancunes et de Rivalit\u00e9s<\/p>\n<p>La rivalit\u00e9 entre <strong>Lyon<\/strong> et <strong>Saint-\u00c9tienne<\/strong> est bien plus qu\u2019un simple affrontement sportif. Il s\u2019agit d\u2019une confrontation historique entre deux des plus grandes villes de la r\u00e9gion Auvergne-Rh\u00f4ne-Alpes. Cet antagonisme, qui perdure depuis des d\u00e9cennies, touche autant les supporters que les joueurs, rendant chaque match crucial. La saison 2025, pour sa part, ne fait pas figure d\u2019exception avec une intensit\u00e9 palpable sur le terrain et dans les tribunes.<\/p>\n<p>Lyon et Saint-\u00c9tienne, bien que g\u00e9ographiquement proches, pr\u00e9sentent des styles de jeu et des philosophies contrast\u00e9es, mais toutes deux partageant la m\u00eame volont\u00e9 de ne jamais c\u00e9der devant leur adversaire. Loin de se limiter \u00e0 des r\u00e9sultats al\u00e9atoires, ces duels r\u00e9gionaux sont g\u00e9n\u00e9ralement synonymes de spectacle et d\u2019exaltation.<\/p>\n<p>Les Acteurs de cette Saison 2025<\/p>\n<p>Olympique Lyonnais : Objectifs et Strat\u00e9gies<\/p>\n<p>L\u2019<strong>Olympique Lyonnais<\/strong>, plus souvent d\u00e9sign\u00e9 par son surnom de \u2018OL\u2019, a toujours \u00e9t\u00e9 un pr\u00e9tendant s\u00e9rieux au titre. En 2025, leur ligne offensive dynamique, men\u00e9e par de jeunes talents fougueux, continue de faire trembler les d\u00e9fenses adverses. Les supporters attendent avec intensit\u00e9 que leur \u00e9quipe renoue avec la victoire pour de futures qualifications europ\u00e9ennes, gr\u00e2ce \u00e0 une strat\u00e9gie ax\u00e9e sur le pressing \u00e9lev\u00e9 et les attaques rapides.<\/p>\n<p>Fort de ses exp\u00e9riences pass\u00e9es, le nouvel entraineur s\u2019est fix\u00e9 un objectif clair : amener Lyon \u00e0 surpasser l\u2019AS Saint-\u00c9tienne dans le classement g\u00e9n\u00e9ral de la saison. Une \u00e9limination pr\u00e9matur\u00e9e de toute comp\u00e9tition europ\u00e9enne p\u00e8se encore lourd sur le club, mais les responsables lyonnais ont choisi de redoubler d\u2019efforts sur le championnat domestique afin de soigner cet affront. Ils envisagent de capitaliser sur une d\u00e9fense r\u00e9solue, anim\u00e9e par des joueurs d\u00e9termin\u00e9s \u00e0 d\u00e9fendre leur territoire.<\/p>\n<p>AS Saint-\u00c9tienne : Ambitions et D\u00e9fis<\/p>\n<p>L\u2019<strong>AS Saint-\u00c9tienne<\/strong>, de son c\u00f4t\u00e9, s\u2019adapte \u00e0 une transition importante avec un nouveau leadership manag\u00e9rial et la mont\u00e9e de plusieurs \u00e9toiles montantes de son acad\u00e9mie. Connu pour sa t\u00e9nacit\u00e9 et son \u00e9tat d\u2019esprit collectif, l\u2019effectif st\u00e9phanois aspire \u00e0 r\u00e9tablir sa domination dans la r\u00e9gion.<\/p>\n<p>Appliquant un jeu agressif, ax\u00e9 principalement sur la possession et sur les passes courtes calcul\u00e9es, Saint-\u00c9tienne provoque constamment des d\u00e9stabilisations dans l\u2019alignement d\u00e9fensif adverse. Les relations profond\u00e9ment tiss\u00e9es entre les joueurs et les supporters ajoutent une dose suppl\u00e9mentaire de passion et d\u2019urgence lors des rencontres, particuli\u00e8rement celles face \u00e0 leurs rivaux traditionnels, Lyon.<\/p>\n<p>Classement en Direct et Suivi de la Saison<\/p>\n<p>Maintenant, reste \u00e0 savoir comment suivre ces \u00e9quipes \u00e0 travers leurs exploits durant cette saison 2025. Plusieurs plateformes offrent des solutions personnalis\u00e9es pour ne manquer aucun match-cl\u00e9 ni oscillation du classement. Les fans peuvent vivre chaque moment fort instantan\u00e9ment, avec des mises \u00e0 jour constantes et des analyses dynamiques sur les performances des joueurs, les actions d\u00e9cisives, et les r\u00e9sultats.<\/p>\n<p>Vous pouvez suivre le classement en direct de l\u2019AS Saint-\u00c9tienne ici : <a href=\"https:\/\/dicodusport.fr\/blog\/classement-saintelyon-2025-en-direct\/\" target=\"_blank\" rel=\"noopener\">Classement AS Saint-\u00c9tienne<\/a>, et pour une vision plus globale, retrouvez aussi les donn\u00e9es d\u00e9taill\u00e9es sur d\u2019autres sites : <a href=\"https:\/\/madeinfoot.ouest-france.fr\/club\/saint-etienne-901\/classement.html\" target=\"_blank\" rel=\"noopener\">Made in Foot<\/a>, <a href=\"https:\/\/www.365scores.com\/fr\/football\/league\/ligue-2-36\" target=\"_blank\" rel=\"noopener\">365 Scores<\/a>, et encore <a href=\"https:\/\/www.asse-stats.com\/classement-championnat\" target=\"_blank\" rel=\"noopener\">ASSE Stats<\/a>.<\/p>\n<p>Quant \u00e0 Lyon, leurs fid\u00e8les admirateurs peuvent suivre chaque moment crucial de leur progression \u00e0 travers la saison, les statistiques \u00e9tant continuellement disponibles via plusieurs plateformes. C\u2019est donc une comp\u00e9tition exaltante qui se dessine, o\u00f9 les positions sont sujettes \u00e0 \u00e9voluer \u00e0 chaque coup de sifflet. Du c\u00f4t\u00e9 de Saint-\u00c9tienne, les supporters peuvent suivre l\u2019\u00e9volution du classement et d\u00e9battre des performances de leur \u00e9quipe favorite en visitant ce lien : <a href=\"https:\/\/www.footmercato.net\/club\/asse\/classement\" target=\"_blank\" rel=\"noopener\">Foot Mercato<\/a>.<\/p>\n<p>Plus que jamais, les matchs entre ces deux brigades vont d\u00e9finir non seulement leur position dans le classement, mais \u00e9galement sceller le prestige sur le territoire cons\u00e9cutif de cette saison 2025 inoubliable. Les amateurs attendent avec impatience chaque confrontation palpitante en esp\u00e9rant voir leurs h\u00e9ros triompher, marquant ainsi une nouvelle page de l\u2019histoire du football fran\u00e7ais.<\/p>\n<p>Conclusion : Classement en direct de la Lyon Saint\u00e9Lyon 2025<\/p>\n<p>Le spectacle \u00e9poustouflant qu\u2019offre la <strong>Lyon Saint\u00e9Lyon 2025<\/strong> souligne une fois de plus l\u2019exceptionnelle dynamique de cette confrontation entre deux embl\u00e8mes du trail urbain. Cette 160 kilom\u00e8tres titanesque entre <strong>Lyon<\/strong> et <strong>Saint-\u00c9tienne<\/strong> ne cesse de fasciner par son exigence physique et mentale, rendant hommage \u00e0 la t\u00e9nacit\u00e9 et \u00e0 la d\u00e9termination des coureurs.<\/p>\n<p>\u00c0 travers les <strong>Monts du Lyonnais<\/strong>, les athl\u00e8tes vivent une exp\u00e9rience palpitante, alliant technicit\u00e9 et exploit personnel. Le parcours, renouvel\u00e9 \u00e0 40 % avec l\u2019introduction de 10 kilom\u00e8tres de sentiers in\u00e9dits, promet non seulement une exp\u00e9rience plus accessible mais sans compromis sur la diversit\u00e9 et la technicit\u00e9 qui caract\u00e9risent cet \u00e9v\u00e9nement. Cette capacit\u00e9 \u00e0 maintenir une certaine fluidit\u00e9 tout en jonglant avec les \u00e9preuves tr\u00e8s vari\u00e9es de mont\u00e9es, descentes et travers\u00e9es de villages, t\u00e9moigne de l\u2019ing\u00e9niosit\u00e9 des organisateurs dans l\u2019\u00e9quilibre du d\u00e9fi.<\/p>\n<p>Le classement en direct nous a r\u00e9serv\u00e9 de belles surprises cette saison, portant \u00e0 la lumi\u00e8re des coureurs exceptionnels, tels que <strong>Elwan Mehl<\/strong>, v\u00eatu de son maillot jaune-bleu avec un temps impressionnant de 7h04m23s. Chez les femmes, <strong>Enora Niort<\/strong> s\u2019affirme comme une r\u00e9v\u00e9lation, consolidant son dynamisme sur le sommet du podium en 9h25m23s.<\/p>\n<p>\u00c0 l\u2019avenir, la comp\u00e9tition entre ces titans du trail continue de captiver l\u2019essence m\u00eame de la course \u00e0 pied hivernale, promettant des \u00e9ditions futures tout aussi palpitantes. Cette \u00e9mulation entre pratiques sportives et respect environnemental met \u00e9galement en exergue le d\u00e9fi unique que repr\u00e9sente la <strong>Lyon Saint\u00e9Lyon<\/strong> pour tous ceux qui osent franchir la ligne de d\u00e9part.<\/p>\n","protected":false},"excerpt":{"rendered":"EN BREF \u2013 Retrouvez les r\u00e9sultats et le classement en direct de la Lyon Saint\u00e9Lyon 2025. \u2013 D\u00e9part&hellip;\n","protected":false},"author":2,"featured_media":570183,"comment_status":"","ping_status":"","sticky":false,"template":"","format":"standard","meta":{"footnotes":""},"categories":[9653],"tags":[1111,11,2430,68546,1777,674,1011,27,2428,23734,12,25,4001,68547],"class_list":{"0":"post-570182","1":"post","2":"type-post","3":"status-publish","4":"format-standard","5":"has-post-thumbnail","7":"category-saint-etienne","8":"tag-actu","9":"tag-actualites","10":"tag-auvergne-rhone-alpes","11":"tag-classement-en-direct","12":"tag-eu","13":"tag-europe","14":"tag-fr","15":"tag-france","16":"tag-lyon","17":"tag-match-en-direct","18":"tag-news","19":"tag-republique-francaise","20":"tag-saint-etienne","21":"tag-saison-2025"},"share_on_mastodon":{"url":"https:\/\/pubeurope.com\/@fr\/115642285595223425","error":""},"_links":{"self":[{"href":"https:\/\/www.europesays.com\/fr\/wp-json\/wp\/v2\/posts\/570182","targetHints":{"allow":["GET"]}}],"collection":[{"href":"https:\/\/www.europesays.com\/fr\/wp-json\/wp\/v2\/posts"}],"about":[{"href":"https:\/\/www.europesays.com\/fr\/wp-json\/wp\/v2\/types\/post"}],"author":[{"embeddable":true,"href":"https:\/\/www.europesays.com\/fr\/wp-json\/wp\/v2\/users\/2"}],"replies":[{"embeddable":true,"href":"https:\/\/www.europesays.com\/fr\/wp-json\/wp\/v2\/comments?post=570182"}],"version-history":[{"count":0,"href":"https:\/\/www.europesays.com\/fr\/wp-json\/wp\/v2\/posts\/570182\/revisions"}],"wp:featuredmedia":[{"embeddable":true,"href":"https:\/\/www.europesays.com\/fr\/wp-json\/wp\/v2\/media\/570183"}],"wp:attachment":[{"href":"https:\/\/www.europesays.com\/fr\/wp-json\/wp\/v2\/media?parent=570182"}],"wp:term":[{"taxonomy":"category","embeddable":true,"href":"https:\/\/www.europesays.com\/fr\/wp-json\/wp\/v2\/categories?post=570182"},{"taxonomy":"post_tag","embeddable":true,"href":"https:\/\/www.europesays.com\/fr\/wp-json\/wp\/v2\/tags?post=570182"}],"curies":[{"name":"wp","href":"https:\/\/api.w.org\/{rel}","templated":true}]}}