{"id":570185,"date":"2025-12-01T03:57:16","date_gmt":"2025-12-01T03:57:16","guid":{"rendered":"https:\/\/www.europesays.com\/fr\/570185\/"},"modified":"2025-12-01T03:57:16","modified_gmt":"2025-12-01T03:57:16","slug":"ollioules-les-ogres-dapres-charles-perrault-carole-costantini-2","status":"publish","type":"post","link":"https:\/\/www.europesays.com\/fr\/570185\/","title":{"rendered":"Ollioules : Les Ogres D\u2019apr\u00e8s Charles Perrault Carole Costantini"},"content":{"rendered":"<p>        <a href=\"https:\/\/www.tv83.info\/wp-content\/uploads\/2025\/06\/ogres_1280-1024x576-1.jpg\" data-caption=\"\" target=\"_blank\" rel=\"noopener\"><img loading=\"lazy\" decoding=\"async\" width=\"696\" height=\"392\" class=\"entry-thumb td-modal-image\" src=\"https:\/\/www.europesays.com\/fr\/wp-content\/uploads\/2025\/09\/ogres_1280-1024x576-1-696x392.jpg\"   alt=\"\" title=\"ogres_1280-1024x576\"\/><\/a><\/p>\n<p>Poucet est trop petit et ne parle pas bien. Poucet est n\u00e9 trop t\u00f4t et au mauvais moment. D\u00e9laiss\u00e9, l\u2019enfant est bien d\u00e9cid\u00e9 \u00e0 prendre son destin en main. Librement inspir\u00e9 du Petit Poucet de Charles Perrault, Les Ogres s\u00e9duit par sa sc\u00e9nographie inventive faite de jeux d\u2019ombres et de changements de d\u00e9cors \u00e0 vue.<br \/>Dans cette histoire, la langue est tour \u00e0 tour po\u00e9tique, joueuse ou corrosive. Au milieu d\u2019un espace ludique, In\u00e8s Naoun incarne l\u2019enfant, Gilbert Tra\u00efna endosse, avec virtuosit\u00e9, tous les autres r\u00f4les. Tandis qu\u2019en douce conteuse, Carole Costantini nous guide \u00e0 travers ce r\u00e9cit empreint de r\u00e9silience.<br \/>L\u2019enfant s\u2019\u00e9lance dans un voyage initiatique. Entre r\u00eave et r\u00e9alit\u00e9, il traverse une s\u00e9rie d\u2019obstacles, affronte diff\u00e9rents ogres. Son courage est mis \u00e0 rude \u00e9preuve, mais cela ne va pas l\u2019emp\u00eacher de s\u2019affirmer.<\/p>\n<p><strong> Dates<\/strong> Dur\u00e9e 1h15<br \/><strong>mardi 2 d\u00e9cembre 2025<\/strong> \u00e0 19h00<br \/><strong>mercredi 3 d\u00e9cembre 2025<\/strong> \u00e0 14h30<\/p>\n<p>Repr\u00e9sentation(s) scolaire(s)<br \/>mardi 2 d\u00e9cembre 2025 \u00e0 14h30<br \/>jeudi 4 d\u00e9cembre 2025 \u00e0 14h30<br \/>Ollioules : Ch\u00e2teauvallon<br \/>Studios du Baou<br \/>Accessibilit\u00e9 En famille d\u00e8s 9 ans<\/p>\n<p><strong> Tarifs<\/strong><br \/>Plein tarif 30 \u20ac<br \/>Tarif adulte avec la carte Ch\u00e2teauvallon-Libert\u00e9 20 \u20ac<br \/>Tarif partenaire (CSE et Associations culturelles partenaires) 20 \u20ac<br \/>Tarif \u2013 30 ans 15 \u20ac<br \/>Tarif \u2013 18 ans 10 \u20ac<br \/>Tarif solidaire 5 \u20ac<br \/>Tarif solidaire famille adulte 10 \u20ac<br \/>Tarif solidaire famille enfant 5 \u20ac<\/p>\n<p><a href=\"https:\/\/www.restosducoeur.org\/associations-departementales\/les-restos-du-coeur-du-var\/\" target=\"_blank\" rel=\"noopener\"><img decoding=\"async\" style=\"height:70px;width:140px\" src=\"https:\/\/www.europesays.com\/fr\/wp-content\/uploads\/2025\/04\/restos-du-coeur.jpg\"\/><\/a>        <\/p>\n","protected":false},"excerpt":{"rendered":"Poucet est trop petit et ne parle pas bien. Poucet est n\u00e9 trop t\u00f4t et au mauvais moment.&hellip;\n","protected":false},"author":2,"featured_media":394132,"comment_status":"","ping_status":"","sticky":false,"template":"","format":"standard","meta":{"footnotes":""},"categories":[9619],"tags":[1111,11,1777,674,1011,27,12,882,25,2310],"class_list":{"0":"post-570185","1":"post","2":"type-post","3":"status-publish","4":"format-standard","5":"has-post-thumbnail","7":"category-toulon","8":"tag-actu","9":"tag-actualites","10":"tag-eu","11":"tag-europe","12":"tag-fr","13":"tag-france","14":"tag-news","15":"tag-provence-alpes-cote-dazur","16":"tag-republique-francaise","17":"tag-toulon"},"share_on_mastodon":{"url":"https:\/\/pubeurope.com\/@fr\/115642306232695183","error":""},"_links":{"self":[{"href":"https:\/\/www.europesays.com\/fr\/wp-json\/wp\/v2\/posts\/570185","targetHints":{"allow":["GET"]}}],"collection":[{"href":"https:\/\/www.europesays.com\/fr\/wp-json\/wp\/v2\/posts"}],"about":[{"href":"https:\/\/www.europesays.com\/fr\/wp-json\/wp\/v2\/types\/post"}],"author":[{"embeddable":true,"href":"https:\/\/www.europesays.com\/fr\/wp-json\/wp\/v2\/users\/2"}],"replies":[{"embeddable":true,"href":"https:\/\/www.europesays.com\/fr\/wp-json\/wp\/v2\/comments?post=570185"}],"version-history":[{"count":0,"href":"https:\/\/www.europesays.com\/fr\/wp-json\/wp\/v2\/posts\/570185\/revisions"}],"wp:featuredmedia":[{"embeddable":true,"href":"https:\/\/www.europesays.com\/fr\/wp-json\/wp\/v2\/media\/394132"}],"wp:attachment":[{"href":"https:\/\/www.europesays.com\/fr\/wp-json\/wp\/v2\/media?parent=570185"}],"wp:term":[{"taxonomy":"category","embeddable":true,"href":"https:\/\/www.europesays.com\/fr\/wp-json\/wp\/v2\/categories?post=570185"},{"taxonomy":"post_tag","embeddable":true,"href":"https:\/\/www.europesays.com\/fr\/wp-json\/wp\/v2\/tags?post=570185"}],"curies":[{"name":"wp","href":"https:\/\/api.w.org\/{rel}","templated":true}]}}