{"id":57019,"date":"2025-04-27T14:35:07","date_gmt":"2025-04-27T14:35:07","guid":{"rendered":"https:\/\/www.europesays.com\/fr\/57019\/"},"modified":"2025-04-27T14:35:07","modified_gmt":"2025-04-27T14:35:07","slug":"le-ps-lance-une-grande-consultation-a-un-an-des-municipales","status":"publish","type":"post","link":"https:\/\/www.europesays.com\/fr\/57019\/","title":{"rendered":"le PS lance une grande consultation \u00e0 un an des municipales"},"content":{"rendered":"<p>            Par<br \/>\n        <strong><br \/>\n            <a href=\"https:\/\/actu.fr\/auteur\/thomas-rideau\" title=\"Consulter tous les articles de Thomas Rideau\" rel=\"nofollow noopener\" target=\"_blank\">Thomas Rideau<\/a><br \/>\n        <\/strong><\/p>\n<p>        Publi\u00e9 le<\/p>\n<p>            27 avr. 2025 \u00e0 16h10        <\/p>\n<p>Le Parti socialiste de <a href=\"https:\/\/actu.fr\/normandie\/rouen_76540\" rel=\"nofollow noopener\" target=\"_blank\">Rouen (Seine-Maritime)<\/a> a entam\u00e9 sa campagne pour <a href=\"https:\/\/actu.fr\/tag\/municipales-2026\" rel=\"nofollow noopener\" target=\"_blank\">les municipales de 2026<\/a>, ce mercredi 23\u00a0avril. La section locale vient de partager en ligne un questionnaire pour recueillir <strong>des id\u00e9es et des remarques<\/strong> des Rouennais sur le mandat pr\u00e9c\u00e9dent et celui \u00e0 venir. Celui-ci se nomme\u2026 Rouen 2035.<\/p>\n<p class=\" wall-content\">\u00ab\u2009\u00cates-vous<strong> heureux de vivre \u00e0 Rouen<\/strong>\u2009<strong>?<\/strong>\u2009\u00bb\u2009; \u00ab\u2009Trouvez-vous que la propret\u00e9 \u00e0 Rouen s\u2019est am\u00e9lior\u00e9e ou s\u2019est d\u00e9grad\u00e9e\u2009?\u2009\u00bb\u2009; \u00ab\u2009Quelles sont les r\u00e9alisations du maire <a href=\"https:\/\/actu.fr\/tag\/nicolas-mayer-rossignol\" rel=\"nofollow noopener\" target=\"_blank\">Nicolas Mayer-Rossignol<\/a> dont vous \u00eates satisfait (question ouverte, plusieurs r\u00e9ponses possibles)\u2009\u00bb\u2026 En tout, 15 questions sont pos\u00e9es pour d\u00e9terminer votre vision de la qualit\u00e9 de vie dans la capitale normande.<\/p>\n<p>\u00ab\u00a0C\u2019est vraiment fait pour \u00e9couter les Rouennais\u00a0\u00bb<\/p>\n<p class=\" wall-content\">\u00ab\u2009C\u2019est <strong>une grande consultation<\/strong>. On veut que les Rouennais donnent leur avis sur Rouen. Il y aura une restitution en septembre\u2009\u00bb, pr\u00e9sente Valentin Rasse-Lambrecq, secr\u00e9taire de section du <a href=\"https:\/\/actu.fr\/tag\/parti-socialiste-ps\" rel=\"nofollow noopener\" target=\"_blank\">Parti socialiste<\/a> de Rouen. Mais le responsable l\u2019assure\u2009: \u00ab\u2009il faut bien d\u00e9corr\u00e9ler ce questionnaire des \u00e9lections municipales. Il y a deux ans, nous avons d\u00e9j\u00e0 fait des consultations. On veut <strong>aller vers les habitants<\/strong>.\u2009\u00bb \u00c0 noter que le questionnaire sera ouvert jusqu\u2019au 1er juillet.<\/p>\n<p class=\" wall-content\">D\u2019ailleurs, \u00ab\u2009on a essay\u00e9 de rendre les questions <strong>les plus neutres et ouvertes possibles<\/strong>. Cette consultation, c\u2019est vraiment fait pour \u00e9couter les Rouennais, pas \u00e0 l\u00e9gitimer nos actions\u2009\u00bb.<\/p>\n<p class=\" wall-content\">Reste que le mouvement Fiers de Rouen qui avait accompagn\u00e9 la campagne de Nicolas Mayer-Rossignol, avait \u00e9t\u00e9 lanc\u00e9 un an avant le scrutin \u2013 comme ce questionnaire. Et d\u2019ailleurs, ce m\u00eame mouvement est de retour aux affaires en participant \u00e0 la mise en place de cette consultation. De l\u00e0 \u00e0 dire que, plus que le PS, c\u2019est <strong>Nicolas Mayer-Rossignol qui a lanc\u00e9 sa campagne\u2009?<\/strong><\/p>\n<p>Vid\u00e9os : en ce moment sur ActuLa campagne a bien commenc\u00e9<\/p>\n<p class=\" wall-content\">Selon nos informations, le principal int\u00e9ress\u00e9, qui est d\u00e9j\u00e0 concern\u00e9 par <a href=\"https:\/\/actu.fr\/normandie\/rouen_76540\/nicolas-mayer-rossignol-de-nouveau-candidat-pour-diriger-le-ps_62260662.html\" rel=\"nofollow noopener\" target=\"_blank\">une autre campagne<\/a> avec la course au secr\u00e9tariat du PS, doit prendre<strong> une d\u00e9cision<\/strong> quant \u00e0 une candidature \u00e0 sa propre succession qu\u2019<strong>au d\u00e9but de l\u2019\u00e9t\u00e9<\/strong>.<\/p>\n<p class=\" wall-content\">En attendant, <strong>la campagne \u00e0 gauche<\/strong>, qui va surtout se jouer en coulisse avant le premier tour, a d\u00e9j\u00e0 bien commenc\u00e9. Tandis que <a href=\"https:\/\/actu.fr\/normandie\/rouen_76540\/municipales-2026-a-rouen-jean-michel-beregovoy-prend-le-temps-et-la-tete-de-la-reflexion-chez-les-ecolos_62413296.html\" rel=\"nofollow noopener\" target=\"_blank\">les \u00e9cologistes aiguisent leur app\u00e9tit<\/a>, les Insoumis assurent qu\u2019ils joueront <a href=\"https:\/\/actu.fr\/normandie\/rouen_76540\/elections-municipales-rouen-gauche-reflechit-alliances-malgre-dissensions-ps-lfi-eelv-pc_62246462.html\" rel=\"nofollow noopener\" target=\"_blank\">un r\u00f4le de premier plan<\/a> dans cette campagne. Bref, toutes les composantes de la gauche \u00e0 Rouen ont commenc\u00e9 \u00e0 avancer leurs pions \u00e0 11 mois du premier tour.<\/p>\n<p>Vous souhaitez participer \u00e0 cette consultation ? Rendez-vous sur <a href=\"https:\/\/rouen2035.org\" rel=\"nofollow noopener\" target=\"_blank\">rouen2035.org<\/a>Suivez l\u2019actualit\u00e9 de Rouen <a href=\"https:\/\/www.whatsapp.com\/channel\/0029VaKfnf99hXF2ddApFB1D\" rel=\"nofollow noopener\" target=\"_blank\">sur notre cha\u00eene WhatsApp<\/a> et <a href=\"https:\/\/www.tiktok.com\/@76actu.fr?lang=fr\" rel=\"nofollow noopener\" target=\"_blank\">sur notre compte TikTok<\/a>\u00a0<\/p>\n<p class=\" wall-content\">Suivez toute l\u2019actualit\u00e9 de vos villes et m\u00e9dias favoris en vous inscrivant \u00e0 <a href=\"https:\/\/moncompte.actu.fr\" title=\"D\u00e9couvez Mon Actu\" rel=\"nofollow noopener\" data-trk=\"{&quot;cta&quot;:{&quot;action&quot;:&quot;https:\\\/\\\/moncompte.actu.fr&quot;,&quot;category&quot;:&quot;mon compte&quot;,&quot;from&quot;:&quot;article footer&quot;,&quot;name&quot;:&quot;Mon actu&quot;,&quot;type&quot;:&quot;cta&quot;}}\" target=\"_blank\">Mon Actu<\/a>.<\/p>\n<p>                    <script async src=\"\/\/www.tiktok.com\/embed.js\"><\/script><\/p>\n","protected":false},"excerpt":{"rendered":"Par Thomas Rideau Publi\u00e9 le 27 avr. 2025 \u00e0 16h10 Le Parti socialiste de Rouen (Seine-Maritime) a entam\u00e9&hellip;\n","protected":false},"author":2,"featured_media":57020,"comment_status":"","ping_status":"","sticky":false,"template":"","format":"standard","meta":{"footnotes":""},"categories":[9587],"tags":[1111,11,4188,1777,674,1011,27,3434,12,13268,5161,4484,316,25,9590],"class_list":{"0":"post-57019","1":"post","2":"type-post","3":"status-publish","4":"format-standard","5":"has-post-thumbnail","7":"category-rouen","8":"tag-actu","9":"tag-actualites","10":"tag-elections-municipales","11":"tag-eu","12":"tag-europe","13":"tag-fr","14":"tag-france","15":"tag-municipales-2026","16":"tag-news","17":"tag-nicolas-mayer-rossignol","18":"tag-normandie","19":"tag-parti-socialiste-ps","20":"tag-politique","21":"tag-republique-francaise","22":"tag-rouen"},"share_on_mastodon":{"url":"https:\/\/pubeurope.com\/@fr\/114410430325982849","error":""},"_links":{"self":[{"href":"https:\/\/www.europesays.com\/fr\/wp-json\/wp\/v2\/posts\/57019","targetHints":{"allow":["GET"]}}],"collection":[{"href":"https:\/\/www.europesays.com\/fr\/wp-json\/wp\/v2\/posts"}],"about":[{"href":"https:\/\/www.europesays.com\/fr\/wp-json\/wp\/v2\/types\/post"}],"author":[{"embeddable":true,"href":"https:\/\/www.europesays.com\/fr\/wp-json\/wp\/v2\/users\/2"}],"replies":[{"embeddable":true,"href":"https:\/\/www.europesays.com\/fr\/wp-json\/wp\/v2\/comments?post=57019"}],"version-history":[{"count":0,"href":"https:\/\/www.europesays.com\/fr\/wp-json\/wp\/v2\/posts\/57019\/revisions"}],"wp:featuredmedia":[{"embeddable":true,"href":"https:\/\/www.europesays.com\/fr\/wp-json\/wp\/v2\/media\/57020"}],"wp:attachment":[{"href":"https:\/\/www.europesays.com\/fr\/wp-json\/wp\/v2\/media?parent=57019"}],"wp:term":[{"taxonomy":"category","embeddable":true,"href":"https:\/\/www.europesays.com\/fr\/wp-json\/wp\/v2\/categories?post=57019"},{"taxonomy":"post_tag","embeddable":true,"href":"https:\/\/www.europesays.com\/fr\/wp-json\/wp\/v2\/tags?post=57019"}],"curies":[{"name":"wp","href":"https:\/\/api.w.org\/{rel}","templated":true}]}}