{"id":570190,"date":"2025-12-01T04:06:21","date_gmt":"2025-12-01T04:06:21","guid":{"rendered":"https:\/\/www.europesays.com\/fr\/570190\/"},"modified":"2025-12-01T04:06:21","modified_gmt":"2025-12-01T04:06:21","slug":"des-fumigenes-lances-par-les-ultras-du-gf38-ont-endommage-la-piste-dathletisme-du-parc-des-sports-dannecy","status":"publish","type":"post","link":"https:\/\/www.europesays.com\/fr\/570190\/","title":{"rendered":"des fumig\u00e8nes lanc\u00e9s par les ultras du GF38 ont endommag\u00e9 la piste d&rsquo;athl\u00e9tisme du Parc des Sports d&rsquo;Annecy"},"content":{"rendered":"<p>Le <a href=\"https:\/\/www.foot-national.com\/coupe-de-france\/coupe-de-france-tous-les-resultats-du-huitieme-tour-931456\" target=\"_blank\" rel=\"noopener\">huiti\u00e8me tour<\/a> de la Coupe de France a \u00e9t\u00e9 marqu\u00e9 par un choc 100% Ligue 2 entre Annecy et le Grenoble Foot 38. <a href=\"https:\/\/www.foot-national.com\/coupe-de-france\/coupe-de-france-nancy-miracule-contre-sarreguemines-grenoble-renverse-annecy-931637\" target=\"_blank\" rel=\"noopener\">Les Grenoblois se sont impos\u00e9s (2-1)<\/a>, une victoire facilit\u00e9e par l&rsquo;expulsion rapide du haut-savoyard C\u00e9dric Makutungu d\u00e8s la quatorzi\u00e8me minute. Si le GF38 valide ainsi son billet pour les 32es de finale, le match a \u00e9t\u00e9 entach\u00e9 par des incidents en tribunes. Selon les informations du <a href=\"https:\/\/www.ledauphine.com\/sport\/2025\/11\/30\/fc-annecy-gf38-la-nouvelle-piste-d-athletisme-du-parc-des-sports-abimee-par-les-ultras-grenoblois?at_content=link&amp;at_term=LeDL_Grenoble&amp;at_campaign=Twitter&amp;at_medium=Social&amp;at_source=nonli\" target=\"_blank\" rel=\"noopener\">Dauphin\u00e9 Lib\u00e9r\u00e9<\/a>, les ultras du GF38 ont jet\u00e9 une vingtaine de fumig\u00e8nes, causant des d\u00e9g\u00e2ts importants \u00e0 la piste d\u2019athl\u00e9tisme flambant neuve du Parc des Sports, et exprimant par la m\u00eame occasion leur d\u00e9saccord avec la direction de leur club. La F\u00e9d\u00e9ration Fran\u00e7aise de Football (FFF), qui organise la comp\u00e9tition, pourrait d\u00e9sormais saisir sa commission de discipline pour statuer sur ces d\u00e9bordements.<\/p>\n<p><strong>Toutes les informations sur le tirage au sort des 32es de finale<\/strong><\/p>\n<p>Le tirage au sort des 32es de finale de la Coupe de France, qui marque l&rsquo;entr\u00e9e en lice des dix-huit clubs de Ligue 1 dont le Paris Saint-Germain (tenant du titre), sera effectu\u00e9 le lundi 1er d\u00e9cembre \u00e0 19h au Parc des Princes. L\u2019\u00e9v\u00e9nement sera diffus\u00e9 en direct sur beIN SPORTS. De nombreuses personnalit\u00e9s y participeront : l\u2019ancien buteur portugais du Paris SG et des Girondins de Bordeaux, Pedro Miguel Pauleta (vainqueur de la Coupe de France en 2004 et 2006), l\u2019ex-international Fr\u00e9d\u00e9ric Piquionne, la d\u00e9fenseure du Paris SG, Jade Le Guilly, Jimmy Gressier (champion du monde en titre du 10 000 m) et l\u2019ancienne handballeuse, Cl\u00e9op\u00e2tre Darleux (championne olympique en 2021).<\/p>\n<p>Partagez cette info avec vos amis et vos proches en cliquant ici<br \/>Pour r\u00e9sumer<\/p>\n<p>Le Grenoble Foot 38 a d\u00e9croch\u00e9 sa qualification pour les 32es de finale sur la pelouse du FC Annecy (2-0); Cependant, la f\u00eate a \u00e9t\u00e9 g\u00e2ch\u00e9e par de graves incidents en tribunes. Les ultras du GF38 ont manifest\u00e9 leur m\u00e9contentement envers la direction en jetant une vingtaine de fumig\u00e8nes, causant des d\u00e9g\u00e2ts sur la piste d&rsquo;athl\u00e9tisme du Parc des Sports.<\/p>\n<p> <img decoding=\"async\" width=\"76\" height=\"76\" loading=\"lazy\" src=\"https:\/\/static.wui.fr\/images_v3\/avatar-footnational.png\" alt=\"Aris Djennadi\"\/><\/p>\n","protected":false},"excerpt":{"rendered":"Le huiti\u00e8me tour de la Coupe de France a \u00e9t\u00e9 marqu\u00e9 par un choc 100% Ligue 2 entre&hellip;\n","protected":false},"author":2,"featured_media":570191,"comment_status":"","ping_status":"","sticky":false,"template":"","format":"standard","meta":{"footnotes":""},"categories":[9566],"tags":[1111,11,2430,61432,1777,674,1011,27,2731,12,25],"class_list":{"0":"post-570190","1":"post","2":"type-post","3":"status-publish","4":"format-standard","5":"has-post-thumbnail","7":"category-grenoble","8":"tag-actu","9":"tag-actualites","10":"tag-auvergne-rhone-alpes","11":"tag-coupes-coupe-de-france","12":"tag-eu","13":"tag-europe","14":"tag-fr","15":"tag-france","16":"tag-grenoble","17":"tag-news","18":"tag-republique-francaise"},"share_on_mastodon":{"url":"https:\/\/pubeurope.com\/@fr\/115642341395212332","error":""},"_links":{"self":[{"href":"https:\/\/www.europesays.com\/fr\/wp-json\/wp\/v2\/posts\/570190","targetHints":{"allow":["GET"]}}],"collection":[{"href":"https:\/\/www.europesays.com\/fr\/wp-json\/wp\/v2\/posts"}],"about":[{"href":"https:\/\/www.europesays.com\/fr\/wp-json\/wp\/v2\/types\/post"}],"author":[{"embeddable":true,"href":"https:\/\/www.europesays.com\/fr\/wp-json\/wp\/v2\/users\/2"}],"replies":[{"embeddable":true,"href":"https:\/\/www.europesays.com\/fr\/wp-json\/wp\/v2\/comments?post=570190"}],"version-history":[{"count":0,"href":"https:\/\/www.europesays.com\/fr\/wp-json\/wp\/v2\/posts\/570190\/revisions"}],"wp:featuredmedia":[{"embeddable":true,"href":"https:\/\/www.europesays.com\/fr\/wp-json\/wp\/v2\/media\/570191"}],"wp:attachment":[{"href":"https:\/\/www.europesays.com\/fr\/wp-json\/wp\/v2\/media?parent=570190"}],"wp:term":[{"taxonomy":"category","embeddable":true,"href":"https:\/\/www.europesays.com\/fr\/wp-json\/wp\/v2\/categories?post=570190"},{"taxonomy":"post_tag","embeddable":true,"href":"https:\/\/www.europesays.com\/fr\/wp-json\/wp\/v2\/tags?post=570190"}],"curies":[{"name":"wp","href":"https:\/\/api.w.org\/{rel}","templated":true}]}}