{"id":570194,"date":"2025-12-01T04:09:13","date_gmt":"2025-12-01T04:09:13","guid":{"rendered":"https:\/\/www.europesays.com\/fr\/570194\/"},"modified":"2025-12-01T04:09:13","modified_gmt":"2025-12-01T04:09:13","slug":"rennes-libertewatts-a-imagine-summit-jeudi-4-decembre","status":"publish","type":"post","link":"https:\/\/www.europesays.com\/fr\/570194\/","title":{"rendered":"RENNES : Libert\u00e9Watts \u00e0 Imagine Summit, jeudi 4 d\u00e9cembre"},"content":{"rendered":"<p style=\"text-align: left;\"><strong>10\u00e8me \u00e9dition d\u2019 Imagine Summit, o\u00f9 se rencontre une grande partie de l\u2019\u00e9cosyst\u00e8me de l\u2019innovation, le 4 d\u00e9cembre sur le th\u00e8me l\u2019innovation d\u00e9sirable.<\/strong><\/p>\n<p style=\"text-align: left;\">La startup rennaise porte un projet \u00e0 la crois\u00e9e de la technologie, de l\u2019\u00e9nergie et de l\u2019impact positif. En effet, Libert\u00e9Watts propose une solution concr\u00e8te et positive : une application mobile gratuite et ludique qui r\u00e9compense les Fran\u00e7ais lorsqu\u2019ils consomment aux meilleurs moments.<\/p>\n<p>Libert\u00e9Watts est une start-up fran\u00e7aise sp\u00e9cialis\u00e9e dans la flexibilit\u00e9 \u00e9lectrique, visant \u00e0 d\u00e9mocratiser une gestion intelligente de la consommation d\u2019\u00e9nergie chez les particuliers. Lanc\u00e9e en d\u00e9cembre 2024, l\u2019application Libert\u00e9Watts est gratuite, simple et ludique, et r\u00e9compense les Fran\u00e7ais quand ils consomment aux meilleurs moments. Les \u201cWattiens\u201d contribuent ainsi \u00e0 la stabilisation du r\u00e9seau \u00e9lectrique tout en effectuant des \u00e9conomies et en gagnant des r\u00e9compenses en bons d\u2019achat ou en euros sur l\u2019application.<\/p>\n<p style=\"text-align: left;\"><b>4 d\u00e9cembre 2025, de 9h \u00e0 18h<\/b><\/p>\n<p style=\"text-align: left;\" align=\"center\"><b>HALL 0<\/b><\/p>\n<p style=\"text-align: left;\" align=\"center\"><b>Couvent des Jacobins<\/b><\/p>\n<p style=\"text-align: left;\" align=\"center\"><b>20 place Sainte-Anne, Rennes<\/b><\/p>\n<p style=\"text-align: left;\"><a title=\"https:\/\/libertewatts.fr\/\" href=\"https:\/\/libertewatts.fr\/\" target=\"_blank\" rel=\"noopener noreferrer\" data-auth=\"NotApplicable\" data-linkindex=\"3\">https:\/\/libertewatts.fr\/<\/a><\/p>\n","protected":false},"excerpt":{"rendered":"10\u00e8me \u00e9dition d\u2019 Imagine Summit, o\u00f9 se rencontre une grande partie de l\u2019\u00e9cosyst\u00e8me de l\u2019innovation, le 4 d\u00e9cembre&hellip;\n","protected":false},"author":2,"featured_media":570195,"comment_status":"","ping_status":"","sticky":false,"template":"","format":"standard","meta":{"footnotes":""},"categories":[2821],"tags":[1111,11,829,1777,674,1011,27,12,584,25],"class_list":{"0":"post-570194","1":"post","2":"type-post","3":"status-publish","4":"format-standard","5":"has-post-thumbnail","7":"category-rennes","8":"tag-actu","9":"tag-actualites","10":"tag-bretagne","11":"tag-eu","12":"tag-europe","13":"tag-fr","14":"tag-france","15":"tag-news","16":"tag-rennes","17":"tag-republique-francaise"},"share_on_mastodon":{"url":"","error":""},"_links":{"self":[{"href":"https:\/\/www.europesays.com\/fr\/wp-json\/wp\/v2\/posts\/570194","targetHints":{"allow":["GET"]}}],"collection":[{"href":"https:\/\/www.europesays.com\/fr\/wp-json\/wp\/v2\/posts"}],"about":[{"href":"https:\/\/www.europesays.com\/fr\/wp-json\/wp\/v2\/types\/post"}],"author":[{"embeddable":true,"href":"https:\/\/www.europesays.com\/fr\/wp-json\/wp\/v2\/users\/2"}],"replies":[{"embeddable":true,"href":"https:\/\/www.europesays.com\/fr\/wp-json\/wp\/v2\/comments?post=570194"}],"version-history":[{"count":0,"href":"https:\/\/www.europesays.com\/fr\/wp-json\/wp\/v2\/posts\/570194\/revisions"}],"wp:featuredmedia":[{"embeddable":true,"href":"https:\/\/www.europesays.com\/fr\/wp-json\/wp\/v2\/media\/570195"}],"wp:attachment":[{"href":"https:\/\/www.europesays.com\/fr\/wp-json\/wp\/v2\/media?parent=570194"}],"wp:term":[{"taxonomy":"category","embeddable":true,"href":"https:\/\/www.europesays.com\/fr\/wp-json\/wp\/v2\/categories?post=570194"},{"taxonomy":"post_tag","embeddable":true,"href":"https:\/\/www.europesays.com\/fr\/wp-json\/wp\/v2\/tags?post=570194"}],"curies":[{"name":"wp","href":"https:\/\/api.w.org\/{rel}","templated":true}]}}