{"id":570198,"date":"2025-12-01T04:12:27","date_gmt":"2025-12-01T04:12:27","guid":{"rendered":"https:\/\/www.europesays.com\/fr\/570198\/"},"modified":"2025-12-01T04:12:27","modified_gmt":"2025-12-01T04:12:27","slug":"un-specialiste-de-lentree-de-surface-le-brestois-hugo-magnetti-auteur-dun-but-fantastique-et-dun","status":"publish","type":"post","link":"https:\/\/www.europesays.com\/fr\/570198\/","title":{"rendered":"\u00ab\u00a0Un sp\u00e9cialiste de l\u2019entr\u00e9e de surface\u00a0!\u00a0\u00bb\u00a0: le Brestois Hugo Magnetti auteur d\u2019un \u00ab\u00a0but fantastique\u00a0\u00bb\u2026 et d\u2019un \u00ab\u00a0match plein\u00a0\u00bb \u00e0 Strasbourg"},"content":{"rendered":"<p>Ligue 1 (14e journ\u00e9e). RC Strasbourg &#8211; Stade Brestois\u00a0: 1-2<\/p>\n<p>C\u2019est le genre de frappe qui fait taire un stade. Qui fait bondir les rempla\u00e7ants. \u00ab\u00a0Du banc, quand on a vu la balle partir, on savait qu\u2019il allait se passer quelque chose\u00a0\u00bb, a t\u00e9moign\u00e9 Brendan Chardonnet, <a href=\"https:\/\/www.letelegramme.fr\/sports\/football\/stade-brestois\/je-sentais-que-je-commencais-a-perdre-la-vision-brendan-chardonnet-explique-pourquoi-il-a-demande-a-sortir-lors-de-strasbourg-brest-6938344.php\" target=\"_blank\" rel=\"noopener\">sorti \u00e0 la mi-temps de ce Strasbourg-Brest, touch\u00e9 \u00e0 l\u2019\u0153il<\/a>. Mais le capitaine brestois y voyait suffisamment pour admirer le bijou propos\u00e9 par son vice-capitaine.<\/p>\n<p>Servi en retrait par Mama Bald\u00e9, Hugo Magnetti a sign\u00e9 une frappe pure, du cou-de-pied, qui a fus\u00e9 dans la lucarne droite de Mike Penders (1-2, 82\u2019). \u00ab\u00a0Je vois qu\u2019il centre, apr\u00e8s je ne me pose pas de questions, ce sont des frappes d\u2019instinct\u00a0\u00bb, a-t-il simplement d\u00e9crit, plut\u00f4t modeste, lui qui travaille souvent ce geste \u00e0 l\u2019entra\u00eenement. Ce but, qui a offert la victoire \u00e0 Brest, dimanche, est, selon Brendan Chardonnet, \u00ab\u00a0le plus beau\u00a0\u00bb du Proven\u00e7al\u00a0: \u00ab\u00a0Ce n\u2019est pas son premier, on sait que c\u2019est un sp\u00e9cialiste de l\u2019entr\u00e9e de surface\u00a0! Celui contre Sturm Graz, en Ligue des champions, \u00e9tait beau, beau dans le contexte. Celui-l\u00e0 est magnifique\u00a0!\u00a0\u00bb<\/p>\n<p>\u00ab\u00a0Contre Metz, j\u2019avais c\u00e9l\u00e9br\u00e9 un peu avant\u00a0\u00bb<\/p>\n<p>L\u2019adjectif est aussi choisi par Joris Chotard\u00a0: \u00ab\u00a0Franchement, magnifique. Il avait d\u00e9j\u00e0 tent\u00e9 cette frappe contre Metz, mais elle \u00e9tait moins en lucarne. Je l\u2019avais branch\u00e9 sur \u00e7a, je pense que \u00e7a l\u2019a vex\u00e9\u00a0!\u00a0\u00bb Contre Metz, surtout, Jonathan Fischer avait sign\u00e9 une parade incroyable. Qui a \u00ab\u00a0vaccin\u00e9\u00a0\u00bb Hugo Magnetti\u00a0: \u00ab\u00a0J\u2019avais c\u00e9l\u00e9br\u00e9 un peu avant et le goal l\u2019avait bien sortie. Cette fois, elle partait parfaitement bien, mais je n\u2019ai pas c\u00e9l\u00e9br\u00e9 avant\u00a0! J\u2019ai m\u00eame eu un peu de mal, j\u2019ai c\u00e9l\u00e9br\u00e9 \u00e0 demi-mot, en deux temps, car j\u2019avais peur que le ballon soit sorti en touche avant le centre.\u00a0\u00bb<\/p>\n<p><a href=\"https:\/\/www.letelegramme.fr\/sports\/football\/stade-brestois\/strasbourg-brest-le-resume-de-la-victoire-heureuse-des-brestois-en-alsace-6938273.php\" target=\"_blank\" rel=\"noopener\">L\u2019arbitre a rapidement valid\u00e9 le but.<\/a> \u00ab\u00a0Une reprise fantastique\u00a0\u00bb, pour \u00c9ric Roy. L\u2019entra\u00eeneur n\u2019a pas oubli\u00e9 de louer, aussi, \u00ab\u00a0le travail de Mama Bald\u00e9, qui s\u2019arrache pour pouvoir centrer.\u00a0\u00bb Et n\u2019a pas regrett\u00e9 son choix de titulariser Hugo Magnetti\u00a0: \u00ab\u00a0J\u2019ai h\u00e9sit\u00e9 parce qu\u2019il avait rat\u00e9 un entra\u00eenement et demi en raison d\u2019une g\u00eane \u00e0 l\u2019adducteur. On savait que le match allait \u00eatre \u00e2pre. Mais \u00e0 l\u2019arriv\u00e9e, il fait son meilleur match depuis le d\u00e9but de la saison\u00a0!\u00a0\u00bb<\/p>\n<p>Le natif de Marseille a \u00e9t\u00e9 dans tous les bons coups au milieu de terrain. Il a r\u00e9ussi 95\u00a0% de ses passes (41\/43). \u00ab\u00a0Je me suis tr\u00e8s bien senti, a-t-il d\u00e9crit. J\u2019aurais aim\u00e9 faire mieux en d\u00e9but de saison.\u00a0\u00bb Hugo Magnetti estime avoir sign\u00e9 \u00ab\u00a0un match plein\u00a0\u00bb. Personne ne le contredira.<\/p>\n","protected":false},"excerpt":{"rendered":"Ligue 1 (14e journ\u00e9e). RC Strasbourg &#8211; Stade Brestois\u00a0: 1-2 C\u2019est le genre de frappe qui fait taire&hellip;\n","protected":false},"author":2,"featured_media":570199,"comment_status":"","ping_status":"","sticky":false,"template":"","format":"standard","meta":{"footnotes":""},"categories":[2820],"tags":[1111,11,1777,674,63,1011,27,775,12,25,60,4449,640],"class_list":{"0":"post-570198","1":"post","2":"type-post","3":"status-publish","4":"format-standard","5":"has-post-thumbnail","7":"category-strasbourg","8":"tag-actu","9":"tag-actualites","10":"tag-eu","11":"tag-europe","12":"tag-football","13":"tag-fr","14":"tag-france","15":"tag-grand-est","16":"tag-news","17":"tag-republique-francaise","18":"tag-sports","19":"tag-stade-brestois","20":"tag-strasbourg"},"share_on_mastodon":{"url":"https:\/\/pubeurope.com\/@fr\/115642364274646423","error":""},"_links":{"self":[{"href":"https:\/\/www.europesays.com\/fr\/wp-json\/wp\/v2\/posts\/570198","targetHints":{"allow":["GET"]}}],"collection":[{"href":"https:\/\/www.europesays.com\/fr\/wp-json\/wp\/v2\/posts"}],"about":[{"href":"https:\/\/www.europesays.com\/fr\/wp-json\/wp\/v2\/types\/post"}],"author":[{"embeddable":true,"href":"https:\/\/www.europesays.com\/fr\/wp-json\/wp\/v2\/users\/2"}],"replies":[{"embeddable":true,"href":"https:\/\/www.europesays.com\/fr\/wp-json\/wp\/v2\/comments?post=570198"}],"version-history":[{"count":0,"href":"https:\/\/www.europesays.com\/fr\/wp-json\/wp\/v2\/posts\/570198\/revisions"}],"wp:featuredmedia":[{"embeddable":true,"href":"https:\/\/www.europesays.com\/fr\/wp-json\/wp\/v2\/media\/570199"}],"wp:attachment":[{"href":"https:\/\/www.europesays.com\/fr\/wp-json\/wp\/v2\/media?parent=570198"}],"wp:term":[{"taxonomy":"category","embeddable":true,"href":"https:\/\/www.europesays.com\/fr\/wp-json\/wp\/v2\/categories?post=570198"},{"taxonomy":"post_tag","embeddable":true,"href":"https:\/\/www.europesays.com\/fr\/wp-json\/wp\/v2\/tags?post=570198"}],"curies":[{"name":"wp","href":"https:\/\/api.w.org\/{rel}","templated":true}]}}