{"id":570206,"date":"2025-12-01T04:21:31","date_gmt":"2025-12-01T04:21:31","guid":{"rendered":"https:\/\/www.europesays.com\/fr\/570206\/"},"modified":"2025-12-01T04:21:31","modified_gmt":"2025-12-01T04:21:31","slug":"face-a-la-liste-unef-ue-pourquoi-voter-le-poing-leve-pour-des-elus-de-combat","status":"publish","type":"post","link":"https:\/\/www.europesays.com\/fr\/570206\/","title":{"rendered":"face \u00e0 la liste UNEF-UE, pourquoi voter Le Poing Lev\u00e9 pour des \u00e9lus de combat"},"content":{"rendered":"<p>Du 2 au 4 d\u00e9cembre, les \u00e9tudiant\u00b7e\u00b7s de l\u2019Universit\u00e9 de Bordeaux \u00e9liront leurs repr\u00e9sentant\u00b7e\u00b7s au CA et \u00e0 la CFVU, les conseils centraux de l\u2019universit\u00e9, qui d\u00e9terminent la politique de l\u2019\u00e9tablissement. M\u00eame si ces instances sont tr\u00e8s peu d\u00e9mocratiques, et que la pr\u00e9sidence tente de verrouiller les d\u00e9cisions essentielles \u2014 budget, maquettes, postes, r\u00e8gles d\u2019\u00e9valuation, restrictions des droits \u2014 les enjeux du scrutin sont particuli\u00e8rement importants pour les \u00e9tudiants, dans le contexte d\u2019aust\u00e9rit\u00e9 impos\u00e9e par le gouvernement et alors que le pr\u00e9sident de l\u2019Universit\u00e9 de Bordeaux a annonc\u00e9 un budget d\u00e9ficitaire de 8 millions d\u2019euros mena\u00e7ant de suppressions de postes, de fili\u00e8res et d\u2019antennes.<\/p>\n<p>L\u2019alliance UNEF\u2013UE\u00a0: une union de co-gestionnaires par d\u00e9pit et calcul d\u2019appareil<\/p>\n<p>C\u2019est la surprise de ces \u00e9lections\u00a0: l\u2019UE et l\u2019UNEF ont d\u00e9cid\u00e9 de pr\u00e9senter une liste commune pour le CA et l\u2019ensemble des CFVU, \u00e0 l\u2019exception de celle du campus de droit. Derri\u00e8re une liste intitul\u00e9e UNEF \u2013 Union \u00e9tudiante pour une universit\u00e9 accessible, d\u00e9mocratique, f\u00e9ministe et contre l\u2019extr\u00eame droite se cache en r\u00e9alit\u00e9 une alliance de d\u00e9pit, dict\u00e9e par des enjeux d\u2019appareil. Alors que ces deux organisations se livrent \u00e0 une guerre fratricide depuis plusieurs ann\u00e9es, tant localement que nationalement, cette alliance a de quoi surprendre. Elle n\u2019est d\u2019ailleurs jamais expliqu\u00e9e publiquement, avec une absence totale de communication, moins de deux jours avant le d\u00e9but des scrutins.<\/p>\n<p>Il faut dire que cette alliance semble difficile \u00e0 revendiquer. Le choix de l\u2019Union \u00c9tudiante de s\u2019allier \u00e0 l\u2019UNEF, alors m\u00eame qu\u2019elle s\u2019est construite explicitement contre elle, en constatant que le syndicat proche du PS avait perdu tout cr\u00e9dit aupr\u00e8s des \u00e9tudiants apr\u00e8s ses multiples trahisons, est pour le moins cocasse. Cette alliance de circonstance, motiv\u00e9e par l\u2019int\u00e9r\u00eat \u00e9lectoral, a surtout le m\u00e9rite de mettre en \u00e9vidence que les deux organisations portent en r\u00e9alit\u00e9 le m\u00eame projet pour l\u2019universit\u00e9, comme on a pu le constater localement \u00e0 Bordeaux ces deux derni\u00e8res ann\u00e9es.<\/p>\n<p>\u00c0 l\u2019Universit\u00e9 de Bordeaux, l\u2019effondrement de l\u2019UNEF semble sans fin depuis 2020. \u00c9ject\u00e9e du CA en 2023 \u2014 une premi\u00e8re dans l\u2019histoire de l\u2019UB\u00a0\u2014, l\u2019organisation n\u2019y a obtenu aucun \u00e9lu et ne s\u2019est maintenue qu\u2019\u00e0 la CFVU, avec un unique repr\u00e9sentant, qui n\u2019a finalement jamais si\u00e9g\u00e9. Cette ann\u00e9e encore, l\u2019UNEF ne parvient \u00e0 pr\u00e9senter une liste autonome que sur une seule CFVU, celle du campus DSPEG. Ce recul n\u2019a rien de surprenant\u00a0: il refl\u00e8te l\u2019absence totale d\u2019apport pour les \u00e9tudiants de l\u2019Universit\u00e9 de Bordeaux durant toutes les ann\u00e9es o\u00f9 l\u2019UNEF \u00e9tait la principale organisation de gauche, et plus largement le bilan d\u00e9sastreux du syndicat dans les facult\u00e9s bordelaises ces derni\u00e8res ann\u00e9es.<\/p>\n<p>\u00c0 ce titre, l\u2019activit\u00e9 de l\u2019UNEF \u00e0 Bordeaux Montaigne est particuli\u00e8rement r\u00e9v\u00e9latrice\u00a0: pendant plusieurs ann\u00e9es, elle a soutenu la pr\u00e9sidence de l\u2019universit\u00e9 et particip\u00e9 \u00e0 une v\u00e9ritable cogestion de la mis\u00e8re. L\u2019apog\u00e9e de cette logique a \u00e9t\u00e9 la fusion avec l\u2019organisation corporatiste \u00c9tudiant\u00b7es Bordeaux Montaigne. Mais surtout, l\u2019UNEF s\u2019est illustr\u00e9e par son soutien au pr\u00e9sident de l\u2019universit\u00e9 au moment m\u00eame o\u00f9 \u00e9clatait le mouvement contre la gestion catastrophique des VSS par la fac. L\u2019UNEF a alors d\u00e9velopp\u00e9 une position accusant les \u00e9tudiant\u00b7es mobilis\u00e9s \u00ab\u00a0d\u2019instrumentaliser\u00a0\u00bb les VSS, en reprenant totalement le r\u00e9cit mensonger de la pr\u00e9sidence. Ce discours a servi \u00e0 masquer une gestion opaque, marqu\u00e9e par des conflits d\u2019int\u00e9r\u00eats, et a offert \u00e0 la pr\u00e9sidence une caution \u00e9tudiante, qui n\u2019a n\u00e9anmoins pas \u00e9t\u00e9 suffisante car le mouvement a pu arracher des concessions importantes, comme l\u2019ind\u00e9pendance de la cellule de gestion des VSS.<\/p>\n<p>C\u2019est l\u00e0 un exemple parmi d\u2019autres de la position que l\u2019UNEF Bordeaux a constamment cherch\u00e9 \u00e0 occuper\u00a0: celle d\u2019interm\u00e9diaire et de relais des politiques des pr\u00e9sidences d\u2019universit\u00e9s aupr\u00e8s des \u00e9tudiant\u00b7es. La m\u00eame logique a pr\u00e9valu \u00e0 Sciences Po, notamment durant le mouvement contre le g\u00e9nocide en Palestine et les partenariats avec les entreprises complices. \u00c0 ce moment-l\u00e0, l\u2019UNEF n\u2019h\u00e9sitait pas \u00e0 court-circuiter les cadres d\u2019Assembl\u00e9e g\u00e9n\u00e9rale pour n\u00e9gocier directement avec la pr\u00e9sidence, \u00e0 prendre des d\u00e9cisions \u00e0 la place et au d\u00e9triment des \u00e9tudiant\u00b7es mobilis\u00e9s, et \u00e0 jouer un r\u00f4le actif dans la contention du mouvement. L\u2019UNEF servait alors d\u2019yeux et d\u2019oreilles \u00e0 la pr\u00e9sidence dans les espaces d\u2019auto-organisation, lui permettant d\u2019anticiper les actions et d\u2019organiser plus efficacement la r\u00e9pression.<\/p>\n<p>Un exemple plus r\u00e9cent se trouve \u00e0 l\u2019Universit\u00e9 de Bordeaux. Lors du premier Conseil de Vie de Campus \u00e0 Montesquieu en mars 2025, alors que l\u2019UNEF cherchait \u00e0 faire \u00e9lire l\u2019un des siens comme vice-pr\u00e9sident de campus, les \u00e9lus du Poing Lev\u00e9 ont questionn\u00e9 le syndicat sur leur position vis-\u00e0-vis du <a href=\"https:\/\/www.revolutionpermanente.fr\/Censure-des-libertes-d-expression-et-d-organisation-une-rentree-autoritaire-a-l-Universite-de\" target=\"_blank\" rel=\"noopener\">r\u00e8glement int\u00e9rieur, particuli\u00e8rement r\u00e9pressif \u00e0 l\u2019UB<\/a>. Sans complexe, l\u2019UNEF a cherch\u00e9 \u00e0 m\u00e9nager ses rapport avec la direction en se montrant totalement acritique du r\u00e8glement int\u00e9rieur, allant m\u00eame jusqu\u2019\u00e0 d\u00e9clarer qu\u2019il devait s\u2019appliquer quoi qu\u2019on en pense. C\u2019est donc avec cette organisation que l\u2019Union \u00c9tudiante a choisi de s\u2019allier.<\/p>\n<p>Dans cette logique, il n\u2019est pas surprenant de ne trouver aucune prise de position de leur part contre les offensives r\u00e9pressives en amont des \u00e9lections, notamment la plus r\u00e9cente\u00a0: <a href=\"https:\/\/www.revolutionpermanente.fr\/Interdiction-des-actions-de-propagande-l-Universite-de-Bordeaux-veut-empecher-de-faire-de-la\" target=\"_blank\" rel=\"noopener\">l\u2019interdiction des interventions en amphith\u00e9\u00e2tre durant les \u00e9lections<\/a>. Et si la liste UNEF-UE revendique une \u00ab\u00a0universit\u00e9 d\u00e9mocratique\u00a0\u00bb ou \u00ab\u00a0le retour des interventions en amphith\u00e9\u00e2tre\u00a0\u00bb, ces d\u00e9clarations \u2014 bien trop faibles face au contexte r\u00e9pressif de l\u2019UB \u2014 s\u2019inscrivent surtout dans une strat\u00e9gie de n\u00e9gociation avec la pr\u00e9sidence. Aussi, les deux organisations ont refus\u00e9 de construire une r\u00e9ponse unitaire \u00e0 cette attaque pendant les \u00e9lections, et ont d\u00e9clin\u00e9 l\u2019invitation \u00e0 une r\u00e9union commune initi\u00e9e par Le Poing Lev\u00e9. Un refus qui limite la lutte contre la politique r\u00e9pressive de la pr\u00e9sidence et facilite de fait sa mise en oeuvre.<\/p>\n<p>L\u2019union \u00e9tudiante \u00e0 l\u2019UB\u00a0: une coquille vide au service d\u2019interassos<\/p>\n<p>De son c\u00f4t\u00e9, l\u2019Union \u00c9tudiante conna\u00eet une dynamique diff\u00e9rente. En 2023, \u00e0 l\u2019Universit\u00e9 de Bordeaux, sans existence pr\u00e9alable, elle s\u2019\u00e9tait propuls\u00e9e \u00e0 la deuxi\u00e8me place des \u00e9lections avec 20\u00a0% des suffrages. Deux ans plus tard, le feu de la gloire s\u2019est \u00e9teint\u00a0: l\u2019UE est quasi-absente des campus de l\u2019UB et n\u2019est capable de pr\u00e9senter une liste totalement ind\u00e9pendante que sur un seul campus. A l\u2019approche de ces \u00e9lections, le bilan est sans appel\u00a0: ils n\u2019ont rien fait pour contrer la politique r\u00e9pressive et aust\u00e9ritaire de la pr\u00e9sidence, et pire encore, ont contribu\u00e9 \u00e0 renforcer Interassos.<\/p>\n<p>\u00c0 la CFVU, les comptes sont catastrophiques\u00a0: sur trois \u00e9lu\u00b7es, deux ont d\u00e9missionn\u00e9 d\u00e8s leur \u00e9lection, tandis que la t\u00eate de liste &#8211; \u00e9lue, donc, sous l\u2019\u00e9tiquette de l\u2019Union \u00c9tudiante &#8211; a fil\u00e9 rejoindre l\u2019organisation corporative associ\u00e9e \u00e0 la FAGE. Cette m\u00eame personne, \u00e9lue l\u2019an dernier pour Interassos au conseil du coll\u00e8ge DSPEG, se retrouve aujourd\u2019hui \u00e0 la t\u00eate de la surench\u00e8re r\u00e9pressive dans les conseils.<\/p>\n<p>Concr\u00e8tement, cet \u00e9lu de l\u2019UE en 2023 vote pour interdire les tours d\u2019amphith\u00e9\u00e2tre pendant les \u00e9lections et revendique fi\u00e8rement ses pratiques de d\u00e9lation \u2014 notamment contre Le Poing Lev\u00e9, d\u00e9nonc\u00e9 \u00e0 la pr\u00e9sidence par mail \u00e0 plusieurs reprises pour nos activit\u00e9s militantes sur le campus (tractages, tables, tours d\u2019amphith\u00e9\u00e2tre). Et cerise sur le g\u00e2teau\u00a0: ce m\u00eame \u00e9lu est aujourd\u2019hui pressenti pour devenir vice-pr\u00e9sident \u00e9tudiant. L\u2019ironie ne fait pas le poids\u00a0: alors que l\u2019Union \u00c9tudiante avait fait campagne en 2023 en critiquant le taux d\u2019absent\u00e9isme des autres organisations dans les conseils centraux, le sien, en deux ans, est \u00e9loquent\u00a0: un z\u00e9ro point\u00e9 de pr\u00e9sence en CFVU, et 50% de taux d\u2019absence en CA.<\/p>\n<p>La situation actuelle, qui pousse aujourd\u2019hui l\u2019Union \u00c9tudiante \u00e0 s\u2019allier sans le moindre principe politique avec l\u2019UNEF, n\u2019a en r\u00e9alit\u00e9 rien d\u2019un accident\u00a0: les deux organisations partagent la m\u00eame boussole strat\u00e9gique, qui vise \u00e0 privil\u00e9gier la n\u00e9gociation et l\u2019accompagnement des d\u00e9cisions des directions de facs, plut\u00f4t que construire le rapport de force n\u00e9cessaire pour d\u00e9fendre les droits des \u00e9tudiants. C\u2019est le cas notamment \u00e0 Rennes 2, Paris 1, mais aussi \u00e0 l\u2019Universit\u00e9 Bordeaux Montaigne, o\u00f9 l\u2019UE occupe la vice-pr\u00e9sidence \u00e9tudiante.<\/p>\n<p>Au moment o\u00f9 le budget Lecornu promet une v\u00e9ritable saign\u00e9e aust\u00e9ritaire dans les universit\u00e9s, avec un plan social d\u00e9guis\u00e9 qui devrait entra\u00eener pr\u00e8s de 8 000 suppressions de postes selon France Universit\u00e9, cette strat\u00e9gie m\u00e8ne \u00e9tudiants et personnels droit dans le mur.<\/p>\n<p>L\u2019exemple de Bordeaux Montaigne illustre l\u2019impasse de ce projet, qui conduit \u00e0 accompagner la gestion de la mis\u00e8re et l\u2019application de l\u2019aust\u00e9rit\u00e9 \u00e0 l\u2019universit\u00e9. Concr\u00e8tement, \u00e0 Bordeaux Montaigne, l\u2019Union \u00c9tudiante a soutenu l\u2019\u00e9lection de l\u2019actuel pr\u00e9sident, Alexandre Perrault, qui m\u00e8ne aujourd\u2019hui une politique r\u00e9pressive et aust\u00e9ritaire in\u00e9dite. Et quand il fallait approuver un budget d\u00e9ficitaire en 2024, l\u2019UE a vot\u00e9 pour. Quand la CFVU devait trancher sur la suppression de places en master, l\u2019UE s\u2019est \u2026 abstenue, ce qui a permis \u00e0 l\u2019attaque de passer.<\/p>\n<p>Lorsque l\u2019Universit\u00e9 Bordeaux Montaigne figurait parmi les \u00e9tablissements o\u00f9 la mobilisation contre l\u2019aust\u00e9rit\u00e9 \u00e9tait la plus forte au d\u00e9but de l\u2019ann\u00e9e 2025, cette ligne politique a conduit l\u2019UE \u00e0 \u00eatre totalement absente du mouvement, accompagnant de fait l\u2019application du budget aust\u00e9ritaire.<\/p>\n<p>Pour des \u00e9lus au service des luttes\u00a0: vote et fait voter pour Le Poing Lev\u00e9\u00a0! <\/p>\n<p>Cette logique partag\u00e9e par l\u2019UE et l\u2019Unef se traduit \u00e9galement dans leur \u00ab\u00a0programme commun de mesures concr\u00e8tes\u00a0\u00bb, qui avance une batterie de revendications minimales. En plus d\u2019\u00eatre largement consensuelles, ces propositions traduisent une adaptation aux reculs sociaux impos\u00e9s par le gouvernement. \u00c0 titre d\u2019exemple, une seule revendication touche r\u00e9ellement \u00e0 la question de la pr\u00e9carit\u00e9 \u00e9tudiante\u00a0: l\u2019instauration d\u2019un quota d\u2019impressions gratuites. Nous consid\u00e9rons que face \u00e0 l\u2019aust\u00e9rit\u00e9, \u00e0 la pr\u00e9carit\u00e9, il faut aller bien plus loin\u00a0: revendiquer le repas Crous \u00e0 1 \u20ac pour toutes et tous, un revenu \u00e9tudiant \u00e9quivalent au SMIC revaloris\u00e9 et financ\u00e9 par le patronat et les grandes fortunes, la r\u00e9quisition des logements vides, ainsi qu\u2019un plan massif d\u2019embauches de professeurs et de personnels afin d\u2019ouvrir des places \u00e0 la hauteur des besoins.<\/p>\n<p>Plus profond\u00e9ment, si nous pouvons partager plusieurs revendications \u2014 comme la r\u00e9instauration de la compensation entre les blocs de comp\u00e9tences, la garantie du droit au rattrapage, la fin des frais diff\u00e9renci\u00e9s pour les \u00e9tudiant\u00b7es \u00e9tranger\u00b7es ou encore l\u2019arr\u00eat des partenariats avec les entreprises impliqu\u00e9es dans le g\u00e9nocide en Palestine \u2014 nous avons en revanche une profonde divergence sur la mani\u00e8re de les obtenir. Alors que nous pensons que seule la mobilisation permettra d\u2019arracher ces concessions, l\u2019UE et l\u2019UNEF pr\u00e9tendent pouvoir tout obtenir par des votes dans les conseils, mettant sous le tapis leur caract\u00e8re profond\u00e9ment antid\u00e9mocratique.<\/p>\n<p>En ce sens, la liste UNEF-UE va ici jusqu\u2019\u00e0 affirmer que ce serait au travers de ces conseils et de leurs commissions \u00ab\u00a0que nous pouvons avoir un impact important pour le bien-\u00eatre des \u00e9tudiants\u00a0\u00bb. Une affirmation tout simplement fausse\u00a0: les conseils centraux offrent aux \u00e9lu\u00b7es \u00e9tudiant\u00b7es un poids marginal \u2014 6 \u00e9lu\u00b7es dans un conseil de 32 membres, o\u00f9 si\u00e8gent notamment 8 personnalit\u00e9s ext\u00e9rieures \u00e0 l\u2019universit\u00e9 comme Cdiscount ou Humarobotics \u2014 et la pr\u00e9sidence peut, \u00e0 sa guise, d\u00e9cider de mettre ou non \u00e0 l\u2019ordre du jour les points ou motions propos\u00e9s par les \u00e9lu\u00b7es du personnel ou les \u00e9tudiant\u00b7es. M\u00eame lorsque ces dernier\u00b7es parviennent \u00e0 obtenir des votes permettant de freiner certaines attaques, ces d\u00e9cisions peuvent ensuite \u00eatre invalid\u00e9es, notamment devant le tribunal administratif.<\/p>\n<p>Cette r\u00e9alit\u00e9 est d\u00e9cupl\u00e9e dans les universit\u00e9s fusionn\u00e9es, qui ont r\u00e9duit la part des repr\u00e9sentants \u00e9tudiants, renforc\u00e9 la r\u00e9pression et encore davantage limit\u00e9 les marges de man\u0153uvre pour n\u00e9gocier dans les bureaux des pr\u00e9sidences des am\u00e9liorations pour les \u00e9tudiants ou des att\u00e9nuations des attaques.<\/p>\n<p>De ce point de vue, il ne faut se faire aucune illusion sur la \u00ab\u00a0d\u00e9mocratie universitaire\u00a0\u00bb, d\u2019autant plus \u00e0 l\u2019UB, qui n\u2019h\u00e9site pas \u00e0 entraver l\u2019activit\u00e9 des organisations repr\u00e9sentatives des \u00e9tudiant\u00b7es. C\u2019est ce que nous affirmons au Poing Lev\u00e9\u00a0: notre participation aux \u00e9lections puis aux conseils centraux vise avant tout \u00e0 porter la voix des \u00e9tudiant\u00b7es et \u00e0 agir comme lanceurs d\u2019alerte lorsque la direction tente de faire passer ses r\u00e9formes \u00e0 l\u2019insu de tous. Nous consid\u00e9rons surtout que la force capable de faire face aux attaques du gouvernement et d\u2019arracher une universit\u00e9 v\u00e9ritablement ouverte se trouve avant tout dans la mobilisation du mouvement \u00e9tudiant et du monde du travail.<\/p>\n<p>C\u2019est dans ce sens  par exemple que nous avons impuls\u00e9 une p\u00e9tition unitaire contre les partenariats avec les entreprises complices du g\u00e9nocide en Palestine qui a recueilli aujourd\u2019hui plus de 1 800 signatures, ou que nous intervenons syst\u00e9matiquement dans les mobilisations, qu\u2019elles soient nationales ou locales, en poussant \u00e0 la mise en place de cadres d\u2019auto-organisation et d\u2019assembl\u00e9es g\u00e9n\u00e9rales. Ces espaces sont une cl\u00e9 pour d\u00e9cider des revendications, d\u00e9finir les modalit\u00e9s d\u2019action et constituer de v\u00e9ritables lieux de d\u00e9cision et de d\u00e9mocratie, o\u00f9 peut r\u00e9ellement se construire l\u2019unit\u00e9 des \u00e9tudiant\u00b7es et de leurs organisations.<\/p>\n<p>Cette logique s\u2019incarne \u00e0 Bordeaux notamment dans le comit\u00e9 d\u2019action contre l\u2019extr\u00eame droite, qui a permis d\u2019apporter une r\u00e9ponse \u00e0 la hauteur des provocations des groupuscules fascistes venus intimider les \u00e9tudiant\u00b7es, et de les faire concr\u00e8tement reculer. Ce comit\u00e9 a d\u00e9montr\u00e9 tout le potentiel de l\u2019auto-organisation et a pos\u00e9 les bases d\u2019un affrontement plus large contre les id\u00e9es de l\u2019extr\u00eame droite et les projets aust\u00e9ritaires du gouvernement. Un acquis pour le mouvement \u00e9tudiant bordelais qui est une d\u00e9monstration que la r\u00e9ponse unitaire contre l\u2019extr\u00eame droite notamment se trouve bien plus sur ce terrain, par en bas, qu\u2019au travers d\u2019alliances \u00e9lectorales par en haut. Ce n\u2019est donc pas non plus un hasard que cela ait entrain\u00e9 une dynamique plus profonde \u00e0 Bordeaux Montaigne o\u00f9, en 2024, le mouvement contre l\u2019aust\u00e9rit\u00e9 s\u2019est amplifi\u00e9, r\u00e9unissant jusqu\u2019\u00e0 2 000 personnes en assembl\u00e9e g\u00e9n\u00e9rale, ou encore durant le mouvement septembriste, o\u00f9 les \u00e9tudiant\u00b7es bordelais\u00b7es ont marqu\u00e9 les premi\u00e8res manifestations par leur pr\u00e9sence et leur vitalit\u00e9.<\/p>\n<p>Alors que la pr\u00e9sidence de l\u2019UB multiplie les fermetures de places, renforce la s\u00e9lection, et menace de couper toujours plus dans les budgets en envisageant m\u00eame des fermetures d\u2019antennes, ces victoires doivent nous inspirer. Pour arracher l\u2019ouverture de places \u00e0 la hauteur des demandes, la fin des partenariats avec les entreprises d\u2019armement et l\u2019instauration d\u2019un revenu \u00e9tudiant \u00e0 hauteur d\u2019un smic revaloris\u00e9, il faut miser centralement sur l\u2019auto-organisation et les m\u00e9thodes du mouvement \u00e9tudiant. Plus que jamais, alors que les classes dominantes sont d\u00e9termin\u00e9es \u00e0 en finir avec l\u2019universit\u00e9 publique et \u00e0 nous faire payer leurs crises et leurs guerres, alors que nous voyons chaque jour un peu plus la barbarie du capitalisme, vote, fais voter le Poing Lev\u00e9 du 2 au 4 d\u00e9cembre pour des \u00e9lus de combats, et organise-toi avec nous\u00a0!<\/p>\n","protected":false},"excerpt":{"rendered":"Du 2 au 4 d\u00e9cembre, les \u00e9tudiant\u00b7e\u00b7s de l\u2019Universit\u00e9 de Bordeaux \u00e9liront leurs repr\u00e9sentant\u00b7e\u00b7s au CA et \u00e0&hellip;\n","protected":false},"author":2,"featured_media":570207,"comment_status":"","ping_status":"","sticky":false,"template":"","format":"standard","meta":{"footnotes":""},"categories":[2817],"tags":[1111,11,1997,1777,674,1011,27,12,2219,25],"class_list":{"0":"post-570206","1":"post","2":"type-post","3":"status-publish","4":"format-standard","5":"has-post-thumbnail","7":"category-bordeaux","8":"tag-actu","9":"tag-actualites","10":"tag-bordeaux","11":"tag-eu","12":"tag-europe","13":"tag-fr","14":"tag-france","15":"tag-news","16":"tag-nouvelle-aquitaine","17":"tag-republique-francaise"},"share_on_mastodon":{"url":"https:\/\/pubeurope.com\/@fr\/115642399721392523","error":""},"_links":{"self":[{"href":"https:\/\/www.europesays.com\/fr\/wp-json\/wp\/v2\/posts\/570206","targetHints":{"allow":["GET"]}}],"collection":[{"href":"https:\/\/www.europesays.com\/fr\/wp-json\/wp\/v2\/posts"}],"about":[{"href":"https:\/\/www.europesays.com\/fr\/wp-json\/wp\/v2\/types\/post"}],"author":[{"embeddable":true,"href":"https:\/\/www.europesays.com\/fr\/wp-json\/wp\/v2\/users\/2"}],"replies":[{"embeddable":true,"href":"https:\/\/www.europesays.com\/fr\/wp-json\/wp\/v2\/comments?post=570206"}],"version-history":[{"count":0,"href":"https:\/\/www.europesays.com\/fr\/wp-json\/wp\/v2\/posts\/570206\/revisions"}],"wp:featuredmedia":[{"embeddable":true,"href":"https:\/\/www.europesays.com\/fr\/wp-json\/wp\/v2\/media\/570207"}],"wp:attachment":[{"href":"https:\/\/www.europesays.com\/fr\/wp-json\/wp\/v2\/media?parent=570206"}],"wp:term":[{"taxonomy":"category","embeddable":true,"href":"https:\/\/www.europesays.com\/fr\/wp-json\/wp\/v2\/categories?post=570206"},{"taxonomy":"post_tag","embeddable":true,"href":"https:\/\/www.europesays.com\/fr\/wp-json\/wp\/v2\/tags?post=570206"}],"curies":[{"name":"wp","href":"https:\/\/api.w.org\/{rel}","templated":true}]}}