{"id":57021,"date":"2025-04-27T14:38:12","date_gmt":"2025-04-27T14:38:12","guid":{"rendered":"https:\/\/www.europesays.com\/fr\/57021\/"},"modified":"2025-04-27T14:38:12","modified_gmt":"2025-04-27T14:38:12","slug":"isere-deux-manifestations-et-un-vide-greniers-pour-le-1er-mai","status":"publish","type":"post","link":"https:\/\/www.europesays.com\/fr\/57021\/","title":{"rendered":"Is\u00e8re. Deux manifestations et un vide-greniers pour le 1er mai"},"content":{"rendered":"<p>Est-ce que la traditionnelle manifestation du 1er \u00a0mai, dans le cadre de la F\u00eate du travail, va \u00eatre tr\u00e8s suivie par l\u2019ensemble de la population\u00a0? C\u2019est ce qu\u2019esp\u00e8rent les syndicats qui annoncent une forte mobilisation.<\/p>\n<p>En Nord-Is\u00e8re, ils se r\u00e9uniront \u00e0 l\u2019occasion de deux manifestations. La premi\u00e8re aura lieu \u00e0 Roussillon, devant le foyer Henri-Barbusse. Elle se conclura par un repas populaire. Quasiment au m\u00eame moment, un cort\u00e8ge s\u2019\u00e9lancera, aux environs de 10\u00a0heures de la place Saint-Michel \u00e0 Bourgoin-Jallieu. Enfin, \u00e0 Vienne, pas de manifestation, mais, toute la journ\u00e9e, un vide-greniers revendicatif sera organis\u00e9 sur le site de l\u2019Espace Saint-Germain.<\/p>\n<p>Dans un communiqu\u00e9 de presse, l\u2019union locale et la section retrait\u00e9s CGT de La Tour-du-Pin, qui manifestera \u00e0 Bourgoin-Jallieu, appelle \u00ab\u00a0les jeunes, les salari\u00e9s, les priv\u00e9s d\u2019emplois, les retrait\u00e9s, l\u2019ensemble de la population, \u00e0 participer massivement \u00e0 l\u2019appel des organisations syndicales du Nord Is\u00e8re CGT, FO, Solidaire, LDG, Conf\u00e9d\u00e9ration paysanne [\u2026].\u00a0Pour dire non \u00e0 la guerre, non \u00e0 l\u2019\u00e9conomie de guerre, non \u00e0 l\u2019aust\u00e9rit\u00e9. Et pour l\u2019augmentation des salaires, des minima sociaux, des pensions\u00a0\u00bb.<\/p>\n<p>Dans le reste du d\u00e9partement, des manifestations auront \u00e9galement lieu \u00e0 Grenoble (\u00e0 10\u00a0heures, anneau de vitesse) et Saint-Marcellin (\u00e0 10 heures, kiosque, place d\u2019Armes).<\/p>\n","protected":false},"excerpt":{"rendered":"Est-ce que la traditionnelle manifestation du 1er \u00a0mai, dans le cadre de la F\u00eate du travail, va \u00eatre&hellip;\n","protected":false},"author":2,"featured_media":57022,"comment_status":"","ping_status":"","sticky":false,"template":"","format":"standard","meta":{"footnotes":""},"categories":[9566],"tags":[1111,11,2430,12919,13047,9671,115,112,116,111,1777,674,1795,1011,27,2731,108,15281,12,25,15282,801],"class_list":{"0":"post-57021","1":"post","2":"type-post","3":"status-publish","4":"format-standard","5":"has-post-thumbnail","7":"category-grenoble","8":"tag-actu","9":"tag-actualites","10":"tag-auvergne-rhone-alpes","11":"tag-bourgoin-jallieu","12":"tag-bourgoin-jallieu-bassin","13":"tag-conflit-social","14":"tag-edition-bourgoin-jallieu-nord-dauphine","15":"tag-edition-grenoble-agglomeration","16":"tag-edition-la-tour-du-pin-nord-dauphine","17":"tag-edition-vienne-roussillon","18":"tag-eu","19":"tag-europe","20":"tag-fil-web","21":"tag-fr","22":"tag-france","23":"tag-grenoble","24":"tag-isere","25":"tag-la-tour-du-pin","26":"tag-news","27":"tag-republique-francaise","28":"tag-roussillon","29":"tag-social"},"share_on_mastodon":{"url":"https:\/\/pubeurope.com\/@fr\/114410442273169831","error":""},"_links":{"self":[{"href":"https:\/\/www.europesays.com\/fr\/wp-json\/wp\/v2\/posts\/57021","targetHints":{"allow":["GET"]}}],"collection":[{"href":"https:\/\/www.europesays.com\/fr\/wp-json\/wp\/v2\/posts"}],"about":[{"href":"https:\/\/www.europesays.com\/fr\/wp-json\/wp\/v2\/types\/post"}],"author":[{"embeddable":true,"href":"https:\/\/www.europesays.com\/fr\/wp-json\/wp\/v2\/users\/2"}],"replies":[{"embeddable":true,"href":"https:\/\/www.europesays.com\/fr\/wp-json\/wp\/v2\/comments?post=57021"}],"version-history":[{"count":0,"href":"https:\/\/www.europesays.com\/fr\/wp-json\/wp\/v2\/posts\/57021\/revisions"}],"wp:featuredmedia":[{"embeddable":true,"href":"https:\/\/www.europesays.com\/fr\/wp-json\/wp\/v2\/media\/57022"}],"wp:attachment":[{"href":"https:\/\/www.europesays.com\/fr\/wp-json\/wp\/v2\/media?parent=57021"}],"wp:term":[{"taxonomy":"category","embeddable":true,"href":"https:\/\/www.europesays.com\/fr\/wp-json\/wp\/v2\/categories?post=57021"},{"taxonomy":"post_tag","embeddable":true,"href":"https:\/\/www.europesays.com\/fr\/wp-json\/wp\/v2\/tags?post=57021"}],"curies":[{"name":"wp","href":"https:\/\/api.w.org\/{rel}","templated":true}]}}