{"id":570216,"date":"2025-12-01T04:26:27","date_gmt":"2025-12-01T04:26:27","guid":{"rendered":"https:\/\/www.europesays.com\/fr\/570216\/"},"modified":"2025-12-01T04:26:27","modified_gmt":"2025-12-01T04:26:27","slug":"le-chef-cyril-caurel-fait-le-pari-du-restaurant-gastronomique-casher","status":"publish","type":"post","link":"https:\/\/www.europesays.com\/fr\/570216\/","title":{"rendered":"le chef Cyril Caurel fait le pari du restaurant gastronomique casher"},"content":{"rendered":"<p>\u00c0 35\u00a0ans, Cyril Caurel a d\u00e9j\u00e0 pas mal balad\u00e9 ses couteaux dans quelques belles adresses de la haute gastronomie\u00a0: \u00e0 Paris au sein du groupe Bernard Loiseau ou chez <a href=\"https:\/\/www.laprovence.com\/article\/france-monde\/9333162908040215\/retrograde-par-le-michelin-guy-savoy-toujours-meilleur-chef-au-monde-pour-la-liste\" target=\"_blank\" rel=\"noopener\">Guy Savoy<\/a>, dans les cuisines du palace r\u00e9unionnais Le Palm ou encore chez deux des chefs les plus r\u00e9put\u00e9s de Tel-Aviv, en Isra\u00ebl, Meir Adoni et Eyal Shani.<\/p>\n<p>Mais apr\u00e8s ces ann\u00e9es d\u2019itin\u00e9rance, Cyril Caurel a eu envie de \u00ab\u00a0retrouver (ses) proches et (sa) ville\u00a0\u00bb. \u00c0 savoir <a href=\"https:\/\/www.laprovence.com\/bouches-du-rhone\/marseille-13055\" target=\"_blank\" rel=\"noopener\">Marseille,<\/a> l\u00e0 o\u00f9 il a grandi. Ce retour en terre natale s\u2019est d\u2019abord concr\u00e9tis\u00e9 par la cr\u00e9ation d\u2019un service de traiteur \u00e9v\u00e9nementiel casher, Maison Motek\u2019s.<\/p>\n<p>De d\u00e9cembre\u00a02025 \u00e0 f\u00e9vrier\u00a02026<\/p>\n<p>\u00ab\u00a0Mais l\u2019hiver est souvent une saison assez creuse en mati\u00e8re de commandes, ce qui m\u2019a donn\u00e9 envie, et aussi le temps, de r\u00e9fl\u00e9chir \u00e0 un autre projet qui me tenait \u00e0 c\u0153ur, explique le chef marseillais, cr\u00e9er un vrai restaurant gastronomique casher.\u00a0\u00bb<\/p>\n<p>Et ceci d\u2019autant plus qu\u2019une belle opportunit\u00e9 s\u2019est pr\u00e9sent\u00e9e \u00e0 lui\u00a0: investir la superbe bastide marseillaise du <a href=\"https:\/\/pavillonmonticelli.com\/\" target=\"_blank\" rel=\"noopener\">Pavillon Monticelli<\/a>, dans le 8e, lieu consacr\u00e9 \u00e0 l\u2019\u00e9v\u00e9nementiel \u00e0 deux pas du parc de Bagatelle. L\u2019id\u00e9e de <a href=\"https:\/\/blumabycyrilcaurel.mlkcreative.fr\/?utm_source=ig&amp;utm_medium=social&amp;utm_content=link_in_bio&amp;fbclid=PAZXh0bgNhZW0CMTEAc3J0YwZhcHBfaWQMMjU2MjgxMDQwNTU4AAGndvF0BJsWbzYjJWCQXitmqnzmE7gEbFWB8KJV5m9g_IjOPRRUyDbjIbTlMY8_aem_dgiy-LUpnJvxf-1_N3cmfQ\" target=\"_blank\" rel=\"noopener\">Bl\u00f9ma<\/a> \u00e9tait n\u00e9e, \u00e0 savoir un restaurant \u00e9ph\u00e9m\u00e8re qui ouvrira ses portes le mardi 2\u00a0d\u00e9cembre au soir et assure&#8230;<\/p>\n","protected":false},"excerpt":{"rendered":"\u00c0 35\u00a0ans, Cyril Caurel a d\u00e9j\u00e0 pas mal balad\u00e9 ses couteaux dans quelques belles adresses de la haute&hellip;\n","protected":false},"author":2,"featured_media":570217,"comment_status":"","ping_status":"","sticky":false,"template":"","format":"standard","meta":{"footnotes":""},"categories":[2814],"tags":[17,1111,11,68550,7818,6832,1777,674,21,1011,27,884,12,27425,882,16,25,1340],"class_list":{"0":"post-570216","1":"post","2":"type-post","3":"status-publish","4":"format-standard","5":"has-post-thumbnail","7":"category-marseille","8":"tag-17","9":"tag-actu","10":"tag-actualites","11":"tag-caurel","12":"tag-chef","13":"tag-cyril","14":"tag-eu","15":"tag-europe","16":"tag-fait","17":"tag-fr","18":"tag-france","19":"tag-marseille","20":"tag-news","21":"tag-pari","22":"tag-provence-alpes-cote-dazur","23":"tag-region","24":"tag-republique-francaise","25":"tag-restaurant"},"share_on_mastodon":{"url":"https:\/\/pubeurope.com\/@fr\/115642419423440253","error":""},"_links":{"self":[{"href":"https:\/\/www.europesays.com\/fr\/wp-json\/wp\/v2\/posts\/570216","targetHints":{"allow":["GET"]}}],"collection":[{"href":"https:\/\/www.europesays.com\/fr\/wp-json\/wp\/v2\/posts"}],"about":[{"href":"https:\/\/www.europesays.com\/fr\/wp-json\/wp\/v2\/types\/post"}],"author":[{"embeddable":true,"href":"https:\/\/www.europesays.com\/fr\/wp-json\/wp\/v2\/users\/2"}],"replies":[{"embeddable":true,"href":"https:\/\/www.europesays.com\/fr\/wp-json\/wp\/v2\/comments?post=570216"}],"version-history":[{"count":0,"href":"https:\/\/www.europesays.com\/fr\/wp-json\/wp\/v2\/posts\/570216\/revisions"}],"wp:featuredmedia":[{"embeddable":true,"href":"https:\/\/www.europesays.com\/fr\/wp-json\/wp\/v2\/media\/570217"}],"wp:attachment":[{"href":"https:\/\/www.europesays.com\/fr\/wp-json\/wp\/v2\/media?parent=570216"}],"wp:term":[{"taxonomy":"category","embeddable":true,"href":"https:\/\/www.europesays.com\/fr\/wp-json\/wp\/v2\/categories?post=570216"},{"taxonomy":"post_tag","embeddable":true,"href":"https:\/\/www.europesays.com\/fr\/wp-json\/wp\/v2\/tags?post=570216"}],"curies":[{"name":"wp","href":"https:\/\/api.w.org\/{rel}","templated":true}]}}