{"id":570220,"date":"2025-12-01T04:28:24","date_gmt":"2025-12-01T04:28:24","guid":{"rendered":"https:\/\/www.europesays.com\/fr\/570220\/"},"modified":"2025-12-01T04:28:24","modified_gmt":"2025-12-01T04:28:24","slug":"souris-en-herbe-la-premiere-creche-en-plein-air-a-lyon","status":"publish","type":"post","link":"https:\/\/www.europesays.com\/fr\/570220\/","title":{"rendered":"Souris en Herbe : la premi\u00e8re cr\u00e8che en plein air \u00e0 Lyon"},"content":{"rendered":"<p>Permettre \u00e0 tous les enfants un plein \u00e9veil int\u00e9gralement \u00e0 l\u2019ext\u00e9rieur, c\u2019est ce que promet la nouvelle cr\u00e8che du 3\u00e8me arrondissement de Lyon, \u00ab Souris en Herbe \u00bb. La toute premi\u00e8re de ce genre en France. Elle n\u2019est pas seulement en plein air, elle est aussi inclusive et permet \u00e0 des enfants en situation de handicap de s\u2019y rendre et de b\u00e9n\u00e9ficier de toute l\u2019attention dont ils ont besoin.<\/p>\n<p>C\u2019est un bel espace de 485 m2 qu\u2019a inaugur\u00e9 la <strong>Ville de Lyon<\/strong>, en plein milieu du <strong>parc Nelson Mandela<\/strong>. En compagnie de l\u2019association \u00ab <strong><a href=\"https:\/\/www.unesourisverte.org\/creche\/creche-souris-en-herbe\/\" target=\"_blank\" rel=\"noreferrer noopener\">Une Souris Verte<\/a><\/strong> \u00bb, association pr\u00f4nant l\u2019<strong>inclusion des enfants en situation de handicap<\/strong>. La<strong> cr\u00e8che Souris en Herbe<\/strong> a \u00e9t\u00e9 inaugur\u00e9e dans un froid glacial. Ce qui a mis en lumi\u00e8re le scepticisme des personnes pr\u00e9sentes quant \u00e0 la possibilit\u00e9 des enfants de s\u2019y plaire.<\/p>\n<p><img fetchpriority=\"high\" decoding=\"async\" width=\"1200\" height=\"675\" src=\"https:\/\/www.europesays.com\/fr\/wp-content\/uploads\/2025\/12\/Souris-Verte-jeux-pour-enfants.jpg\" alt=\"Souris Verte\" class=\"wp-image-252622\"  \/><\/p>\n<p>Les r\u00e9sidents des lieux \u00e9taient pourtant bien tous dehors \u00e0 l\u2019heure de la visite afin de profiter de cet <strong>espace ext\u00e9rieur de 285 m2<\/strong> proposant des <strong>jouets pens\u00e9s pour l\u2019\u00e9veil des plus jeunes<\/strong>. Nous avons pu ainsi rencontrer <strong>Soumiya<\/strong>, maman d\u2019une petite fille. Elle nous a expliqu\u00e9 ce qui l\u2019a convaincu : \u00ab Les \u00e9quipes sont g\u00e9niales, vraiment exceptionnelles, je vois que ma fille est contente d\u2019y aller et puis \u00e7a change des autres <strong>cr\u00e8ches<\/strong>, donc c\u2019est bien ! \u00bb<\/p>\n<p>Ecoutez le podcast<\/p>\n<p>Cr\u00e8che \u00ab\u00a0Souris en Herbe\u00a0\u00bb<\/p>\n<p>Cette notion de <strong>plein air<\/strong> se caract\u00e9rise par le fait que les enfants effectuent toutes les activit\u00e9s de <strong>la journ\u00e9e en ext\u00e9rieur<\/strong>. <strong>M\u00eame la sieste ou les repas<\/strong>. \u00ab\u00a0Souris en Herbe\u00a0\u00bb dispose d\u2019\u00e9quipements comme des combinaisons pour couvrir les enfants lors de l\u2019hiver. Et d\u2019un <strong>espace semi-int\u00e9rieur<\/strong> pour les accueillir lors de la <strong>sieste<\/strong>. Des<strong> duvets<\/strong> et des <strong>matelas<\/strong> les attendent\u2026 Un espace pens\u00e9 pour les garder <strong>en contact avec la nature<\/strong> lors du repos.<\/p>\n<p>Ecoutez aussi : <a href=\"https:\/\/www.lyondemain.fr\/la-colline-hebergement-femmes-isolees-enfants\/\" target=\"_blank\" rel=\"noreferrer noopener\">La Colline : un nouveau refuge pour les m\u00e8res isol\u00e9es avec enfants<\/a><\/p>\n<p>Tout faire en ext\u00e9rieur pour rester en contact avec la nature<\/p>\n<p>La directrice de la cr\u00e8che et psychomotricienne, <strong>Oph\u00e9lie Loeb<\/strong>, nous a d\u00e9taill\u00e9<strong> les activit\u00e9s et les \u00e9quipements<\/strong> dont dispose le lieu : \u00ab Les enfants en ext\u00e9rieur vont passer toute leur journ\u00e9e. Donc il va y avoir des <strong>moments de vie<\/strong>, je mange, je dors \u00e0 l\u2019ext\u00e9rieur, des <strong>moments de jeux<\/strong>, des <strong>moments d\u2019exploration<\/strong>\u2026 Grandir finalement tous ensemble dehors ! [\u2026] Pour affronter cet hiver, on a pr\u00e9vu de l\u2019\u00e9quipement \u00e0 la fois pour les enfants et les professionnels. <strong>Combinaison de ski<\/strong>, de <strong>pluie<\/strong>, <strong>cagoules<\/strong>, <strong>bonnets<\/strong>, <strong>bottes<\/strong>, <strong>sous-v\u00eatements thermiques<\/strong>. \u00bb<\/p>\n<p><img loading=\"lazy\" decoding=\"async\" width=\"1200\" height=\"675\" src=\"https:\/\/www.europesays.com\/fr\/wp-content\/uploads\/2025\/12\/Souris-Verte-espaces-exterieurs.jpg\" alt=\"espaces ext\u00e9rieurs\" class=\"wp-image-252621\"  \/><\/p>\n<p>Cette inauguration s\u2019est faite en la pr\u00e9sence de la <strong>Ville de Lyon<\/strong>, repr\u00e9sent\u00e9e par<strong> Steven Vasselin<\/strong>, adjoint \u00e0 la <strong>petite enfance<\/strong> du maire de Lyon. L\u2019\u00e9lu a soulign\u00e9 sa grande satisfaction de l\u2019ouverture de cette <strong>cr\u00e8che inspir\u00e9e des pays scandinaves<\/strong>. Mais la premi\u00e8re en France de ce genre. A l\u2019inverse de ce que l\u2019on pourrait penser, pas d\u2019am\u00e9nagements sp\u00e9ciaux pour les <strong>enfants en situation de handicap<\/strong> mais <strong>plus de personnel et une attention toute particuli\u00e8re<\/strong> \u00e0 leurs besoins.<\/p>\n<p>Gr\u00e2ce \u00e0 l\u2019association \u00ab <strong>Une Souris Verte<\/strong> \u00bb, un tiers des places de la cr\u00e8che sont r\u00e9serv\u00e9es \u00e0 des <strong>enfants aux besoins particuliers<\/strong>. Il a pu nous d\u00e9tailler quels \u00e9taient les bienfaits de cette <strong>cr\u00e8che en plein air<\/strong> pour les petits Lyonnais et petites Lyonnaises.<\/p>\n<p>Ecoutez aussi : <a href=\"https:\/\/www.lyondemain.fr\/les-enfants-de-boheme-parrainages-enfants\/\" target=\"_blank\" rel=\"noreferrer noopener\">Les Enfants de Boh\u00e8me : des liens durables pour enfants fragilis\u00e9s<\/a><\/p>\n<p><img loading=\"lazy\" decoding=\"async\" width=\"1200\" height=\"675\" src=\"https:\/\/www.europesays.com\/fr\/wp-content\/uploads\/2025\/12\/Souris-Verte-creche-exterieure.jpg\" alt=\"Souris Verte\" class=\"wp-image-252624\"  \/><\/p>\n<p>Sant\u00e9, sommeil, motricit\u00e9<\/p>\n<p>\u00ab Les bienfaits sont tr\u00e8s nombreux. Une<strong> meilleure sant\u00e9<\/strong>, une<strong> meilleure d\u00e9fense immunitaire<\/strong>. Mais aussi un <strong>meilleur sommeil<\/strong>. Le fait de dormir dehors am\u00e9liore le sommeil, cela a \u00e9t\u00e9 document\u00e9 et prouv\u00e9 par de nombreuses \u00e9tudes. [\u2026] Vous avez <strong>des enfants qui sont beaucoup plus apais\u00e9s<\/strong>. Par ricochet, <strong>des \u00e9quipes <\/strong>qui sont aussi <strong>beaucoup plus apais\u00e9es<\/strong>. [\u2026] Puis c\u2019est aussi des bienfaits en terme de <strong>motricit\u00e9<\/strong>, en terme de <strong>d\u00e9veloppement de l\u2019appr\u00e9hension fine<\/strong>. Le fait de manipuler tout un tas de textures diff\u00e9rentes. \u00bb<\/p>\n<p>Une <strong>cr\u00e8che inclusive de plein air<\/strong> au c\u0153ur de Lyon\u2026 Une innovation en France qui connait un certain succ\u00e8s. L\u2019\u00e9tablissement d\u2019une vingtaine de places fait le bonheur de ses petits r\u00e9sidents et est d\u00e9j\u00e0 au complet.\u00a0<\/p>\n<p>Ecoutez aussi : <a href=\"https:\/\/www.lyondemain.fr\/cours-ecoles-vegetalises-lyon-paul-bert\/\" target=\"_blank\" rel=\"noreferrer noopener\">A Lyon, les enfants s\u2019approprient les cours d\u2019\u00e9coles v\u00e9g\u00e9talis\u00e9es<\/a><\/p>\n<p><img loading=\"lazy\" decoding=\"async\" width=\"1200\" height=\"675\" src=\"https:\/\/www.europesays.com\/fr\/wp-content\/uploads\/2025\/12\/Souris-Verte-abri-pour-la-sieste.jpg\" alt=\"Souris Verte\" class=\"wp-image-252620\"  \/><br \/>\nJ\u2019aime \u00e7a\u00a0:<\/p>\n<p>J\u2019aime chargement\u2026<\/p>\n<p><a class=\"sd-link-color\"\/><\/p>\n<p>\n\tArticles similaires\n<\/p>\n<p>\t\t\t\t<img decoding=\"async\" src=\"https:\/\/www.europesays.com\/fr\/wp-content\/uploads\/2025\/12\/7866158698e17e8ed633c05e8f8e7fe5d9e057ad78661c4dc34e413abb6b9f19\" alt=\"G\u00e9rald Bouchon\"\/><\/p>\n<p>Pionnier des radios libres, passionn\u00e9 de radio, journaliste et dirigeant de m\u00e9dias \u00e9co-responsables..<\/p>\n","protected":false},"excerpt":{"rendered":"Permettre \u00e0 tous les enfants un plein \u00e9veil int\u00e9gralement \u00e0 l\u2019ext\u00e9rieur, c\u2019est ce que promet la nouvelle cr\u00e8che&hellip;\n","protected":false},"author":2,"featured_media":570221,"comment_status":"","ping_status":"","sticky":false,"template":"","format":"standard","meta":{"footnotes":""},"categories":[1889],"tags":[1111,11,2430,2695,68551,1719,1777,674,1011,27,1943,2428,2742,20327,12,45122,25,68552,68553,68554,3291],"class_list":{"0":"post-570220","1":"post","2":"type-post","3":"status-publish","4":"format-standard","5":"has-post-thumbnail","7":"category-lyon","8":"tag-actu","9":"tag-actualites","10":"tag-auvergne-rhone-alpes","11":"tag-creche","12":"tag-creche-en-plein-air","13":"tag-enfants","14":"tag-eu","15":"tag-europe","16":"tag-fr","17":"tag-france","18":"tag-handicap","19":"tag-lyon","20":"tag-nature","21":"tag-nature-en-ville","22":"tag-news","23":"tag-parc-mandela","24":"tag-republique-francaise","25":"tag-souris-en-herbe","26":"tag-steven-vasselin","27":"tag-une-souris-verte","28":"tag-ville-de-lyon"},"share_on_mastodon":{"url":"https:\/\/pubeurope.com\/@fr\/115642430192761101","error":""},"_links":{"self":[{"href":"https:\/\/www.europesays.com\/fr\/wp-json\/wp\/v2\/posts\/570220","targetHints":{"allow":["GET"]}}],"collection":[{"href":"https:\/\/www.europesays.com\/fr\/wp-json\/wp\/v2\/posts"}],"about":[{"href":"https:\/\/www.europesays.com\/fr\/wp-json\/wp\/v2\/types\/post"}],"author":[{"embeddable":true,"href":"https:\/\/www.europesays.com\/fr\/wp-json\/wp\/v2\/users\/2"}],"replies":[{"embeddable":true,"href":"https:\/\/www.europesays.com\/fr\/wp-json\/wp\/v2\/comments?post=570220"}],"version-history":[{"count":0,"href":"https:\/\/www.europesays.com\/fr\/wp-json\/wp\/v2\/posts\/570220\/revisions"}],"wp:featuredmedia":[{"embeddable":true,"href":"https:\/\/www.europesays.com\/fr\/wp-json\/wp\/v2\/media\/570221"}],"wp:attachment":[{"href":"https:\/\/www.europesays.com\/fr\/wp-json\/wp\/v2\/media?parent=570220"}],"wp:term":[{"taxonomy":"category","embeddable":true,"href":"https:\/\/www.europesays.com\/fr\/wp-json\/wp\/v2\/categories?post=570220"},{"taxonomy":"post_tag","embeddable":true,"href":"https:\/\/www.europesays.com\/fr\/wp-json\/wp\/v2\/tags?post=570220"}],"curies":[{"name":"wp","href":"https:\/\/api.w.org\/{rel}","templated":true}]}}