{"id":570224,"date":"2025-12-01T04:32:36","date_gmt":"2025-12-01T04:32:36","guid":{"rendered":"https:\/\/www.europesays.com\/fr\/570224\/"},"modified":"2025-12-01T04:32:36","modified_gmt":"2025-12-01T04:32:36","slug":"les-nouveaux-tarifs-prevus-pour-2026-en-ile-de-france","status":"publish","type":"post","link":"https:\/\/www.europesays.com\/fr\/570224\/","title":{"rendered":"les nouveaux tarifs pr\u00e9vus pour 2026 en \u00cele-de-France"},"content":{"rendered":"<p>Le prix du pass Navigo pourrait changer sensiblement d\u00e8s janvier 2026. Les documents soumis au vote du 10 d\u00e9cembre montrent des hausses cibl\u00e9es sur les tickets, les forfaits mensuels et les abonnements scolaires. <\/p>\n<p><strong>Prix Navigo 2026 : ce que pr\u00e9voit \u00cele-de-France Mobilit\u00e9s <\/strong><\/p>\n<p>Les donn\u00e9es tarifaires r\u00e9v\u00e8l\u00e9es par <a href=\"https:\/\/www.iledefrance-mobilites.fr\" target=\"_blank\" rel=\"noopener\">\u00cele-de-France Mobilit\u00e9s<\/a> (IDFM) offrent un aper\u00e7u pr\u00e9cis de ce que pourrait \u00eatre la grille tarifaire 2026. Le conseil d\u2019administration doit encore se prononcer, mais le document transmis aux \u00e9lus d\u00e9taille d\u00e9j\u00e0 l\u2019ampleur des ajustements envisag\u00e9s pour l\u2019ensemble des titres de transport. L\u2019autorit\u00e9 r\u00e9gionale explique dans son communiqu\u00e9 que l\u2019\u00e9volution propos\u00e9e s\u2019inscrit dans un dispositif destin\u00e9 \u00e0 encadrer les hausses. <\/p>\n<p>Elle indique ainsi qu\u2019\u00ab\u00a0<strong>une hausse tarifaire mod\u00e9r\u00e9e de 2,3%<\/strong>, conforme \u00e0 l\u2019inflation de +1%\u00a0\u00bb sera soumise au vote. En pratique, cette progression concernerait aussi bien les usagers r\u00e9guliers que les voyageurs occasionnels, qu\u2019ils utilisent un ticket unitaire, un abonnement Navigo Mois ou un pass scolaire.<\/p>\n<p>Concr\u00e8tement, voici les tarifs envisag\u00e9s pour 2026 :<\/p>\n<ul class=\"wp-block-list\">\n<li>Le ticket m\u00e9tro-train-RER passerait \u00e0\u00a0<strong>2,55 \u20ac<\/strong>\u00a0(et\u00a0<strong>1,30 \u20ac<\/strong>\u00a0en tarif r\u00e9duit)<\/li>\n<li> le ticket bus-tram atteindrait\u00a0<strong>2,05 \u20ac<\/strong>\u00a0(<strong>1,05 \u20ac<\/strong>\u00a0r\u00e9duit)<\/li>\n<li>pour les trajets via le service Navigo Libert\u00e9+, les montants propos\u00e9s seraient de\u00a0<strong>2,04 \u20ac<\/strong> pour le m\u00e9tro-train-RER (<strong>1,02 \u20ac r\u00e9duit<\/strong>) et\u00a0<strong>1,64 \u20ac<\/strong>\u00a0pour le bus-tram (<strong>0,82 \u20ac r\u00e9duit<\/strong>)<\/li>\n<\/ul>\n<p>Ces ajustements rappellent que le prix final d\u00e9pendra largement de la fr\u00e9quence d\u2019utilisation : un t\u00e9l\u00e9travailleur effectuant moins de trajets que la moyenne pourrait constater une hausse marginale, tandis qu\u2019un usager quotidien verrait l\u2019int\u00e9r\u00eat du forfait mensuel se renforcer.<\/p>\n<p><strong>Transports franciliens : une hausse qui refl\u00e8te l\u2019extension du r\u00e9seau<\/strong><\/p>\n<p>Au-del\u00e0 des montants, IDFM insiste sur le contexte qui justifie cette \u00e9volution. Le communiqu\u00e9 souligne que <strong>le r\u00e9seau s\u2019est consid\u00e9rablement \u00e9toff\u00e9 ces derni\u00e8res ann\u00e9es, avec de nouvelles lignes, des prolongements de m\u00e9tro et des modernisations de mat\u00e9riel roulant<\/strong>. On peut y lire que l\u2019extension du r\u00e9seau induit m\u00e9caniquement une hausse des d\u00e9penses d\u2019exploitation, ce qui impose une r\u00e9vision r\u00e9guli\u00e8re des recettes pour maintenir l\u2019\u00e9quilibre financier. L\u2019autorit\u00e9 explique \u00e0 ce titre que \u00ab\u00a0sans les contributions des collectivit\u00e9s et des entreprises, le vrai prix du passe Navigo serait de 280 \u20ac\u00a0\u00bb. Autrement dit, l\u2019utilisateur paie aujourd\u2019hui bien moins que le co\u00fbt r\u00e9el du service, m\u00eame apr\u00e8s revalorisation.<\/p>\n<p>Les forfaits 2026 pr\u00e9sent\u00e9s refl\u00e8tent cette logique. <\/p>\n<ul class=\"wp-block-list\">\n<li><strong>le Navigo Mois \u201ctoutes zones\u201d atteindrait\u00a090,80 \u20ac<\/strong>, ou\u00a045,40 \u20ac\u00a0en tarif r\u00e9duit. Le forfait annuel progresserait \u00e0\u00a0998,80 \u20ac, juste en-dessous du seuil symbolique des 1.000 \u20ac annuels<\/li>\n<li>les forfaits hebdomadaires seraient fix\u00e9s \u00e0\u00a032,40 \u20ac\u00a0(16,20 \u20ac\u00a0r\u00e9duit) <\/li>\n<li>le forfait Senior afficherait\u00a0544,80 \u20ac.<\/li>\n<li>les tarifs scolaires suivraient la m\u00eame logique :\u00a0<strong>393,30 \u20ac<\/strong>\u00a0pour un abonnement Imagine R (hors frais de dossier) et\u00a0<strong>17,20 \u20ac<\/strong>\u00a0pour la version Junior<\/li>\n<li>pour les touristes, les montants propos\u00e9s restent contenus :\u00a0<strong>14 \u20ac<\/strong>\u00a0pour un ticket a\u00e9roports (<strong>7 \u20ac<\/strong>\u00a0r\u00e9duit), et entre\u00a0<strong>30,60 \u20ac<\/strong>\u00a0et\u00a0<strong>78 \u20ac<\/strong>\u00a0pour Paris Visite, selon la dur\u00e9e choisie.<\/li>\n<\/ul>\n<p>Ces ajustements, s\u2019ils sont valid\u00e9s, modifieraient la structure du budget transport, mais la <strong>prise en charge employeur \u2014 entre 50% et 100% selon les entreprises \u2014 <\/strong>att\u00e9nuerait nettement l\u2019effet pour les salari\u00e9s. Les usagers occasionnels, de leur c\u00f4t\u00e9, devraient recalculer leur seuil de rentabilit\u00e9 entre ticket unitaire, Libert\u00e9+ et forfait mensuel. Enfin, les familles disposant d\u2019abonnements scolaires verraient leurs d\u00e9penses augmenter de mani\u00e8re mod\u00e9r\u00e9e mais significative.<\/p>\n<p><strong>Ce que ces prix pourraient impliquer pour les Franciliens<\/strong><\/p>\n<p>Concr\u00e8tement, les usagers r\u00e9guliers b\u00e9n\u00e9ficieraient d\u2019une hausse limit\u00e9e, d\u2019autant que <strong>le forfait mensuel ne progresserait que de 2 \u20ac<\/strong>. Pour ceux dont l\u2019employeur prend en charge la moiti\u00e9 du pass, l\u2019impact r\u00e9el serait d\u2019un euro par mois. Les voyageurs occasionnels, plus sensibles au prix unitaire du ticket, verraient en revanche le co\u00fbt d\u2019<strong>un trajet m\u00e9tro franchir le seuil des<\/strong>\u00a0<strong>2,50 \u20ac<\/strong>, ce qui pourrait encourager certains \u00e0 se tourner vers des solutions alternatives, comme le covoiturage subventionn\u00e9 par la R\u00e9gion.<\/p>\n<p><strong>Les jeunes restent relativement prot\u00e9g\u00e9s<\/strong> via les forfaits scolaires, m\u00eame si le prix d\u2019Imagine R continue de progresser l\u00e9g\u00e8rement chaque ann\u00e9e. Enfin, pour les publics modestes b\u00e9n\u00e9ficiant de tarifs r\u00e9duits \u2014 Solidaires ou Am\u00e9thyste \u2014 la grille propos\u00e9e maintient des \u00e9carts significatifs, avec des montants parfois divis\u00e9s par deux par rapport au tarif plein.<\/p>\n","protected":false},"excerpt":{"rendered":"Le prix du pass Navigo pourrait changer sensiblement d\u00e8s janvier 2026. Les documents soumis au vote du 10&hellip;\n","protected":false},"author":2,"featured_media":469567,"comment_status":"","ping_status":"","sticky":false,"template":"","format":"standard","meta":{"footnotes":""},"categories":[1592],"tags":[1111,11,1777,674,1011,27,662,12,626,25],"class_list":{"0":"post-570224","1":"post","2":"type-post","3":"status-publish","4":"format-standard","5":"has-post-thumbnail","7":"category-ile-de-france","8":"tag-actu","9":"tag-actualites","10":"tag-eu","11":"tag-europe","12":"tag-fr","13":"tag-france","14":"tag-ile-de-france","15":"tag-news","16":"tag-paris","17":"tag-republique-francaise"},"share_on_mastodon":{"url":"https:\/\/pubeurope.com\/@fr\/115642443136917412","error":""},"_links":{"self":[{"href":"https:\/\/www.europesays.com\/fr\/wp-json\/wp\/v2\/posts\/570224","targetHints":{"allow":["GET"]}}],"collection":[{"href":"https:\/\/www.europesays.com\/fr\/wp-json\/wp\/v2\/posts"}],"about":[{"href":"https:\/\/www.europesays.com\/fr\/wp-json\/wp\/v2\/types\/post"}],"author":[{"embeddable":true,"href":"https:\/\/www.europesays.com\/fr\/wp-json\/wp\/v2\/users\/2"}],"replies":[{"embeddable":true,"href":"https:\/\/www.europesays.com\/fr\/wp-json\/wp\/v2\/comments?post=570224"}],"version-history":[{"count":0,"href":"https:\/\/www.europesays.com\/fr\/wp-json\/wp\/v2\/posts\/570224\/revisions"}],"wp:featuredmedia":[{"embeddable":true,"href":"https:\/\/www.europesays.com\/fr\/wp-json\/wp\/v2\/media\/469567"}],"wp:attachment":[{"href":"https:\/\/www.europesays.com\/fr\/wp-json\/wp\/v2\/media?parent=570224"}],"wp:term":[{"taxonomy":"category","embeddable":true,"href":"https:\/\/www.europesays.com\/fr\/wp-json\/wp\/v2\/categories?post=570224"},{"taxonomy":"post_tag","embeddable":true,"href":"https:\/\/www.europesays.com\/fr\/wp-json\/wp\/v2\/tags?post=570224"}],"curies":[{"name":"wp","href":"https:\/\/api.w.org\/{rel}","templated":true}]}}