{"id":570225,"date":"2025-12-01T04:33:32","date_gmt":"2025-12-01T04:33:32","guid":{"rendered":"https:\/\/www.europesays.com\/fr\/570225\/"},"modified":"2025-12-01T04:33:32","modified_gmt":"2025-12-01T04:33:32","slug":"ce-nest-pas-un-fait-divers-cest-un-fait-de-societe-la-marche-blanche-pour-zaia-a-rassemble-plus-de-1-000-personnes","status":"publish","type":"post","link":"https:\/\/www.europesays.com\/fr\/570225\/","title":{"rendered":"\u00ab\u00a0Ce n&rsquo;est pas un fait divers, c&rsquo;est un fait de soci\u00e9t\u00e9\u00a0\u00bb, la marche blanche pour Za\u00efa a rassembl\u00e9 plus de 1 000 personnes"},"content":{"rendered":"<p class=\"article__intro\">Ce dimanche 30 novembre, une marche blanche \u00e9tait organis\u00e9e \u00e0 Cr\u00e9mieu (Is\u00e8re) en l\u2019honneur de Za\u00efa Binet. Plus de 1 000 personnes sont venues rendre hommage \u00e0 la jeune aide-soignante de 27 ans, retrouv\u00e9e dans une voiture en feu le 19 novembre dernier. Son compagnon a \u00e9t\u00e9 mis en examen et a avou\u00e9 lui avoir donn\u00e9 la mort.<\/p>\n<p>\n      La Quotidienne Soci\u00e9t\u00e9\n    <\/p>\n<p>\n      De la vie quotidienne aux grands enjeux, recevez tous les jours les sujets qui font la soci\u00e9t\u00e9 locale, comme la justice, l\u2019\u00e9ducation, la sant\u00e9 et la famille.\n    <\/p>\n<p>    France T\u00e9l\u00e9visions utilise votre adresse e-mail afin de vous envoyer la newsletter \u00ab\u00a0La Quotidienne Soci\u00e9t\u00e9\u00a0\u00bb. Vous pouvez vous d\u00e9sinscrire \u00e0 tout moment via le lien en bas de cette newsletter. <a target=\"_blank\" href=\"https:\/\/www.francetelevisions.fr\/groupe\/confidentialite\/politique-de-confidentialite\/politique-de-confidentialite-de-france-televisions-6503\" rel=\"noopener\">Notre politique de confidentialit\u00e9<\/a><\/p>\n<p>\u00ab\u00a0Tu as voulu \u00e9teindre sa lumi\u00e8re, sache qu\u2019elle brille en chacun de nous\u00a0\u00bb, \u00ab\u00a0justice pour Za\u00efa\u00a0\u00bb, pouvait-on lire sur les pancartes. Ce dimanche 30 novembre, une marche blanche \u00e9tait organis\u00e9e \u00e0 Cr\u00e9mieu en Is\u00e8re afin de rendre hommage \u00e0 Za\u00efa Binet.<\/p>\n<\/p>\n<p>La jeune femme \u00e2g\u00e9e de 27 ans, a \u00e9t\u00e9 retrouv\u00e9e dans une voiture en feu \u00e0 l\u2019\u00e9cart d\u2019une route d\u00e9partementale \u00e0 Saint-Marcel-Bel-Accueil en Is\u00e8re, le 19 novembre dernier. Son compagnon \u00e2g\u00e9 de 39 ans, <a href=\"https:\/\/france3-regions.franceinfo.fr\/auvergne-rhone-alpes\/isere\/grenoble\/corps-d-une-jeune-femme-retrouve-calcine-dans-une-voiture-en-isere-le-compagnon-de-la-victime-mis-en-examen-pour-homicide-volontaire-3253756.html\" target=\"_blank\" rel=\"noopener noreferrer nofollow\" data-tooltip-url=\"https:\/\/france3-regions.franceinfo.fr\/auvergne-rhone-alpes\/isere\/grenoble\/corps-d-une-jeune-femme-retrouve-calcine-dans-une-voiture-en-isere-le-compagnon-de-la-victime-mis-en-examen-pour-homicide-volontaire-3253756.html\">a \u00e9t\u00e9 mis en examen pour meurtre sur conjoint<\/a> et plac\u00e9 en d\u00e9tention provisoire dimanche 23 novembre. Il a reconnu lui avoir donn\u00e9 la mort.<\/p>\n<p>La disparition de Za\u00efa a provoqu\u00e9 l\u2019\u00e9moi, notamment <a href=\"http:\/\/france3-regions.franceinfo.fr\/auvergne-rhone-alpes\/isere\/bourgoin-jallieu\/feminicide-en-isere-c-est-un-etat-de-sideration-permanent-une-marche-blanche-organisee-pour-zaia-3253573.html?utm_term=Autofeed&amp;utm_medium=Social&amp;utm_source=Facebook&amp;fbclid=IwY2xjawOZVHxleHRuA2FlbQIxMABicmlkETBrSGphc0RoWUFQN3Z3S0xvc3J0YwZhcHBfaWQQMjIyMDM5MTc4ODIwMDg5MgABHsnHBkM0g3pJu19bjjftteJdqtOpqaIJloqHnMO0smRISQA3zVRachk5jmEP_aem_1H-p6Q28Tt37z0fnKoKMJw#Echobox=1763985794\" target=\"_blank\" rel=\"noopener noreferrer nofollow\" data-tooltip-url=\"\/auvergne-rhone-alpes\/isere\/bourgoin-jallieu\/feminicide-en-isere-c-est-un-etat-de-sideration-permanent-une-marche-blanche-organisee-pour-zaia-3253573.html?utm_term=Autofeed&amp;utm_medium=Social&amp;utm_source=Facebook&amp;fbclid=IwY2xjawOZVHxleHRuA2FlbQIxMABicmlkETBrSGphc0RoWUFQN3Z3S0xvc3J0YwZhcHBfaWQQMjIyMDM5MTc4ODIwMDg5MgABHsnHBkM0g3pJu19bjjftteJdqtOpqaIJloqHnMO0smRISQA3zVRachk5jmEP_aem_1H-p6Q28Tt37z0fnKoKMJw#Echobox=1763985794\">chez ses coll\u00e8gues de l\u2019Ehpad Jeanne de Chantal \u00e0 Cr\u00e9mieu<\/a>, o\u00f9 elle travaillait en tant qu\u2019aide-soignante. \u00ab\u00a0Le drame qui a co\u00fbt\u00e9 la vie \u00e0 notre coll\u00e8gue a plong\u00e9 l\u2019ensemble du personnel dans une douleur immense et un profond d\u00e9sarroi\u00a0\u00bb, a exprim\u00e9 la direction de l\u2019Ehpad \u00e0 travers un communiqu\u00e9 le 25 novembre dernier.<\/p>\n<\/p>\n<p>Famille, proches et coll\u00e8gues de Za\u00efa ont ainsi organis\u00e9 cette marche blanche afin \u00ab\u00a0que justice soit rendue\u00a0\u00bb. Elle a d\u00e9but\u00e9 \u00e0 15 h, devant la maison de retraite o\u00f9 Za\u00efa travaillait depuis 2020. Les organisateurs avaient appel\u00e9 les participants \u00e0 venir v\u00eatus de blanc, avec une touche de violet.<\/p>\n<p>\u00ab\u00a0J\u2019attendais ce moment avec impatience. Le fait d\u2019\u00eatre tous r\u00e9unis pour demander justice \u00e0 Za\u00efa et \u00e0 toutes ces femmes victimes de f\u00e9minicide, c\u2019\u00e9tait tr\u00e8s important\u00a0\u00bb, a r\u00e9agi Amandine Rosset, amie de longue date de Za\u00efa. \u00ab\u00a0C\u2019est tr\u00e8s dur pour nous tous, c\u2019\u00e9tait une femme tellement p\u00e9tillante avec la joie de vivre&#8230;\u00a0\u00bb<\/p>\n<p><a data-article-figure=\"\" href=\"https:\/\/france3-regions.franceinfo.fr\/image\/7-fIJh7kFgpUKMIzPmiKqTFDXm8\/1920x1080\/regions\/2025\/11\/30\/148-2011-00-00-01-11-692c83564d89a345840957.jpg\" data-pswp-width=\"1920\" data-pswp-height=\"1080\" target=\"_blank\" rel=\"noopener\"><\/p>\n<p>          <img width=\"600\" height=\"400\" class=\"article-image lazy\" data-src=\"https:\/\/www.europesays.com\/fr\/wp-content\/uploads\/2025\/12\/148-2011-00-00-01-11-692c83564d89a345840957.jpg\" alt=\"Plus de 1 000 personnes se sont rassembl\u00e9es pour demander &quot;justice pour Za\u00efa&quot;.\" fetchpriority=\"high\" as=\"image\"\/><\/p>\n<p>\n            Plus de 1 000 personnes se sont rassembl\u00e9es pour demander \u00ab\u00a0justice pour Za\u00efa\u00a0\u00bb.<br \/>\n                           \u2022<br \/>\n                                      \u00a9 FTV\n                      <\/p>\n<p><\/a><\/p>\n<p>\u00c9galement pr\u00e9sente \u00e0 la marche, la maire de Cr\u00e9mieu, Isabelle Flores. \u00ab\u00a0C\u2019\u00e9tait essentiel d\u2019\u00eatre l\u00e0 et de pr\u00e9parer cette marche blanche aux c\u00f4t\u00e9s de la famille et des soignants\u00a0\u00bb, a-t-elle d\u00e9clar\u00e9. \u00ab\u00a0D\u00e8s l\u2019annonce du d\u00e9c\u00e8s, la commune a \u00e9t\u00e9 sous le choc, les gens en ont beaucoup parl\u00e9, il y a eu un sentiment de col\u00e8re, de r\u00e9volte. Le d\u00e9c\u00e8s tragique de Za\u00efa n\u2019est pas un fait divers, c\u2019est un fait de soci\u00e9t\u00e9\u00a0\u00bb, a ajout\u00e9 la maire de la commune. Depuis le d\u00e9but de l&rsquo;ann\u00e9e, en France, 153 f\u00e9minicides ont \u00e9t\u00e9 recens\u00e9s, selon le collectif <a href=\"https:\/\/www.noustoutes.org\/comprendre-les-chiffres\/#decompte-feminicides\" target=\"_blank\" rel=\"noopener noreferrer nofollow\" data-tooltip-url=\"https:\/\/www.noustoutes.org\/comprendre-les-chiffres\/#decompte-feminicides\">NousToutes<\/a>.<\/p>\n<p>La marche blanche s\u2019est termin\u00e9e vers 16 h 30 devant la salle des f\u00eates de Cr\u00e9mieu. Celle-ci a rassembl\u00e9 plus de 1\u00a0000 personnes.<\/p>\n","protected":false},"excerpt":{"rendered":"Ce dimanche 30 novembre, une marche blanche \u00e9tait organis\u00e9e \u00e0 Cr\u00e9mieu (Is\u00e8re) en l\u2019honneur de Za\u00efa Binet. Plus&hellip;\n","protected":false},"author":2,"featured_media":570226,"comment_status":"","ping_status":"","sticky":false,"template":"","format":"standard","meta":{"footnotes":""},"categories":[1888],"tags":[1111,1928,11,1927,1777,674,1011,27,12,1926,626,1925,25],"class_list":{"0":"post-570225","1":"post","2":"type-post","3":"status-publish","4":"format-standard","5":"has-post-thumbnail","7":"category-paris","8":"tag-actu","9":"tag-actu-paris","10":"tag-actualites","11":"tag-actualites-paris","12":"tag-eu","13":"tag-europe","14":"tag-fr","15":"tag-france","16":"tag-news","17":"tag-news-paris","18":"tag-paris","19":"tag-paris-news","20":"tag-republique-francaise"},"share_on_mastodon":{"url":"https:\/\/pubeurope.com\/@fr\/115642446874041269","error":""},"_links":{"self":[{"href":"https:\/\/www.europesays.com\/fr\/wp-json\/wp\/v2\/posts\/570225","targetHints":{"allow":["GET"]}}],"collection":[{"href":"https:\/\/www.europesays.com\/fr\/wp-json\/wp\/v2\/posts"}],"about":[{"href":"https:\/\/www.europesays.com\/fr\/wp-json\/wp\/v2\/types\/post"}],"author":[{"embeddable":true,"href":"https:\/\/www.europesays.com\/fr\/wp-json\/wp\/v2\/users\/2"}],"replies":[{"embeddable":true,"href":"https:\/\/www.europesays.com\/fr\/wp-json\/wp\/v2\/comments?post=570225"}],"version-history":[{"count":0,"href":"https:\/\/www.europesays.com\/fr\/wp-json\/wp\/v2\/posts\/570225\/revisions"}],"wp:featuredmedia":[{"embeddable":true,"href":"https:\/\/www.europesays.com\/fr\/wp-json\/wp\/v2\/media\/570226"}],"wp:attachment":[{"href":"https:\/\/www.europesays.com\/fr\/wp-json\/wp\/v2\/media?parent=570225"}],"wp:term":[{"taxonomy":"category","embeddable":true,"href":"https:\/\/www.europesays.com\/fr\/wp-json\/wp\/v2\/categories?post=570225"},{"taxonomy":"post_tag","embeddable":true,"href":"https:\/\/www.europesays.com\/fr\/wp-json\/wp\/v2\/tags?post=570225"}],"curies":[{"name":"wp","href":"https:\/\/api.w.org\/{rel}","templated":true}]}}