{"id":570227,"date":"2025-12-01T04:34:46","date_gmt":"2025-12-01T04:34:46","guid":{"rendered":"https:\/\/www.europesays.com\/fr\/570227\/"},"modified":"2025-12-01T04:34:46","modified_gmt":"2025-12-01T04:34:46","slug":"paris-quelle-est-la-temperature-la-plus-basse-jamais-enregistree-dans-la-capitale","status":"publish","type":"post","link":"https:\/\/www.europesays.com\/fr\/570227\/","title":{"rendered":"Paris : quelle est la temp\u00e9rature la plus basse jamais enregistr\u00e9e dans la capitale ?"},"content":{"rendered":"<p>Paris est connue pour ses hivers parfois gris, mais rarement extr\u00eames. Pourtant, la capitale a d\u00e9j\u00e0 affront\u00e9 des froids intenses dignes des r\u00e9gions continentales. Retour sur la temp\u00e9rature la plus basse observ\u00e9e \u00e0 Paris, ce qu\u2019elle raconte du climat local et la fa\u00e7on dont le froid a \u00e9volu\u00e9 avec le changement climatique.<\/p>\n<p>                                            Le record historique de froid \u00e0 Paris<\/p>\n<p>Les archives m\u00e9t\u00e9orologiques indiquent que la <strong>temp\u00e9rature la plus basse jamais relev\u00e9e \u00e0 <\/strong><a href=\"https:\/\/www.meteocity.com\/france\/paris-v2988507\" target=\"_blank\" rel=\"noopener\"><strong>Paris<\/strong><\/a> est descendue jusqu\u2019\u00e0 pr\u00e8s de -24 \u00b0C, lors d\u2019un hiver extr\u00eame au XIX\u1d49 si\u00e8cle. Les mesures provenaient alors de la station historique de Montsouris, qui servait de r\u00e9f\u00e9rence nationale pour le climat urbain parisien.<\/p>\n<p>Ce record s\u2019inscrit dans le contexte d\u2019hivers beaucoup plus rigoureux que ceux que l\u2019on conna\u00eet aujourd\u2019hui. \u00c0 cette \u00e9poque, la Seine gelait partiellement certains hivers, au point de perturber le trafic fluvial et d\u2019impacter durablement la vie \u00e9conomique de la capitale.<\/p>\n<p>    Pourquoi fait-il parfois si froid \u00e0 Paris\u00a0?<\/p>\n<p>Pour atteindre de telles valeurs, plusieurs ingr\u00e9dients m\u00e9t\u00e9o doivent se combiner. Paris se situe en zone de climat temp\u00e9r\u00e9 oc\u00e9anique d\u00e9grad\u00e9, mais reste expos\u00e9e \u00e0 des incursions d\u2019air froid venues d\u2019Europe du Nord et de Russie.<\/p>\n<p>Les \u00e9pisodes les plus marqu\u00e9s r\u00e9sultent en g\u00e9n\u00e9ral de trois m\u00e9canismes principaux\u00a0:<\/p>\n<ul>\n<li><strong>Advection d\u2019air continental tr\u00e8s froid<\/strong>\u00a0: de puissants anticyclones positionn\u00e9s sur la Scandinavie ou la Russie poussent de l\u2019air glacial vers la <a href=\"https:\/\/www.meteocity.com\/france\/ile-de-france-r3012874\" target=\"_blank\" rel=\"noopener\">\u00cele-de-France<\/a>.<\/li>\n<li><strong>Ciel d\u00e9gag\u00e9 et vent faible<\/strong>\u00a0: la nuit, l\u2019absence de nuages permet au sol de rayonner sa chaleur vers l\u2019espace, ce qui acc\u00e9l\u00e8re le refroidissement de l\u2019air en surface.<\/li>\n<li><strong>Air sec et neige au sol<\/strong>\u00a0: la neige r\u00e9fl\u00e9chit une grande part du rayonnement solaire et limite le r\u00e9chauffement diurne, maintenant des temp\u00e9ratures minimales tr\u00e8s basses d\u2019un jour sur l\u2019autre.<\/li>\n<\/ul>\n<p>Quand ces facteurs se conjuguent plusieurs jours de suite, on parle de <strong>vague de froid<\/strong>. Les valeurs extr\u00eames sont alors souvent observ\u00e9es dans les quartiers les plus ouverts et les moins urbanis\u00e9s de la r\u00e9gion parisienne, o\u00f9 l\u2019\u00eelot de chaleur urbain est moins marqu\u00e9.<\/p>\n<p>    Les minima hivernaux \u00e0 Paris : de la gel\u00e9e l\u00e9g\u00e8re au froid extr\u00eame<\/p>\n<p>En climat actuel, on distingue plusieurs seuils de froid utiles pour comprendre le risque en ville\u00a0:<\/p>\n<ul>\n<li><strong>Gel l\u00e9ger<\/strong> : temp\u00e9ratures minimales comprises entre 0 \u00b0C et -3 \u00b0C, fr\u00e9quentes chaque hiver.<\/li>\n<li><strong>Gel mod\u00e9r\u00e9<\/strong> : de -3 \u00b0C \u00e0 -7 \u00b0C, touchant Paris lors des situations anticycloniques hivernales bien install\u00e9es.<\/li>\n<li><strong>Fortes gel\u00e9es<\/strong> : sous -10 \u00b0C, plus rares, mais toujours possibles lors des hivers les plus rigoureux.<\/li>\n<\/ul>\n<p>Sur une p\u00e9riode r\u00e9cente de r\u00e9f\u00e9rence, Paris enregistre g\u00e9n\u00e9ralement plusieurs dizaines de jours avec gel par an, mais seuls quelques jours descendent sous les -5 \u00b0C, et les valeurs inf\u00e9rieures \u00e0 -10 \u00b0C restent exceptionnelles.<\/p>\n<p>Paris, une ville moins froide que sa r\u00e9gion<\/p>\n<p>L\u2019urbanisation joue un r\u00f4le cl\u00e9. Le c\u0153ur de Paris b\u00e9n\u00e9ficie d\u2019un <strong>\u00eelot de chaleur urbain<\/strong>, li\u00e9 au b\u00e9ton, au trafic et \u00e0 la densit\u00e9 du b\u00e2ti. On observe souvent un \u00e9cart de 2 \u00e0 3 \u00b0C, parfois plus, entre le centre et la grande couronne.<\/p>\n<p>Lors des nuits les plus claires, certaines zones rurales au nord ou \u00e0 l\u2019est de l\u2019\u00cele-de-France peuvent afficher des valeurs de 3 \u00e0 5 \u00b0C plus basses que celles mesur\u00e9es au plus pr\u00e8s du centre de la capitale.<\/p>\n","protected":false},"excerpt":{"rendered":"Paris est connue pour ses hivers parfois gris, mais rarement extr\u00eames. Pourtant, la capitale a d\u00e9j\u00e0 affront\u00e9 des&hellip;\n","protected":false},"author":2,"featured_media":556379,"comment_status":"","ping_status":"","sticky":false,"template":"","format":"standard","meta":{"footnotes":""},"categories":[1888],"tags":[1111,1928,11,1927,1777,674,1011,27,12,1926,626,1925,25],"class_list":{"0":"post-570227","1":"post","2":"type-post","3":"status-publish","4":"format-standard","5":"has-post-thumbnail","7":"category-paris","8":"tag-actu","9":"tag-actu-paris","10":"tag-actualites","11":"tag-actualites-paris","12":"tag-eu","13":"tag-europe","14":"tag-fr","15":"tag-france","16":"tag-news","17":"tag-news-paris","18":"tag-paris","19":"tag-paris-news","20":"tag-republique-francaise"},"share_on_mastodon":{"url":"https:\/\/pubeurope.com\/@fr\/115642454711460951","error":""},"_links":{"self":[{"href":"https:\/\/www.europesays.com\/fr\/wp-json\/wp\/v2\/posts\/570227","targetHints":{"allow":["GET"]}}],"collection":[{"href":"https:\/\/www.europesays.com\/fr\/wp-json\/wp\/v2\/posts"}],"about":[{"href":"https:\/\/www.europesays.com\/fr\/wp-json\/wp\/v2\/types\/post"}],"author":[{"embeddable":true,"href":"https:\/\/www.europesays.com\/fr\/wp-json\/wp\/v2\/users\/2"}],"replies":[{"embeddable":true,"href":"https:\/\/www.europesays.com\/fr\/wp-json\/wp\/v2\/comments?post=570227"}],"version-history":[{"count":0,"href":"https:\/\/www.europesays.com\/fr\/wp-json\/wp\/v2\/posts\/570227\/revisions"}],"wp:featuredmedia":[{"embeddable":true,"href":"https:\/\/www.europesays.com\/fr\/wp-json\/wp\/v2\/media\/556379"}],"wp:attachment":[{"href":"https:\/\/www.europesays.com\/fr\/wp-json\/wp\/v2\/media?parent=570227"}],"wp:term":[{"taxonomy":"category","embeddable":true,"href":"https:\/\/www.europesays.com\/fr\/wp-json\/wp\/v2\/categories?post=570227"},{"taxonomy":"post_tag","embeddable":true,"href":"https:\/\/www.europesays.com\/fr\/wp-json\/wp\/v2\/tags?post=570227"}],"curies":[{"name":"wp","href":"https:\/\/api.w.org\/{rel}","templated":true}]}}