{"id":570232,"date":"2025-12-01T04:40:23","date_gmt":"2025-12-01T04:40:23","guid":{"rendered":"https:\/\/www.europesays.com\/fr\/570232\/"},"modified":"2025-12-01T04:40:23","modified_gmt":"2025-12-01T04:40:23","slug":"dans-la-baltique-comment-lotan-se-prepare-a-un-conflit-sous-marin-avec-la-russie","status":"publish","type":"post","link":"https:\/\/www.europesays.com\/fr\/570232\/","title":{"rendered":"Dans la Baltique, comment l\u2019Otan se pr\u00e9pare \u00e0 un conflit sous-marin avec la Russie"},"content":{"rendered":"\n<p>L\u2019\u00e9quipage de l\u2019U35 se met en rang d\u2019oignon sur le quai de Stadsgardkajen \u00e0 Stockholm avant d\u2019appareiller. Nous sommes le dimanche 9\u00a0novembre, juste apr\u00e8s le d\u00e9jeuner. Les marins saluent leur commandant d\u2019un \u201cGuten Tag, Herr Kapit\u00e4n\u00a0!\u201d [\u201cBonjour, capitaine\u00a0!\u201d]. L\u2019un d\u2019eux tire quelques derni\u00e8res bouff\u00e9es sur sa cigarette \u00e0 la h\u00e2te avant que l\u2019\u00e9quipage ne s\u2019enfonce dans les entrailles du sous-marin et que l\u2019\u00e9coutille ne se referme derri\u00e8re les marins.<\/p>\n<p>Trente membres d\u2019\u00e9quipage cohabitent dans le submersible de 56\u00a0m\u00e8tres de long. Deux douches, deux W.-C. Le moindre centim\u00e8tre carr\u00e9 a \u00e9t\u00e9 pens\u00e9. Les tubes lance-torpilles jouxtent le carr\u00e9 o\u00f9 les sous-mariniers se retrouvent pour manger leurs c\u00e9r\u00e9ales au petit-d\u00e9jeuner. Souvent, les matelas des banettes n\u2019ont pas le temps de refroidir, les marins dormant \u00e0 tour de r\u00f4le. Seul un rideau de quelques millim\u00e8tres d\u2019\u00e9paisseur leur procure un semblant d\u2019intimit\u00e9.<\/p>\n<p>\u201cJe porte toujours des boules Quies. Sinon, je n\u2019arriverais pas \u00e0 fermer l\u2019\u0153il\u201d, confesse Jonas, le second, qui ne souhaite pas que son nom de famille soit divulgu\u00e9. C\u2019est le num\u00e9ro\u00a0deux du bord, en dessous du commandant.<\/p>\n<p> Se terrer dans les profondeurs <\/p>\n<p>Une l\u00e9g\u00e8re vibration et un l\u00e9ger roulis se font sentir au d\u00e9marrage. Comme ses homologues su\u00e9dois, l\u2019U35 peut se d\u00e9placer au ralen<\/p>\n<p>  Offres sp\u00e9ciales  Pour lire la suite de cet article, abonnez-vous <\/p>\n<p class=\"paywall-text\">Acc\u00e9dez \u00e0\u00a0l\u2019int\u00e9gralit\u00e9 de\u00a0nos contenus sur le\u00a0site et\u00a0l\u2019application en\u00a0vous abonnant \u00e0\u00a0<strong>l\u2019offre sp\u00e9ciale.<\/strong><\/p>\n<p class=\"price\">D\u00e8s <strong>3,99\u00a0\u20ac<\/strong>\/mois<\/p>\n<p> Sans engagement \u2022 R\u00e9siliable en ligne                <\/p>\n<p class=\"article-authors\">                         <a href=\"https:\/\/www.courrierinternational.com\/auteur\/bo-torbjorn-ek\" target=\"_blank\" rel=\"noopener\">Bo Torbj\u00f6rn Ek <\/a>    <\/p>\n<p class=\"article-vo\"><a href=\"https:\/\/www.dn.se\/sverige\/har-forbereder-sig-nato-for-ubatskrig-i-ostersjon\/\" rel=\"noopener\" target=\"_blank\">Lire l\u2019article original<\/a><\/p>\n<p>Nos lecteurs ont lu\u00a0aussi<\/p>\n<p>Source de l\u2019article<\/p>\n<p>   <img decoding=\"async\" class=\"source-logo\" src=\"https:\/\/www.europesays.com\/fr\/wp-content\/uploads\/2025\/09\/39acab3_1643653833993-dagens-nyheter.jpg\"  alt=\"Logo\" loading=\"lazy\" width=\"32\" height=\"32\"\/>  Dagens Nyheter  (Stockholm)       <\/p>\n<p>Fond\u00e9 en 1864, c\u2019est le grand quotidien lib\u00e9ral du matin. Sa page\u00a06 est c\u00e9l\u00e8bre pour les grands d\u00e9bats d\u2019actualit\u00e9. \u201cLes Nouvelles du jour\u201d appartient au groupe Bonnier, le plus grand \u00e9diteur et propri\u00e9taire de journaux en Su\u00e8de. Le titre est pass\u00e9 en format tablo\u00efd en\u00a02004.<\/p>\n<p>Au milieu des ann\u00e9es 2010, le journal a fr\u00f4l\u00e9 le gouffre. Ses ventes papier avaient chut\u00e9 de pr\u00e8s de 120 000 exemplaires en 15 ans, et le titre ne comptait que 2 000 abonn\u00e9s num\u00e9riques. Il a su rebondir gr\u00e2ce \u00e0 une strat\u00e9gie offensive et innovante sur les r\u00e9seaux sociaux. Ses contenus n\u2019y sont pas disponibles, mais les journalistes ont \u00e9t\u00e9 encourag\u00e9s \u00e0 chercher id\u00e9es et histoires sur Instagram et Facebook, ainsi qu\u2019\u00e0 multiplier les interactions avec les lecteurs. En 2019, cette d\u00e9marche avait s\u00e9duit 160 000 abonn\u00e9s num\u00e9riques, quand 170 000 autres personnes avaient souscrit \u00e0 une abonnement combinant papier et\u00a0web.<\/p>\n<p>      <a href=\"https:\/\/www.courrierinternational.com\/notule-source\/dagens-nyheter\" class=\"source-link\" target=\"_blank\" rel=\"noopener\">Lire la suite<\/a>                 <\/p>\n<p>Nos services<\/p>\n","protected":false},"excerpt":{"rendered":"L\u2019\u00e9quipage de l\u2019U35 se met en rang d\u2019oignon sur le quai de Stadsgardkajen \u00e0 Stockholm avant d\u2019appareiller. Nous&hellip;\n","protected":false},"author":2,"featured_media":570233,"comment_status":"","ping_status":"","sticky":false,"template":"","format":"standard","meta":{"footnotes":""},"categories":[1591],"tags":[11,674,1887,1892,12,136,1885,1886,132,43747,51974],"class_list":{"0":"post-570232","1":"post","2":"type-post","3":"status-publish","4":"format-standard","5":"has-post-thumbnail","7":"category-russie","8":"tag-actualites","9":"tag-europe","10":"tag-federation-de-russie","11":"tag-gu00e9opolitique","12":"tag-news","13":"tag-otan","14":"tag-russia","15":"tag-russian-federation","16":"tag-russie","17":"tag-suu00e8de","18":"tag-tensions-russie-europe"},"share_on_mastodon":{"url":"https:\/\/pubeurope.com\/@fr\/115642475481962899","error":""},"_links":{"self":[{"href":"https:\/\/www.europesays.com\/fr\/wp-json\/wp\/v2\/posts\/570232","targetHints":{"allow":["GET"]}}],"collection":[{"href":"https:\/\/www.europesays.com\/fr\/wp-json\/wp\/v2\/posts"}],"about":[{"href":"https:\/\/www.europesays.com\/fr\/wp-json\/wp\/v2\/types\/post"}],"author":[{"embeddable":true,"href":"https:\/\/www.europesays.com\/fr\/wp-json\/wp\/v2\/users\/2"}],"replies":[{"embeddable":true,"href":"https:\/\/www.europesays.com\/fr\/wp-json\/wp\/v2\/comments?post=570232"}],"version-history":[{"count":0,"href":"https:\/\/www.europesays.com\/fr\/wp-json\/wp\/v2\/posts\/570232\/revisions"}],"wp:featuredmedia":[{"embeddable":true,"href":"https:\/\/www.europesays.com\/fr\/wp-json\/wp\/v2\/media\/570233"}],"wp:attachment":[{"href":"https:\/\/www.europesays.com\/fr\/wp-json\/wp\/v2\/media?parent=570232"}],"wp:term":[{"taxonomy":"category","embeddable":true,"href":"https:\/\/www.europesays.com\/fr\/wp-json\/wp\/v2\/categories?post=570232"},{"taxonomy":"post_tag","embeddable":true,"href":"https:\/\/www.europesays.com\/fr\/wp-json\/wp\/v2\/tags?post=570232"}],"curies":[{"name":"wp","href":"https:\/\/api.w.org\/{rel}","templated":true}]}}