{"id":570234,"date":"2025-12-01T04:41:16","date_gmt":"2025-12-01T04:41:16","guid":{"rendered":"https:\/\/www.europesays.com\/fr\/570234\/"},"modified":"2025-12-01T04:41:16","modified_gmt":"2025-12-01T04:41:16","slug":"lebauche-incertaine-dun-plan-de-paix-met-lukraine-face-a-une-equation-compliquee","status":"publish","type":"post","link":"https:\/\/www.europesays.com\/fr\/570234\/","title":{"rendered":"L\u2019\u00e9bauche incertaine d\u2019un \u00ab\u00a0plan de paix\u00a0\u00bb met l\u2019Ukraine face \u00e0 une \u00e9quation compliqu\u00e9e"},"content":{"rendered":"<p>                     <img loading=\"lazy\" decoding=\"async\" src=\"https:\/\/www.europesays.com\/fr\/wp-content\/uploads\/2025\/12\/77b3226_ftp-import-images-1-iqspyhblb01g-5563225-01-06.jpg\" alt=\"Le secr\u00e9taire d\u2019Etat am\u00e9ricain Marco Rubio (au centre \u00e0 gauche), avec l\u2019envoy\u00e9 sp\u00e9cial de Donald Trump, Steve Witkoff, et Jared Kushner, lors de la rencontre avec la d\u00e9l\u00e9gation ukrainienne men\u00e9e par Rustem Umerov (au centre \u00e0 droite), secr\u00e9taire du Conseil national de s\u00e9curit\u00e9 et de d\u00e9fense de l\u2019Ukraine, \u00e0 \u200b\u200bHallandale Beach (Floride), le 30\u00a0novembre\u00a02025.\"   width=\"664\" height=\"443\"\/>    Le secr\u00e9taire d\u2019Etat am\u00e9ricain Marco Rubio (au centre \u00e0 gauche), avec l\u2019envoy\u00e9 sp\u00e9cial de Donald Trump, Steve Witkoff, et Jared Kushner, lors de la rencontre avec la d\u00e9l\u00e9gation ukrainienne men\u00e9e par Rustem Umerov (au centre \u00e0 droite), secr\u00e9taire du Conseil national de s\u00e9curit\u00e9 et de d\u00e9fense de l\u2019Ukraine, \u00e0 \u200b\u200bHallandale Beach (Floride), le 30\u00a0novembre\u00a02025.  CHANDAN KHANNA \/ AFP                 <\/p>\n<p class=\"article__paragraph  \">M\u00eame silencieux, Steve Witkoff parle. Son corps, ses gestes, son regard fuyant disaient une forme d\u2019inconfort. L\u2019envoy\u00e9 sp\u00e9cial de Donald Trump a pris place, dimanche 30\u00a0novembre, autour d\u2019une table de travail \u00e0 Miami (Floride). Il \u00e9tait l\u2019un des repr\u00e9sentants des Etats-Unis recevant une d\u00e9l\u00e9gation ukrainienne pour discuter du nouveau \u00ab\u00a0plan de paix\u00a0\u00bb, \u00e9bauche encore incertaine, d\u00e9j\u00e0 sujette \u00e0 des corrections profondes apr\u00e8s des \u00e9changes avec les Europ\u00e9ens, en Suisse, une semaine plus t\u00f4t.<\/p>\n<p>                                   Lire aussi |  <a href=\"https:\/\/www.lemonde.fr\/international\/live\/2025\/12\/01\/en-direct-guerre-en-ukraine-donald-trump-estime-que-le-scandale-de-corruption-en-ukraine-n-aide-pas-les-negociations_6655415_3210.html\" class=\"js-article-read-also catcher--favoris__link\" data-premium=\"\" id=\"article-title-3448902\" target=\"_blank\" rel=\"noopener\">EN DIRECT, guerre en Ukraine\u00a0: Donald Trump estime que le scandale de corruption en Ukraine \u00ab\u00a0n\u2019aide pas\u00a0\u00bb les n\u00e9gociations<\/a>    <\/p>\n<p>   Lire plus tard  <\/p>\n<p class=\"article__paragraph  \">Serhiy Kyslytsya, le vice-ministre des affaires \u00e9trang\u00e8res ukrainien, se trouvait notamment face \u00e0 lui. Il a salu\u00e9, dans un message sur X, \u00ab\u00a0le grand leadership\u00a0\u00bb de Marco Rubio, le secr\u00e9taire d\u2019Etat am\u00e9ricain, ainsi que \u00ab\u00a0l\u2019attitude de Jared Kushner [gendre de Donald Trump] et la fa\u00e7on dont il pr\u00e9sente une vision\u00a0\u00bb. Le vice-ministre oubliait ainsi de citer le troisi\u00e8me Am\u00e9ricain, Steve Witkoff.<\/p>\n<p class=\"article__paragraph  \">Devant les cam\u00e9ras, c\u2019est Marco Rubio qui a pris la parole. Sa pr\u00e9sence demeure un rien rassurante pour ceux qui refusent encore de croire \u00e0 un possible abandon de l\u2019Ukraine par Washington ou bien \u00e0 un dessein cach\u00e9\u00a0: une capitulation impos\u00e9e pour mieux se repa\u00eetre d\u2019accords commerciaux avec la Russie. L\u2019objectif n\u2019est pas seulement un arr\u00eat des combats, a soulign\u00e9 Marco Rubio, \u00ab\u00a0mais c\u2019est aussi s\u2019assurer d\u2019une fin de la guerre qui laisserait l\u2019Ukraine souveraine et ind\u00e9pendante, et avec une chance d\u2019avoir une vraie prosp\u00e9rit\u00e9\u00a0\u00bb.<\/p>\n<p class=\"reading-mode-only \"><strong>Il vous reste 85.06% de cet article \u00e0 lire. La suite est r\u00e9serv\u00e9e aux abonn\u00e9s.<\/strong><\/p>\n","protected":false},"excerpt":{"rendered":"Le secr\u00e9taire d\u2019Etat am\u00e9ricain Marco Rubio (au centre \u00e0 gauche), avec l\u2019envoy\u00e9 sp\u00e9cial de Donald Trump, Steve Witkoff,&hellip;\n","protected":false},"author":2,"featured_media":570235,"comment_status":"","ping_status":"","sticky":false,"template":"","format":"standard","meta":{"footnotes":""},"categories":[1590],"tags":[11,1777,674,12,220],"class_list":{"0":"post-570234","1":"post","2":"type-post","3":"status-publish","4":"format-standard","5":"has-post-thumbnail","7":"category-ukraine","8":"tag-actualites","9":"tag-eu","10":"tag-europe","11":"tag-news","12":"tag-ukraine"},"share_on_mastodon":{"url":"https:\/\/pubeurope.com\/@fr\/115642478717767380","error":""},"_links":{"self":[{"href":"https:\/\/www.europesays.com\/fr\/wp-json\/wp\/v2\/posts\/570234","targetHints":{"allow":["GET"]}}],"collection":[{"href":"https:\/\/www.europesays.com\/fr\/wp-json\/wp\/v2\/posts"}],"about":[{"href":"https:\/\/www.europesays.com\/fr\/wp-json\/wp\/v2\/types\/post"}],"author":[{"embeddable":true,"href":"https:\/\/www.europesays.com\/fr\/wp-json\/wp\/v2\/users\/2"}],"replies":[{"embeddable":true,"href":"https:\/\/www.europesays.com\/fr\/wp-json\/wp\/v2\/comments?post=570234"}],"version-history":[{"count":0,"href":"https:\/\/www.europesays.com\/fr\/wp-json\/wp\/v2\/posts\/570234\/revisions"}],"wp:featuredmedia":[{"embeddable":true,"href":"https:\/\/www.europesays.com\/fr\/wp-json\/wp\/v2\/media\/570235"}],"wp:attachment":[{"href":"https:\/\/www.europesays.com\/fr\/wp-json\/wp\/v2\/media?parent=570234"}],"wp:term":[{"taxonomy":"category","embeddable":true,"href":"https:\/\/www.europesays.com\/fr\/wp-json\/wp\/v2\/categories?post=570234"},{"taxonomy":"post_tag","embeddable":true,"href":"https:\/\/www.europesays.com\/fr\/wp-json\/wp\/v2\/tags?post=570234"}],"curies":[{"name":"wp","href":"https:\/\/api.w.org\/{rel}","templated":true}]}}