{"id":57024,"date":"2025-04-27T14:40:33","date_gmt":"2025-04-27T14:40:33","guid":{"rendered":"https:\/\/www.europesays.com\/fr\/57024\/"},"modified":"2025-04-27T14:40:33","modified_gmt":"2025-04-27T14:40:33","slug":"les-impots-locaux-vont-ils-augmenter-dans-cette-commune","status":"publish","type":"post","link":"https:\/\/www.europesays.com\/fr\/57024\/","title":{"rendered":"les imp\u00f4ts locaux vont-ils augmenter dans cette commune\u00a0?"},"content":{"rendered":"<p>            Par<br \/>\n        <strong><br \/>\n            <a href=\"https:\/\/actu.fr\/auteur\/redaction-jv\" title=\"Consulter tous les articles de R\u00e9daction Vitr\u00e9\" target=\"_blank\" rel=\"noopener\">R\u00e9daction Vitr\u00e9<\/a><br \/>\n        <\/strong><\/p>\n<p>        Publi\u00e9 le<\/p>\n<p>            24 avr. 2025 \u00e0 7h10        <\/p>\n<p>Le <b>conseil municipal de Corps-Nuds<\/b> (Ille-et-Vilaine) s\u2019est r\u00e9uni pour adopter le budget<b> 2025<\/b>, le dernier de la mandature.<\/p>\n<p class=\" wall-content\">\u00ab Encore une fois, nous devons composer pour compenser <b>les augmentations de charges impos\u00e9es par l\u2019\u00c9tat<\/b> \u00bb, explique <b>Alain Prigent<\/b>, maire, qui ne se repr\u00e9sentera pas pour un nouveau mandat.<\/p>\n<p class=\" wall-content\">La hausse massive de trois points par an pendant quatre ans des cotisations CNRACL concernant le personnel communal, va d\u00e9grader durablement la capacit\u00e9 d\u2019autofinancement de la commune. \u00ab Ce n\u2019est pas rien \u00bb !<\/p>\n<p>Pas d\u2019augmentation vu le prix du gaz<\/p>\n<p class=\" wall-content\">\u00c0 cela s\u2019ajoute une d\u00e9pense qui reste importante au niveau des fluides : \u00e9lectricit\u00e9 et gaz malgr\u00e9 les baisses annonc\u00e9es. \u00ab En ce d\u00e9but d\u2019ann\u00e9e, le <b>prix du gaz<\/b> continue \u00e0 augmenter malgr\u00e9 des annonces rassurantes de la fin de l\u2019ann\u00e9e 2024 \u00bb.<\/p>\n<p class=\" wall-content\">Concernant les recettes de fonctionnement, l\u2019augmentation n\u2019est pas \u00e0 la hauteur des charges impos\u00e9es.<\/p>\n<p>Vid\u00e9os : en ce moment sur Actu<\/p>\n<p class=\" wall-content\">\u00ab Les dotations stagnent et des baisses sont m\u00eame \u00e0 craindre. Pour pr\u00e9server l\u2019avenir, et en attendant que la situation nationale se stabilise, nous avons d\u00fb faire des choix \u00bb.<\/p>\n<p class=\" wall-content\">Le premier est que la municipalit\u00e9 n\u2019a pas souhait\u00e9 augmenter les <b>taux d\u2019imp\u00f4ts locaux<\/b>, car cette p\u00e9riode d\u2019incertitude p\u00e8se \u00e9galement sur les finances des m\u00e9nages, des familles et de retrait\u00e9s.<\/p>\n<p>Taxes fonci\u00e8res<\/p>\n<p class=\" wall-content\">Le taux de la taxe fonci\u00e8re sur les propri\u00e9t\u00e9s b\u00e2ties demeure \u00e0 41,49 %, celui de la taxe fonci\u00e8re sur les propri\u00e9t\u00e9s non b\u00e2ties \u00e0 44,92 % et la taxe d\u2019habitation pour les r\u00e9sidences secondaires \u00e0 16,22 %.<\/p>\n<p class=\" wall-content\">Le second est de maintenir le soutien aux deux \u00e9coles de la commune, aux associations dont la MJC pour <b>75 000\u00a0euros<\/b>, et aux syndicats intercommunaux : PAE, Suet, Piscine de la Contrie de Chartres-de-Bretagne dont la participation communale est fortement impact\u00e9e.<\/p>\n<p class=\" wall-content\">Elle passe de 25 283\u00a0euros en 2024 \u00e0 41 527\u00a0euros en 2025. La commune avec le CCAS apporte un soutien particulier \u00e0 la cr\u00e8che multi \u2013 accueil La Girafe avec une augmentation de la subvention afin de lui permettre d\u2019\u00e9quilibrer son budget.<\/p>\n<p class=\" wall-content\">Le montant de la subvention s\u2019\u00e9l\u00e8vera \u00e0 <b>28 000\u00a0euros<\/b> pour la commune contre 18 000\u00a0euros en 2024 et 5 000\u00a0euros du CCAS contre 1 800\u00a0euros en 2024.<\/p>\n<p>Des choix \u00e0 faire<\/p>\n<p class=\" wall-content\">Pour r\u00e9duire les charges concernant les aides \u00e0 l\u2019embauche d\u2019apprentis et d\u2019alternants, le conseil a fait le choix de ne pas recruter d\u2019alternants et apprentis en 2025.<\/p>\n<p class=\" wall-content\">\u00ab C\u2019\u00e9tait pourtant notre habitude depuis de tr\u00e8s nombreuses ann\u00e9es. C\u2019\u00e9tait enrichissant et valorisant pour nos services que d\u2019accompagner ces jeunes au d\u00e9but de leur vie professionnelle \u00bb.<\/p>\n<p class=\" wall-content\">En investissement, le conseil consacrera principalement le budget sur la r\u00e9alisation du lotissement Suzy et la r\u00e9novation de la maison communale de la Touche Chevreuil.<\/p>\n<p class=\" wall-content\">\u00ab Ce budget reste \u00e9quilibr\u00e9. L\u2019an pass\u00e9, nous avons su d\u00e9gager un exc\u00e9dent de 388 083\u00a0euros en fonctionnement contre 309 328\u00a0euros en 2023. Il faut maintenir le cap. On subit un budget qui nous est impos\u00e9. Ce mandat travers\u00e9 par la crise sanitaire a \u00e9t\u00e9 difficile. \u00c7a n\u2019a pas \u00e9t\u00e9 facile d\u2019\u00e9tablir un budget. Malgr\u00e9 cela, on a bien men\u00e9 notre barque ! Notre endettement est raisonnable au vu des investissements importants que nous avons r\u00e9alis\u00e9s \u00bb.<\/p>\n<p class=\" wall-content\">Suivez toute l\u2019actualit\u00e9 de vos villes et m\u00e9dias favoris en vous inscrivant \u00e0 <a href=\"https:\/\/moncompte.actu.fr\" title=\"D\u00e9couvez Mon Actu\" rel=\"nofollow noopener\" data-trk=\"{&quot;cta&quot;:{&quot;action&quot;:&quot;https:\\\/\\\/moncompte.actu.fr&quot;,&quot;category&quot;:&quot;mon compte&quot;,&quot;from&quot;:&quot;article footer&quot;,&quot;name&quot;:&quot;Mon actu&quot;,&quot;type&quot;:&quot;cta&quot;}}\" target=\"_blank\">Mon Actu<\/a>.<\/p>\n","protected":false},"excerpt":{"rendered":"Par R\u00e9daction Vitr\u00e9 Publi\u00e9 le 24 avr. 2025 \u00e0 7h10 Le conseil municipal de Corps-Nuds (Ille-et-Vilaine) s\u2019est r\u00e9uni&hellip;\n","protected":false},"author":2,"featured_media":57025,"comment_status":"","ping_status":"","sticky":false,"template":"","format":"standard","meta":{"footnotes":""},"categories":[2821],"tags":[1111,11,829,1777,674,1011,27,342,12,584,25,104],"class_list":{"0":"post-57024","1":"post","2":"type-post","3":"status-publish","4":"format-standard","5":"has-post-thumbnail","7":"category-rennes","8":"tag-actu","9":"tag-actualites","10":"tag-bretagne","11":"tag-eu","12":"tag-europe","13":"tag-fr","14":"tag-france","15":"tag-impots","16":"tag-news","17":"tag-rennes","18":"tag-republique-francaise","19":"tag-societe"},"share_on_mastodon":{"url":"https:\/\/pubeurope.com\/@fr\/114410450081263626","error":""},"_links":{"self":[{"href":"https:\/\/www.europesays.com\/fr\/wp-json\/wp\/v2\/posts\/57024","targetHints":{"allow":["GET"]}}],"collection":[{"href":"https:\/\/www.europesays.com\/fr\/wp-json\/wp\/v2\/posts"}],"about":[{"href":"https:\/\/www.europesays.com\/fr\/wp-json\/wp\/v2\/types\/post"}],"author":[{"embeddable":true,"href":"https:\/\/www.europesays.com\/fr\/wp-json\/wp\/v2\/users\/2"}],"replies":[{"embeddable":true,"href":"https:\/\/www.europesays.com\/fr\/wp-json\/wp\/v2\/comments?post=57024"}],"version-history":[{"count":0,"href":"https:\/\/www.europesays.com\/fr\/wp-json\/wp\/v2\/posts\/57024\/revisions"}],"wp:featuredmedia":[{"embeddable":true,"href":"https:\/\/www.europesays.com\/fr\/wp-json\/wp\/v2\/media\/57025"}],"wp:attachment":[{"href":"https:\/\/www.europesays.com\/fr\/wp-json\/wp\/v2\/media?parent=57024"}],"wp:term":[{"taxonomy":"category","embeddable":true,"href":"https:\/\/www.europesays.com\/fr\/wp-json\/wp\/v2\/categories?post=57024"},{"taxonomy":"post_tag","embeddable":true,"href":"https:\/\/www.europesays.com\/fr\/wp-json\/wp\/v2\/tags?post=57024"}],"curies":[{"name":"wp","href":"https:\/\/api.w.org\/{rel}","templated":true}]}}