{"id":570240,"date":"2025-12-01T04:44:18","date_gmt":"2025-12-01T04:44:18","guid":{"rendered":"https:\/\/www.europesays.com\/fr\/570240\/"},"modified":"2025-12-01T04:44:18","modified_gmt":"2025-12-01T04:44:18","slug":"social-ou-liberal-dans-les-meandres-du-programme-economique-du-rn","status":"publish","type":"post","link":"https:\/\/www.europesays.com\/fr\/570240\/","title":{"rendered":"Social ou lib\u00e9ral ? Dans les m\u00e9andres du programme \u00e9conomique du RN"},"content":{"rendered":"\n<p>Imaginez un peu. Chaque matin, vous quittez votre pavillon achet\u00e9 gr\u00e2ce aux aides de l\u2019\u00c9tat, vous passez acheter un croissant \u00e0 la boulangerie du coin, et saluez chaleureusement le facteur et les policiers municipaux au passage (oui, on en trouve encore au fin fond de la France, de ces braves fonctionnaires en uniforme, perch\u00e9s sur leur v\u00e9lo). Puis vous montez dans votre Renault (\u00e0 moteur thermique), direction l\u2019autoroute (enfin) renationalis\u00e9e.<\/p>\n<p>En chemin, pas un seul p\u00e9age, mais plusieurs h\u00f4pitaux et \u00e9coles, tous bien \u00e9quip\u00e9s. Le paysage d\u00e9file par la fen\u00eatre, sans aucune \u00e9olienne \u00e0 l\u2019horizon. Vous voil\u00e0 arriv\u00e9 dans votre PME, dont tous les salari\u00e9s sont \u00e9videmment fran\u00e7ais. Le soir venu, vous regardez partir, le c\u0153ur empli d\u2019espoir, les camions qui vont livrer vos marchandises \u00e0 un prix raisonnable (presque d\u00e9barrass\u00e9 de la TVA), dans chaque recoin de l\u2019Hexagone.<\/p>\n<p>Oui, l\u2019\u00e9conomie pourrait \u00eatre aussi simple que cela, fran\u00e7aise, presque familiale. Bienvenue dans le monde merveilleux du Rassemblement national (RN). Ce sc\u00e9nario peut sembler d\u00e9risoire, mais il pourrait se r\u00e9aliser plus vite qu\u2019on ne le croit. Car le parti de Marine Le Pen pourrait arriver un jour au pouvoir \u2013 l\u2019hypoth\u00e8se n\u2019est pas \u00e0 exclure, au vu du chaos politique qui r\u00e8gne outre-Rhin.<\/p>\n<p> Une jungle politique <\/p>\n<p>Il faut<\/p>\n","protected":false},"excerpt":{"rendered":"Imaginez un peu. Chaque matin, vous quittez votre pavillon achet\u00e9 gr\u00e2ce aux aides de l\u2019\u00c9tat, vous passez acheter&hellip;\n","protected":false},"author":2,"featured_media":570241,"comment_status":"","ping_status":"","sticky":false,"template":"","format":"standard","meta":{"footnotes":""},"categories":[1587],"tags":[11,672,1804,1805,1803,1777,674,27,1801,1077,3821,430,12,316,2556,1802,2542],"class_list":{"0":"post-570240","1":"post","2":"type-post","3":"status-publish","4":"format-standard","5":"has-post-thumbnail","7":"category-allemagne","8":"tag-actualites","9":"tag-allemagne","10":"tag-bundesrepublik-deutschland","11":"tag-de","12":"tag-deutschland","13":"tag-eu","14":"tag-europe","15":"tag-france","16":"tag-germany","17":"tag-jordan-bardella","18":"tag-la-france-vue-de-lu2019u00e9tranger","19":"tag-marine-le-pen","20":"tag-news","21":"tag-politique","22":"tag-rassemblement-national-rn","23":"tag-republique-federale-dallemagne","24":"tag-u00e9conomie"},"share_on_mastodon":{"url":"https:\/\/pubeurope.com\/@fr\/115642490102893141","error":""},"_links":{"self":[{"href":"https:\/\/www.europesays.com\/fr\/wp-json\/wp\/v2\/posts\/570240","targetHints":{"allow":["GET"]}}],"collection":[{"href":"https:\/\/www.europesays.com\/fr\/wp-json\/wp\/v2\/posts"}],"about":[{"href":"https:\/\/www.europesays.com\/fr\/wp-json\/wp\/v2\/types\/post"}],"author":[{"embeddable":true,"href":"https:\/\/www.europesays.com\/fr\/wp-json\/wp\/v2\/users\/2"}],"replies":[{"embeddable":true,"href":"https:\/\/www.europesays.com\/fr\/wp-json\/wp\/v2\/comments?post=570240"}],"version-history":[{"count":0,"href":"https:\/\/www.europesays.com\/fr\/wp-json\/wp\/v2\/posts\/570240\/revisions"}],"wp:featuredmedia":[{"embeddable":true,"href":"https:\/\/www.europesays.com\/fr\/wp-json\/wp\/v2\/media\/570241"}],"wp:attachment":[{"href":"https:\/\/www.europesays.com\/fr\/wp-json\/wp\/v2\/media?parent=570240"}],"wp:term":[{"taxonomy":"category","embeddable":true,"href":"https:\/\/www.europesays.com\/fr\/wp-json\/wp\/v2\/categories?post=570240"},{"taxonomy":"post_tag","embeddable":true,"href":"https:\/\/www.europesays.com\/fr\/wp-json\/wp\/v2\/tags?post=570240"}],"curies":[{"name":"wp","href":"https:\/\/api.w.org\/{rel}","templated":true}]}}