{"id":570243,"date":"2025-12-01T04:48:17","date_gmt":"2025-12-01T04:48:17","guid":{"rendered":"https:\/\/www.europesays.com\/fr\/570243\/"},"modified":"2025-12-01T04:48:17","modified_gmt":"2025-12-01T04:48:17","slug":"des-agriculteurs-grecs-protestent-contre-un-retard-de-versement-des-subventions-de-lue-2","status":"publish","type":"post","link":"https:\/\/www.europesays.com\/fr\/570243\/","title":{"rendered":"Des agriculteurs grecs protestent contre un retard de versement\u00a0des subventions de l&rsquo;UE"},"content":{"rendered":"<p>NIKAIA, Gr\u00e8ce, 30 novembre (Reuters) &#8211; Des affrontements ont \u00e9clat\u00e9 dimanche dans le centre et le nord de la Gr\u00e8ce entre la police et des agriculteurs manifestant contre un retard de paiement de subventions de l&rsquo;Union europ\u00e9enne li\u00e9 \u00e0 des soup\u00e7ons de corruption.<\/p>\n<p>\n              Des centaines d&rsquo;agriculteurs sont descendus dans la rue, bloquant des routes avec leurs tracteurs pour interpeller le gouvernement conservateur quant au manque \u00e0 gagner \u00e9valu\u00e9 \u00e0 600 millions d&rsquo;euros (696 millions de dollars).<\/p>\n<p>\n              Pr\u00e8s de la ville de Nikaia, dans le centre du pays, la police a fait usage de gaz lacrymog\u00e8ne contre des manifestants qui tentaient de forcer les barricades, a rapport\u00e9 un t\u00e9moin de Reuters.<\/p>\n<p>\n              Ce retard de paiement intervient alors que des enqu\u00eates mettent en cause des agriculteurs accus\u00e9s d&rsquo;avoir falsifi\u00e9 des d\u00e9clarations de propri\u00e9t\u00e9 de terres et de b\u00e9tail afin de percevoir des subventions agricoles de l&rsquo;UE.<\/p>\n<p>\n              Le Parquet europ\u00e9en (EPPO), charg\u00e9 d&rsquo;enqu\u00eater sur les infractions portant atteinte aux int\u00e9r\u00eats financiers de l&rsquo;UE, a dit avoir la preuve que des agriculteurs grecs, aid\u00e9s par des fonctionnaires de l&rsquo;\u00c9tat, ont d\u00e9tourn\u00e9 des fonds europ\u00e9ens.<\/p>\n<p>\n              Les autorit\u00e9s grecques ont ouvert des enqu\u00eates de leur c\u00f4t\u00e9 et le Parlement se renseigne sur l&rsquo;agence gouvernementale Opekepe, qui distribue chaque ann\u00e9e quelque 2,5 milliards d&rsquo;euros d&rsquo;aides de l&rsquo;UE \u00e0 des centaines de milliers d&rsquo;agriculteurs.<\/p>\n<p>\n              Le gouvernement, qui a fait voeu de transparence, a reconnu que le montant de la premi\u00e8re tranche de subventions de l&rsquo;UE \u00e9tait inf\u00e9rieur\u00a0\u00e0 celui de l&rsquo;an dernier\u00a0et que plus de 40.000 demandes d&rsquo;agriculteurs \u00e9taient en cours d&rsquo;examen.<\/p>\n<p>\n              (1 $ = 0,8624 euros)<\/p>\n<p>\n              (Reportage d&rsquo;Alexandros Avramidis et Renee Maltezou ; Version fran\u00e7aise Elizabeth Pineau )<\/p>\n","protected":false},"excerpt":{"rendered":"NIKAIA, Gr\u00e8ce, 30 novembre (Reuters) &#8211; Des affrontements ont \u00e9clat\u00e9 dimanche dans le centre et le nord de&hellip;\n","protected":false},"author":2,"featured_media":570244,"comment_status":"","ping_status":"","sticky":false,"template":"","format":"standard","meta":{"footnotes":""},"categories":[1586],"tags":[11,340,1777,674,1779,1011,27,12,25,1778,364],"class_list":{"0":"post-570243","1":"post","2":"type-post","3":"status-publish","4":"format-standard","5":"has-post-thumbnail","7":"category-europe","8":"tag-actualites","9":"tag-bourse","10":"tag-eu","11":"tag-europe","12":"tag-european-union","13":"tag-fr","14":"tag-france","15":"tag-news","16":"tag-republique-francaise","17":"tag-ue","18":"tag-union-europeenne"},"share_on_mastodon":{"url":"https:\/\/pubeurope.com\/@fr\/115642505902197078","error":""},"_links":{"self":[{"href":"https:\/\/www.europesays.com\/fr\/wp-json\/wp\/v2\/posts\/570243","targetHints":{"allow":["GET"]}}],"collection":[{"href":"https:\/\/www.europesays.com\/fr\/wp-json\/wp\/v2\/posts"}],"about":[{"href":"https:\/\/www.europesays.com\/fr\/wp-json\/wp\/v2\/types\/post"}],"author":[{"embeddable":true,"href":"https:\/\/www.europesays.com\/fr\/wp-json\/wp\/v2\/users\/2"}],"replies":[{"embeddable":true,"href":"https:\/\/www.europesays.com\/fr\/wp-json\/wp\/v2\/comments?post=570243"}],"version-history":[{"count":0,"href":"https:\/\/www.europesays.com\/fr\/wp-json\/wp\/v2\/posts\/570243\/revisions"}],"wp:featuredmedia":[{"embeddable":true,"href":"https:\/\/www.europesays.com\/fr\/wp-json\/wp\/v2\/media\/570244"}],"wp:attachment":[{"href":"https:\/\/www.europesays.com\/fr\/wp-json\/wp\/v2\/media?parent=570243"}],"wp:term":[{"taxonomy":"category","embeddable":true,"href":"https:\/\/www.europesays.com\/fr\/wp-json\/wp\/v2\/categories?post=570243"},{"taxonomy":"post_tag","embeddable":true,"href":"https:\/\/www.europesays.com\/fr\/wp-json\/wp\/v2\/tags?post=570243"}],"curies":[{"name":"wp","href":"https:\/\/api.w.org\/{rel}","templated":true}]}}