{"id":570255,"date":"2025-12-01T04:59:18","date_gmt":"2025-12-01T04:59:18","guid":{"rendered":"https:\/\/www.europesays.com\/fr\/570255\/"},"modified":"2025-12-01T04:59:18","modified_gmt":"2025-12-01T04:59:18","slug":"une-3eme-victoire-en-2026-des-decembre-pour-uae","status":"publish","type":"post","link":"https:\/\/www.europesays.com\/fr\/570255\/","title":{"rendered":"Une 3\u00e8me victoire en 2026 d\u00e8s d\u00e9cembre pour UAE ?"},"content":{"rendered":"<p>La formation UAE Emirates XRG pourrait bien r\u00e9colter une 3\u00e8me victoire comptant pour la saison 2026 d\u00e8s le mois de d\u00e9cembre 2025. En effet, Jhonatan Narvaez figure sur la liste des engag\u00e9s des <strong><a href=\"https:\/\/www.bolivarianos2025.pe\/torneo\/esquema\/4\/torneo\/1008\" target=\"_blank\" rel=\"noreferrer noopener\">Jeux Bolivariens<\/a><\/strong>. Une \u00e9preuve qui se d\u00e9roulera le 5 d\u00e9cembre au P\u00e9rou, et qui est inscrite en 1.2 au calendrier UCI America Tour.<\/p>\n<p>Si Narvaez venait \u00e0 s\u2019imposer, UAE cumulerait donc d\u00e9j\u00e0 3 succ\u00e8s, puisque <strong><a href=\"https:\/\/www.velo-club.net\/resultats\/isaac-del-toro-double-championnat-mexique-2025\/\" target=\"_blank\" rel=\"noopener\">Isaac Del Toro<\/a><\/strong> a sign\u00e9 le doubl\u00e9 lors des championnats du Mexique il y a quelques semaines.<\/p>\n","protected":false},"excerpt":{"rendered":"La formation UAE Emirates XRG pourrait bien r\u00e9colter une 3\u00e8me victoire comptant pour la saison 2026 d\u00e8s le&hellip;\n","protected":false},"author":2,"featured_media":570256,"comment_status":"","ping_status":"","sticky":false,"template":"","format":"standard","meta":{"footnotes":""},"categories":[1411],"tags":[1154,207,1011,27,60],"class_list":{"0":"post-570255","1":"post","2":"type-post","3":"status-publish","4":"format-standard","5":"has-post-thumbnail","7":"category-cyclisme","8":"tag-cycling","9":"tag-cyclisme","10":"tag-fr","11":"tag-france","12":"tag-sports"},"share_on_mastodon":{"url":"https:\/\/pubeurope.com\/@fr\/115642549194063660","error":""},"_links":{"self":[{"href":"https:\/\/www.europesays.com\/fr\/wp-json\/wp\/v2\/posts\/570255","targetHints":{"allow":["GET"]}}],"collection":[{"href":"https:\/\/www.europesays.com\/fr\/wp-json\/wp\/v2\/posts"}],"about":[{"href":"https:\/\/www.europesays.com\/fr\/wp-json\/wp\/v2\/types\/post"}],"author":[{"embeddable":true,"href":"https:\/\/www.europesays.com\/fr\/wp-json\/wp\/v2\/users\/2"}],"replies":[{"embeddable":true,"href":"https:\/\/www.europesays.com\/fr\/wp-json\/wp\/v2\/comments?post=570255"}],"version-history":[{"count":0,"href":"https:\/\/www.europesays.com\/fr\/wp-json\/wp\/v2\/posts\/570255\/revisions"}],"wp:featuredmedia":[{"embeddable":true,"href":"https:\/\/www.europesays.com\/fr\/wp-json\/wp\/v2\/media\/570256"}],"wp:attachment":[{"href":"https:\/\/www.europesays.com\/fr\/wp-json\/wp\/v2\/media?parent=570255"}],"wp:term":[{"taxonomy":"category","embeddable":true,"href":"https:\/\/www.europesays.com\/fr\/wp-json\/wp\/v2\/categories?post=570255"},{"taxonomy":"post_tag","embeddable":true,"href":"https:\/\/www.europesays.com\/fr\/wp-json\/wp\/v2\/tags?post=570255"}],"curies":[{"name":"wp","href":"https:\/\/api.w.org\/{rel}","templated":true}]}}