{"id":570257,"date":"2025-12-01T05:00:16","date_gmt":"2025-12-01T05:00:16","guid":{"rendered":"https:\/\/www.europesays.com\/fr\/570257\/"},"modified":"2025-12-01T05:00:16","modified_gmt":"2025-12-01T05:00:16","slug":"jen-etait-malade-thauvin-explique-sa-nuit-horrible","status":"publish","type":"post","link":"https:\/\/www.europesays.com\/fr\/570257\/","title":{"rendered":"\u00ab J\u2019en \u00e9tait malade \u00bb, Thauvin explique sa nuit horrible"},"content":{"rendered":"<p><b>Florian Thauvin a frapp\u00e9, Lens s&rsquo;est impos\u00e9 contre Angers et a m\u00eame pris la t\u00eate du classement en <a href=\"https:\/\/www.foot01.com\/ligue1\" title=\"Ligue 1\" target=\"_blank\" rel=\"noopener\">Ligue 1<\/a>. Malgr\u00e9 cela, Flotov a reconnu que la semaine avait \u00e9t\u00e9 difficile \u00e0 Lens. <\/b><\/p>\n<p>Leader de la Ligue 1, le RC Lens est la bonne surprise de cette premi\u00e8re partie de saison. Pierre Sage fait des miracles avec un effectif comp\u00e9titif, mais qui est surtout tr\u00e8s r\u00e9gulier et ne laisse jamais passer l\u2019occasion de faire mal \u00e0 son adversaire. R\u00e9sultat, quand l\u2019OM perd pied en fin de match, que le PSG tr\u00e9buche \u00e0 Monaco, Lens est l\u00e0 pour ravir la premi\u00e8re place \u00e0 la surprise g\u00e9n\u00e9rale.<\/p>\n<p>Et pourtant, la semaine a \u00e9t\u00e9 compliqu\u00e9e en Artois, puisque Jonathan Gradit s\u2019est gravement bless\u00e9 \u00e0 l\u2019entrainement. Le d\u00e9fenseur pass\u00e9 par le SM Caen est un pion essentiel de l\u2019\u00e9quipe, de par son \u00e9tat d\u2019esprit, son exp\u00e9rience et sa rage de vaincre communicative. Un moment tr\u00e8s difficile que Florian Thauvin avoue, sur Ligue 1, avoir eu beaucoup de mal \u00e0 dig\u00e9rer.<\/p>\n<p>\u00ab \u00c7a a \u00e9t\u00e9 une fin de semaine difficile. J&rsquo;avoue qu&rsquo;on a tous \u00e9t\u00e9 tr\u00e8s marqu\u00e9s, tr\u00e8s attrist\u00e9s.\u00a0Jo\u00a0(Gradit), c&rsquo;est quelqu&rsquo;un d&rsquo;important pour nous. C&rsquo;est un cadre, c&rsquo;est quelqu&rsquo;un qui repr\u00e9sente les valeurs du club. Il a eu une tr\u00e8s grosse blessure \u00e0 l&rsquo;entra\u00eenement. J&rsquo;avoue que \u00e7a m&rsquo;a emp\u00each\u00e9 de dormir vendredi. Je me suis r\u00e9veill\u00e9 \u00e0 3h du matin, j&rsquo;en \u00e9tais malade. On pense tr\u00e8s fort \u00e0 lui et on fera le maximum pour le rendre fier. C&rsquo;est une victoire pour lui ce soir\u00a0\u00bb, a livr\u00e9 l\u2019international fran\u00e7ais, qui sait que cette absence peut aussi causer des soucis aux \u00ab\u00a0Sang et Or\u00a0\u00bb pour la suite de la saison.\u00a0<\/p>\n","protected":false},"excerpt":{"rendered":"Florian Thauvin a frapp\u00e9, Lens s&rsquo;est impos\u00e9 contre Angers et a m\u00eame pris la t\u00eate du classement en&hellip;\n","protected":false},"author":2,"featured_media":570258,"comment_status":"","ping_status":"","sticky":false,"template":"","format":"standard","meta":{"footnotes":""},"categories":[1410],"tags":[63,1011,27,4253,66,60],"class_list":{"0":"post-570257","1":"post","2":"type-post","3":"status-publish","4":"format-standard","5":"has-post-thumbnail","7":"category-football","8":"tag-football","9":"tag-fr","10":"tag-france","11":"tag-lens","12":"tag-ligue-1","13":"tag-sports"},"share_on_mastodon":{"url":"https:\/\/pubeurope.com\/@fr\/115642553158000106","error":""},"_links":{"self":[{"href":"https:\/\/www.europesays.com\/fr\/wp-json\/wp\/v2\/posts\/570257","targetHints":{"allow":["GET"]}}],"collection":[{"href":"https:\/\/www.europesays.com\/fr\/wp-json\/wp\/v2\/posts"}],"about":[{"href":"https:\/\/www.europesays.com\/fr\/wp-json\/wp\/v2\/types\/post"}],"author":[{"embeddable":true,"href":"https:\/\/www.europesays.com\/fr\/wp-json\/wp\/v2\/users\/2"}],"replies":[{"embeddable":true,"href":"https:\/\/www.europesays.com\/fr\/wp-json\/wp\/v2\/comments?post=570257"}],"version-history":[{"count":0,"href":"https:\/\/www.europesays.com\/fr\/wp-json\/wp\/v2\/posts\/570257\/revisions"}],"wp:featuredmedia":[{"embeddable":true,"href":"https:\/\/www.europesays.com\/fr\/wp-json\/wp\/v2\/media\/570258"}],"wp:attachment":[{"href":"https:\/\/www.europesays.com\/fr\/wp-json\/wp\/v2\/media?parent=570257"}],"wp:term":[{"taxonomy":"category","embeddable":true,"href":"https:\/\/www.europesays.com\/fr\/wp-json\/wp\/v2\/categories?post=570257"},{"taxonomy":"post_tag","embeddable":true,"href":"https:\/\/www.europesays.com\/fr\/wp-json\/wp\/v2\/tags?post=570257"}],"curies":[{"name":"wp","href":"https:\/\/api.w.org\/{rel}","templated":true}]}}