{"id":570267,"date":"2025-12-01T05:07:13","date_gmt":"2025-12-01T05:07:13","guid":{"rendered":"https:\/\/www.europesays.com\/fr\/570267\/"},"modified":"2025-12-01T05:07:13","modified_gmt":"2025-12-01T05:07:13","slug":"fast-and-furious-taxi-la-plus-grande-collection-francaise-de-voitures-de-cinema-vendue-aux-encheres-sur-internet","status":"publish","type":"post","link":"https:\/\/www.europesays.com\/fr\/570267\/","title":{"rendered":"\u00ab\u00a0Fast and Furious\u00a0\u00bb, \u00ab\u00a0Taxi\u00a0\u00bb&#8230; La plus grande collection fran\u00e7aise de voitures de cin\u00e9ma vendue aux ench\u00e8res sur Internet"},"content":{"rendered":"<ul class=\"jsx-862013697 ArticleChapo__List\">\n<li class=\"jsx-862013697 ArticleChapo__List_Item flex\">\u00ab\u00a0Fast and Furious\u00a0\u00bb, \u00ab\u00a0Starsky et Hutch\u00a0\u00bb\u2026<\/li>\n<li class=\"jsx-862013697 ArticleChapo__List_Item flex\">Des dizaines de voitures rendues c\u00e9l\u00e8bres par des films ou des s\u00e9ries sont mises aux ench\u00e8res en ligne.<\/li>\n<li class=\"jsx-862013697 ArticleChapo__List_Item flex\">Une \u00e9quipe de TF1 les a observ\u00e9es.<\/li>\n<\/ul>\n<p><a href=\"https:\/\/www.tf1info.fr\/actualite\/automobile-10107\/\" rel=\"noopener\" class=\"jsx-484472199 Link jsx-1428418400 jsx-2254318789\" target=\"_blank\"><\/p>\n<p style=\"font-weight:400\" class=\"jsx-1837267516\">Suivez la couverture compl\u00e8te<\/p>\n<p style=\"font-weight:800\" class=\"jsx-1837267516\">Auto<\/p>\n<p><\/a><\/p>\n<p data-module=\"article-paragraph\" class=\"jsx-3046738180 Paragraph Paragraph__End\">Un taxi qui fonce \u00e0 toute vitesse dans les rues de Marseille, le bolide des chasseurs de fant\u00f4mes, le 4&#215;4 plong\u00e9 au milieu des dinosaures de Jurassic Park&#8230; Ces c\u00e9l\u00e8bres v\u00e9hicules de <a href=\"https:\/\/www.tf1info.fr\/culture\/box-office-le-cinema-francais-va-t-il-retrouver-son-p-tit-truc-en-plus-2374959.html\" target=\"_blank\" rel=\"noopener\">l&rsquo;histoire du cin\u00e9ma sont<\/a> propos\u00e9s aux ench\u00e8res en ligne jusqu&rsquo;\u00e0 ce vendredi. Avec une cinquantaine de v\u00e9hicules et motos, c&rsquo;est la plus grosse collection fran\u00e7aise de ce type, issue du Movie Cars Central Museum, cr\u00e9\u00e9 par le \u00a0youtubeur et collectionneur Franck Gali\u00e8gue \u00e0 \u00c9tr\u00e9chy, dans l&rsquo;Essonne. Une \u00e9quipe de TF1 s&rsquo;y rend dans le reportage du JT en t\u00eate de cet article.<\/p>\n<p data-module=\"article-paragraph\" class=\"jsx-3046738180 Paragraph Paragraph__End\">Alexandre Pellizzari veille au grain sur la cinquantaine de mod\u00e8les expos\u00e9s \u00e0 la vue des potentiels acheteurs, dont celui de la Dodge Charger de la s\u00e9rie am\u00e9ricaine Sh\u00e9rif, fais-moi peur. \u00ab\u00a0C&rsquo;est le personnage principal de la s\u00e9rie, les acteurs changent, mais pas elle\u00a0\u00bb, souligne l&#8217;employ\u00e9 du Movie Cars Central Museum.\u00a0Pr\u00e8s de 40 ans apr\u00e8s le tournage, \u00ab\u00a0General Lee\u00a0\u00bb tourne comme une horloge.\u00a0<\/p>\n<p data-module=\"article-paragraph\" class=\"jsx-3046738180 Paragraph Paragraph__End\">\u00ab\u00a0\u00c7a rappelle quelques souvenirs sur un canap\u00e9, c&rsquo;est toujours sympathique. C&rsquo;est quelque chose qui est vivant malgr\u00e9 tout, ce n&rsquo;est pas seulement des images, \u00e7a existe vraiment, on peut toucher\u00a0\u00bb, pr\u00e9cise Lo\u00efc Maschi, le responsable de la vente organis\u00e9e par la maison d&rsquo;ench\u00e8res Bonhams, au volant du \u00ab\u00a0General Lee\u00a0\u00bb.\u00a0<\/p>\n<p>Une voiture de \u00ab\u00a0Fast and Furious\u00a0\u00bb clou de la vente<\/p>\n<p data-module=\"article-paragraph\" class=\"jsx-3046738180 Paragraph Paragraph__End\">La pi\u00e8ce la plus cot\u00e9e des ench\u00e8res ? La Mitsubishi Eclipse, star de la saga d&rsquo;action automobile Fast and Furious. Si son moteur gronde toujours, son prix, lui, est moins doux : entre 250.000 et 500.000 euros <a href=\"https:\/\/cars.bonhams.com\/auction\/32338\/lot\/48\/2001-mitsubishi-lancer-evolution-vii-chassis-no-jmysnct9a1u000797\/\" rel=\"nofollow noopener\" target=\"_blank\">d&rsquo;apr\u00e8s l&rsquo;estimation de la maison d&rsquo;ench\u00e8res<\/a>. \u00ab\u00a0Ce qui fait la valeur d&rsquo;une voiture au cin\u00e9ma, c&rsquo;est les acteurs. Ensuite, le temps pass\u00e9 \u00e0 l&rsquo;image et son importance dans le film\u00a0\u00bb, indique Lo\u00efc Maschi. Cette Mitsubishi a \u00e9t\u00e9 conduite par le d\u00e9funt <a href=\"https:\/\/www.tf1info.fr\/culture\/cinema-vin-diesel-veut-faire-revenir-le-personnage-du-defunt-paul-walker-dans-le-prochain-fast-and-furious-2379976.html\" target=\"_blank\" rel=\"noopener\">Paul Walker<\/a> lui-m\u00eame dans le second opus de la saga en 2003, augmentant significativement sa valeur.\u00a0<\/p>\n<p><a href=\"https:\/\/www.tf1info.fr\/culture\/video-chaussettes-cheveux-dents-les-ventes-aux-encheres-insolites-liees-aux-celebrites-2386710.html\" rel=\"noopener\" class=\"jsx-3308031228 Link flex\" target=\"_blank\"><img decoding=\"async\" src=\"https:\/\/www.europesays.com\/fr\/wp-content\/uploads\/2025\/09\/michael-jackson-1996-493091-0@1x.jpeg\" alt=\"AFP\" loading=\"lazy\" importance=\"low\" fetchpriority=\"low\" class=\"\" aria-hidden=\"true\"\/><\/p>\n<p class=\"jsx-3657663356 ReadMoreArticle__Title\">Lire aussi<\/p>\n<p class=\"jsx-3657663356\">Chaussettes, cheveux, dents&#8230; Ces ventes aux ench\u00e8res insolites li\u00e9es aux c\u00e9l\u00e9brit\u00e9s<\/p>\n<p><\/a><\/p>\n<p data-module=\"article-paragraph\" class=\"jsx-3046738180 Paragraph Paragraph__End\">Si la plupart de ces v\u00e9hicules ont bel et bien \u00e9t\u00e9 utilis\u00e9s lors des tournages de <a href=\"https:\/\/www.tf1info.fr\/culture\/vin-diesel-prepare-des-films-derives-de-fast-and-furious-dont-l-un-sera-porte-par-une-actrice-2257988.html\" target=\"_blank\" rel=\"noopener\">Fast and Furious<\/a>, John Wick ou Taxi, d&rsquo;autres sont des r\u00e9pliques. \u00c0 l&rsquo;image d&rsquo;un pick-up Ford visible dans Jurassic Park, mais dont le mod\u00e8le vendu ici n&rsquo;a jamais \u00e9t\u00e9 conduit sur grand \u00e9cran. Sa valeur estim\u00e9e chute, entre 4.000 et 6.000 euros, bien loin des sommes \u00e0 six chiffres des v\u00e9hicules utilis\u00e9s en tournage.\u00a0<\/p>\n<p data-module=\"article-paragraph\" class=\"jsx-3046738180 Paragraph Paragraph__End\">Ces ventes ne sont pas \u00e0 la port\u00e9e de toutes les bourses. \u00ab\u00a0Je pourrais peut-\u00eatre m&rsquo;offrir une Fuego ou une Xantia. Pour les autres, c&rsquo;est d\u00e9j\u00e0 malheureusement au-dessus de mes moyens\u00a0\u00bb, t\u00e9moigne un visiteur venu observer les mod\u00e8les avec ses enfants. Une exposition qui attire des passionn\u00e9s d&rsquo;automobile au cin\u00e9ma, petits comme grands, visible jusqu&rsquo;\u00e0 dimanche.\u00a0<\/p>\n<p>La r\u00e9daction de TF1info | Reportage : Jean-Pierre F\u00c9RET, St\u00e9phane DEPERROIS, Guillaume VUITTON<\/p>\n","protected":false},"excerpt":{"rendered":"\u00ab\u00a0Fast and Furious\u00a0\u00bb, \u00ab\u00a0Starsky et Hutch\u00a0\u00bb\u2026 Des dizaines de voitures rendues c\u00e9l\u00e8bres par des films ou des s\u00e9ries&hellip;\n","protected":false},"author":2,"featured_media":570268,"comment_status":"","ping_status":"","sticky":false,"template":"","format":"standard","meta":{"footnotes":""},"categories":[1354],"tags":[1111,11,1921,1977,58,59,1346,1011,27,1922,5008,1360,43346,9548,133,5010],"class_list":{"0":"post-570267","1":"post","2":"type-post","3":"status-publish","4":"format-standard","5":"has-post-thumbnail","7":"category-films","8":"tag-actu","9":"tag-actualites","10":"tag-article-video","11":"tag-auto","12":"tag-divertissement","13":"tag-entertainment","14":"tag-films","15":"tag-fr","16":"tag-france","17":"tag-info","18":"tag-le-13h","19":"tag-movies","20":"tag-paul-walker","21":"tag-taxis","22":"tag-video","23":"tag-video-sujets-de-societe"},"share_on_mastodon":{"url":"https:\/\/pubeurope.com\/@fr\/115642581397172384","error":""},"_links":{"self":[{"href":"https:\/\/www.europesays.com\/fr\/wp-json\/wp\/v2\/posts\/570267","targetHints":{"allow":["GET"]}}],"collection":[{"href":"https:\/\/www.europesays.com\/fr\/wp-json\/wp\/v2\/posts"}],"about":[{"href":"https:\/\/www.europesays.com\/fr\/wp-json\/wp\/v2\/types\/post"}],"author":[{"embeddable":true,"href":"https:\/\/www.europesays.com\/fr\/wp-json\/wp\/v2\/users\/2"}],"replies":[{"embeddable":true,"href":"https:\/\/www.europesays.com\/fr\/wp-json\/wp\/v2\/comments?post=570267"}],"version-history":[{"count":0,"href":"https:\/\/www.europesays.com\/fr\/wp-json\/wp\/v2\/posts\/570267\/revisions"}],"wp:featuredmedia":[{"embeddable":true,"href":"https:\/\/www.europesays.com\/fr\/wp-json\/wp\/v2\/media\/570268"}],"wp:attachment":[{"href":"https:\/\/www.europesays.com\/fr\/wp-json\/wp\/v2\/media?parent=570267"}],"wp:term":[{"taxonomy":"category","embeddable":true,"href":"https:\/\/www.europesays.com\/fr\/wp-json\/wp\/v2\/categories?post=570267"},{"taxonomy":"post_tag","embeddable":true,"href":"https:\/\/www.europesays.com\/fr\/wp-json\/wp\/v2\/tags?post=570267"}],"curies":[{"name":"wp","href":"https:\/\/api.w.org\/{rel}","templated":true}]}}