{"id":570269,"date":"2025-12-01T05:08:30","date_gmt":"2025-12-01T05:08:30","guid":{"rendered":"https:\/\/www.europesays.com\/fr\/570269\/"},"modified":"2025-12-01T05:08:30","modified_gmt":"2025-12-01T05:08:30","slug":"ce-micro-robot-peut-naviguer-dans-les-vaisseaux-sanguin-et-transporter-un-medicament","status":"publish","type":"post","link":"https:\/\/www.europesays.com\/fr\/570269\/","title":{"rendered":"Ce micro robot peut naviguer dans les vaisseaux sanguin et transporter un m\u00e9dicament"},"content":{"rendered":"<p>Un micro robot con\u00e7u pour naviguer dans les vaisseaux sanguins<\/p>\n<p class=\"PopSlotParagraph qg-tx2 qg-xtra-lh svelte-1r0pyek\">Pas plus grand qu\u2019un grain de sable, il a \u00e9t\u00e9 d\u00e9velopp\u00e9 par des chercheurs suisses pour transporter un m\u00e9dicament et le d\u00e9livrer \u00e0 l\u2019endroit pr\u00e9cis du corps o\u00f9 il doit agir. Par exemple\u00a0: un anti thrombotique\u00a0au niveau d\u2019un caillot sanguin dans un vaisseau ou un traitement contre le cancer sur une tumeur.<\/p>\n<p class=\"PopSlotParagraph qg-tx2 qg-xtra-lh svelte-1r0pyek\">Ce micro robot est compos\u00e9 d\u2019une coque sph\u00e9rique faite de gel dans laquelle est encapsul\u00e9 le m\u00e9dicament. Il contient aussi un agent de contraste pour que l\u2019on puisse suivre ses d\u00e9placements dans les vaisseaux sanguins \u00e0 l\u2019aide de rayons X.\u00a0Les chercheurs ont \u00e9galement int\u00e9gr\u00e9 \u00e0 leur petit engin des nanoparticules d\u2019oxyde de fer. Il peut donc \u00eatre aimant\u00e9. Si bien qu\u2019il est possible de le diriger \u00e0 distance, en faisant minutieusement varier un champ magn\u00e9tique. Le dispositif est suffisamment sensible pour faire emprunter au robot les embranchements voulus dans la circulation sanguine.<\/p>\n<p class=\"PopSlotParagraph qg-tx2 qg-xtra-lh svelte-1r0pyek\">Une fois arriv\u00e9 \u00e0 destination, un champ magn\u00e9tique \u00e0 haute fr\u00e9quence permet d\u2019\u00e9lever la temp\u00e9rature des nanoparticules de fer, ce qui a pour effet de dissoudre la coque de gel et de lib\u00e9rer le m\u00e9dicament. Des tests ont \u00e9t\u00e9 r\u00e9alis\u00e9s d\u2019abord avec des faux vaisseaux sanguins en silicone puis sur des cochons et des moutons. Et \u00e7a a parfaitement fonctionn\u00e9. Les chercheurs esp\u00e8rent pouvoir passer prochainement aux tests cliniques chez l\u2019humain.<\/p>\n<p class=\"PopSlotParagraph qg-tx2 qg-xtra-lh svelte-1r0pyek\">Pour en savoir plus\u00a0: l&rsquo;\u00e9tude publi\u00e9e dans\u00a0<a href=\"https:\/\/www.science.org\/doi\/10.1126\/science.adx1708\" target=\"_blank\" rel=\"noopener noreferrer\" class=\"\" data-testid=\"link\">Science<\/a>\u00a0et un communiqu\u00e9 (avec des images) de l<a href=\"https:\/\/ethz.ch\/en\/news-and-events\/eth-news\/news\/2025\/11\/microrobots-finding-their-way.html\" target=\"_blank\" rel=\"noopener noreferrer\" class=\"\" data-testid=\"link\">&lsquo;ETH Zurich<\/a><\/p>\n<p> Un\u00a0 \u00e9tonnant syst\u00e8me de navigation d\u00e9couvert chez les pigeons<\/p>\n<p class=\"PopSlotParagraph qg-tx2 qg-xtra-lh svelte-1r0pyek\">Eux aussi sont guid\u00e9s par un champ magn\u00e9tique, celui de la Terre. Mais la fa\u00e7on dont les pigeons per\u00e7oivent ce champ magn\u00e9tique fait encore d\u00e9bat chez les scientifiques. Deux th\u00e9ories existaient pour expliquer cette capacit\u00e9 sensorielle chez les oiseaux de fa\u00e7on g\u00e9n\u00e9rale. La premi\u00e8re implique des prot\u00e9ines sensibles au champ magn\u00e9tique, pr\u00e9sentes dans la r\u00e9tine des volatiles. Ces prot\u00e9ines permettraient aux oiseaux de distinguer visuellement le nord et le sud. L\u2019autre th\u00e9orie, plus controvers\u00e9e, repose sur la pr\u00e9sence dans le bec des oiseaux de minuscules cristaux d\u2019oxyde de fer qui se comporteraient comme des petites aiguilles de boussole. Mais voil\u00e0 que des chercheurs viennent de mettre en \u00e9vidence un tout autre m\u00e9canisme de perception chez le pigeon.<\/p>\n<p class=\"PopSlotParagraph qg-tx2 qg-xtra-lh svelte-1r0pyek\">Ces scientifiques ont d\u00e9couvert que le champ magn\u00e9tique terrestre g\u00e9n\u00e8re d\u2019infimes courants \u00e9lectriques au niveau de l\u2019oreille interne de cet oiseau. Ils ont identifi\u00e9s des cellules susceptibles de percevoir ces courants et de transmettre l\u2019information jusqu\u2019au cerveau. Un syst\u00e8me de navigation qui n\u2019avait encore jamais \u00e9t\u00e9 d\u00e9crit et qui vous fera peut-\u00eatre, dor\u00e9navant, regarder les pigeons d\u2019un autre \u0153il.<\/p>\n<p class=\"PopSlotParagraph qg-tx2 qg-xtra-lh svelte-1r0pyek\">Pour en savoir plus\u00a0: l&rsquo;\u00e9tude publi\u00e9e dans\u00a0<a href=\"https:\/\/www.science.org\/doi\/10.1126\/science.aea6425\" target=\"_blank\" rel=\"noopener noreferrer\" class=\"\" data-testid=\"link\">Science<\/a>\u00a0et un article vulgaris\u00e9 sur le site de\u00a0<a href=\"https:\/\/www.science.org\/content\/article\/pigeons-sense-earth-s-magnetic-field-entirely-new-way\" target=\"_blank\" rel=\"noopener noreferrer\" class=\"\" data-testid=\"link\">Science<\/a><\/p>\n<p> Les prouesses d&rsquo;une louve interrogent les scientifiques<\/p>\n<p class=\"PopSlotParagraph qg-tx2 qg-xtra-lh svelte-1r0pyek\">L\u2019histoire se passe dans une r\u00e9gion recul\u00e9e de la Colombie-Britannique, au Canada. Des casiers immerg\u00e9s pour pi\u00e9ger des crabes avaient \u00e9t\u00e9 retrouv\u00e9s \u00e0 plusieurs reprises, hors de l\u2019eau et d\u00e9t\u00e9rior\u00e9s. Des cam\u00e9ras install\u00e9es sur le site ont permis d\u2019identifier la coupable. Sur les images on voit une louve tirer avec les dents la corde d\u2019un casier \u00e0 crabe pour le hisser sur la rive et ensuite l\u2019\u00e9ventrer afin d\u2019en extraire le r\u00e9cipient contenant la viande de phoque qui devait servir d\u2019app\u00e2t pour les crabes et qui a finalement fait le repas de cette louve.<\/p>\n<p class=\"PopSlotParagraph qg-tx2 qg-xtra-lh svelte-1r0pyek\">Ces images qui ont beaucoup circul\u00e9 sur les r\u00e9seaux sociaux cette semaine, interrogent les scientifiques. Peut-on consid\u00e9rer qu\u2019en tirant sur cette corde la louve a utilis\u00e9 un outil\u00a0? Ce serait une premi\u00e8re pour un loup sauvage. Quoi qu\u2019il en soit, ce comportement d\u00e9montre des capacit\u00e9s cognitives avanc\u00e9es. Le fait que plusieurs casiers aient \u00e9t\u00e9 pill\u00e9s sugg\u00e8re une compr\u00e9hension fine de ces pi\u00e8ges chez cette louve et peut-\u00eatre certains de ses cong\u00e9n\u00e8res.<\/p>\n<p class=\"PopSlotParagraph qg-tx2 qg-xtra-lh svelte-1r0pyek\">Pour en savoir plus\u00a0: l&rsquo;\u00e9tude publi\u00e9e dans\u00a0<a href=\"https:\/\/onlinelibrary.wiley.com\/doi\/10.1002\/ece3.72348\" target=\"_blank\" rel=\"noopener noreferrer\" class=\"\" data-testid=\"link\">Ecology and Evolution<\/a><\/p>\n<p class=\"PopSlotParagraph qg-tx2 qg-xtra-lh svelte-1r0pyek\">La vid\u00e9o sur le site du Monde\u00a0:<\/p>\n<p class=\"qg-sr-only\" role=\"heading\" aria-level=\"3\">Pour voir ce contenu, acceptez les cookies.<\/p>\n<p class=\"ConsentNotice-description qg-tx3 svelte-m9wmt1\">Pour afficher ce contenu Dailymotion, vous devez accepter les cookies <b>Mesure d&rsquo;audience<\/b>.<br \/>Ces cookies permettent d\u2019obtenir des statistiques d\u2019audience sur nos offres afin d\u2019optimiser son ergonomie, sa navigation et ses contenus.\u202f<\/p>\n<p>  G\u00e9rer mes choix     J&rsquo;autorise  <\/p>\n<p>D\u00e9couvrez le nouveau livre de Daniel Fi\u00e9vet paru aux \u00e9ditions Julliard et France Inter\u00a0:<\/p>\n<p class=\"PopSlotParagraph qg-tx2 qg-xtra-lh svelte-1r0pyek\"><a href=\"https:\/\/www.radiofrance.com\/les-editions\/livre\/extremis\" target=\"_blank\" rel=\"noopener\" class=\"\" data-testid=\"link\"><strong>In Extremis &#8211; Histoires de survie<\/strong><\/a><\/p>\n<p>  <img decoding=\"async\" class=\"Image-preview  svelte-1b9cmvl\" data-testid=\"image-preview\" src=\"data:image\/jpeg;charset=utf-8;base64, \/9j\/2wBDACgcHiMeGSgjISMtKygwPGRBPDc3PHtYXUlkkYCZlo+AjIqgtObDoKrarYqMyP\/L2u71\/\/\/\/m8H\/\/\/\/6\/+b9\/\/j\/2wBDASstLTw1PHZBQXb4pYyl+Pj4+Pj4+Pj4+Pj4+Pj4+Pj4+Pj4+Pj4+Pj4+Pj4+Pj4+Pj4+Pj4+Pj4+Pj4+Pj4+Pj\/wAARCAAgACoDASIAAhEBAxEB\/8QAGAABAQEBAQAAAAAAAAAAAAAAAgMBBAD\/xAAYEAEBAQEBAAAAAAAAAAAAAAAAAQIREv\/EABYBAQEBAAAAAAAAAAAAAAAAAAEAAv\/EABQRAQAAAAAAAAAAAAAAAAAAAAD\/2gAMAwEAAhEDEQA\/AO\/Wk7puk6gcqmahFM1lLyl1KUukpayFy6bkLkhHhSF5bMgtyXHpC4k\/\/9k=\" alt=\"\" aria-hidden=\"false\"\/>     <img decoding=\"async\" src=\"https:\/\/www.europesays.com\/fr\/wp-content\/uploads\/2025\/12\/860_sc_couv-livre-in-extremis.jpg\" loading=\"lazy\" fetchpriority=\"low\" width=\"474\" height=\"369\" class=\"Image-main  svelte-1b9cmvl rounded\" data-testid=\"image-src\" alt=\"In Extremis - Histoires de survie, \u00e9ditions Julliard \/ France Inter \u00a9 Radio France\" aria-hidden=\"false\" onload=\"this.__e=event\" onerror=\"this.__e=event\"\/> In Extremis &#8211; Histoires de survie, \u00e9ditions Julliard \/ France Inter \u00a9 Radio France \u00a9 Radio France  <\/p>\n","protected":false},"excerpt":{"rendered":"Un micro robot con\u00e7u pour naviguer dans les vaisseaux sanguins Pas plus grand qu\u2019un grain de sable, il&hellip;\n","protected":false},"author":2,"featured_media":570270,"comment_status":"","ping_status":"","sticky":false,"template":"","format":"standard","meta":{"footnotes":""},"categories":[10],"tags":[1011,27,72,71],"class_list":{"0":"post-570269","1":"post","2":"type-post","3":"status-publish","4":"format-standard","5":"has-post-thumbnail","7":"category-sante","8":"tag-fr","9":"tag-france","10":"tag-health","11":"tag-sante"},"share_on_mastodon":{"url":"https:\/\/pubeurope.com\/@fr\/115642584591206963","error":""},"_links":{"self":[{"href":"https:\/\/www.europesays.com\/fr\/wp-json\/wp\/v2\/posts\/570269","targetHints":{"allow":["GET"]}}],"collection":[{"href":"https:\/\/www.europesays.com\/fr\/wp-json\/wp\/v2\/posts"}],"about":[{"href":"https:\/\/www.europesays.com\/fr\/wp-json\/wp\/v2\/types\/post"}],"author":[{"embeddable":true,"href":"https:\/\/www.europesays.com\/fr\/wp-json\/wp\/v2\/users\/2"}],"replies":[{"embeddable":true,"href":"https:\/\/www.europesays.com\/fr\/wp-json\/wp\/v2\/comments?post=570269"}],"version-history":[{"count":0,"href":"https:\/\/www.europesays.com\/fr\/wp-json\/wp\/v2\/posts\/570269\/revisions"}],"wp:featuredmedia":[{"embeddable":true,"href":"https:\/\/www.europesays.com\/fr\/wp-json\/wp\/v2\/media\/570270"}],"wp:attachment":[{"href":"https:\/\/www.europesays.com\/fr\/wp-json\/wp\/v2\/media?parent=570269"}],"wp:term":[{"taxonomy":"category","embeddable":true,"href":"https:\/\/www.europesays.com\/fr\/wp-json\/wp\/v2\/categories?post=570269"},{"taxonomy":"post_tag","embeddable":true,"href":"https:\/\/www.europesays.com\/fr\/wp-json\/wp\/v2\/tags?post=570269"}],"curies":[{"name":"wp","href":"https:\/\/api.w.org\/{rel}","templated":true}]}}