{"id":570277,"date":"2025-12-01T05:12:15","date_gmt":"2025-12-01T05:12:15","guid":{"rendered":"https:\/\/www.europesays.com\/fr\/570277\/"},"modified":"2025-12-01T05:12:15","modified_gmt":"2025-12-01T05:12:15","slug":"cette-aide-que-touchent-de-nombreux-parents-evolue-a-partir-du-1%e1%b5%89%ca%b3-decembre","status":"publish","type":"post","link":"https:\/\/www.europesays.com\/fr\/570277\/","title":{"rendered":"cette aide que touchent de nombreux parents \u00e9volue \u00e0 partir du 1\u1d49\u02b3\u00a0d\u00e9cembre"},"content":{"rendered":"<p>Le <strong>Compl\u00e9ment de libre choix du mode de garde (CMG)<\/strong> \u00e9volue : en garde altern\u00e9e, chaque parent pourra d\u00e9sormais percevoir cette aide s\u00e9par\u00e9ment, \u00e0 condition de remplir plusieurs crit\u00e8res pr\u00e9cis. \u00c0 partir du <strong>1\u1d49\u02b3\u00a0d\u00e9cembre 2025<\/strong>, une nouvelle r\u00e8gle entre en vigueur pour les familles s\u00e9par\u00e9es. Les deux parents pourront b\u00e9n\u00e9ficier <strong>ind\u00e9pendamment<\/strong> du <strong>CMG<\/strong>, \u00e0 condition que la garde altern\u00e9e soit effective et que chacun fasse appel \u00e0 une garde d\u00e9clar\u00e9e. Un changement qui refl\u00e8te une meilleure prise en compte des r\u00e9alit\u00e9s familiales.<\/p>\n<p>Chaque parent peut d\u00e9sormais percevoir le CMG individuellement<\/p>\n<p>En cas de <strong>r\u00e9sidence altern\u00e9e<\/strong>, chaque parent peut toucher un montant de CMG calcul\u00e9 selon <strong>sa propre situation<\/strong> : revenus, co\u00fbt de la garde, nombre d\u2019enfants et nombre d\u2019heures d\u00e9clar\u00e9es. Il ne s\u2019agit plus de partager une seule aide. Si un parent re\u00e7oit 150 \u20ac, l\u2019autre pourra percevoir une somme diff\u00e9rente, sans lien avec le premier versement. Ce mode de calcul individualis\u00e9 rend l\u2019aide <strong>plus juste et adapt\u00e9e<\/strong> \u00e0 chaque foyer. Retrouvez notre article sur l\u2019<a href=\"https:\/\/www.cesdefrance.fr\/actualite\/aide-exceptionnelle-en-decembre-les-allocataires-de-la-caf-vont-ils-toucher-400-e\/\" target=\"_blank\" rel=\"noopener\">aide exceptionnelle en d\u00e9cembre : les allocataires de la CAF vont-ils toucher 400 \u20ac ?<\/a><\/p>\n<p>Conditions strictes pour b\u00e9n\u00e9ficier de cette nouvelle r\u00e8gle<\/p>\n<p>Pour acc\u00e9der \u00e0 ce <strong>nouveau fonctionnement<\/strong>, plusieurs conditions doivent \u00eatre remplies. D\u2019abord, la <strong>r\u00e9sidence altern\u00e9e<\/strong> doit \u00eatre r\u00e9elle, et non un simple droit de visite. Ensuite, chaque parent doit employer <strong>directement<\/strong> une assistante maternelle agr\u00e9\u00e9e ou une garde \u00e0 domicile. M\u00eame si la personne employ\u00e9e est la m\u00eame, deux <strong>contrats distincts<\/strong> doivent exister, avec des <strong>d\u00e9clarations s\u00e9par\u00e9es<\/strong> aupr\u00e8s du service <strong>Pajemploi<\/strong>.<\/p>\n<p>Les autres formes de garde ne sont pas concern\u00e9es par la r\u00e9forme<\/p>\n<p>Les parents faisant appel \u00e0 une <strong>cr\u00e8che familiale<\/strong>, une <strong>microcr\u00e8che<\/strong> ou une <strong>structure prestataire<\/strong> ne sont pas concern\u00e9s par cette r\u00e9forme. En effet, ces modes de garde ne permettent pas une contractualisation directe par chaque parent, ce qui emp\u00eache un calcul individualis\u00e9. La r\u00e9forme cible donc uniquement les <strong>garde \u00e0 domicile et assistantes maternelles<\/strong>, o\u00f9 l\u2019employeur est clairement identifi\u00e9.<\/p>\n<p>Une aide pouvant atteindre 984 \u20ac selon l\u2019\u00e2ge de l\u2019enfant<\/p>\n<p>En 2025, le <strong>CMG<\/strong> peut atteindre jusqu\u2019\u00e0 <strong>984,26 \u20ac par mois<\/strong> pour un enfant de moins de 3 ans, et <strong>492,13 \u20ac<\/strong> entre 3 et 6 ans. Ces montants varient selon les revenus des parents et les frais engag\u00e9s. Gr\u00e2ce \u00e0 la r\u00e9forme, les foyers s\u00e9par\u00e9s peuvent cumuler deux aides distinctes \u2014 une avanc\u00e9e notable qui soutient les parents dans le financement du <strong>mode de garde choisi<\/strong>. Retrouvez \u00e9galement notre article sur la <a href=\"https:\/\/www.cesdefrance.fr\/actualite\/retraite-caf-impots-voici-les-mesures-qui-vont-impacter-votre-budget-a-partir-du-1er-decembre\/\" target=\"_blank\" rel=\"noopener\">retraite, CAF, imp\u00f4ts : voici les mesures qui vont impacter votre budget \u00e0 partir du 1\u1d49\u02b3\u00a0d\u00e9cembre.<\/a><\/p>\n<p>Conclusion <\/p>\n<p>Avec cette \u00e9volution, la <strong>Caf<\/strong> reconna\u00eet enfin les besoins sp\u00e9cifiques des familles en garde altern\u00e9e. Ce nouveau droit peut offrir un vrai soutien financier aux deux parents, \u00e0 condition de respecter les crit\u00e8res. Et vous, trouvez-vous cette r\u00e9forme du CMG plus \u00e9quitable pour les foyers s\u00e9par\u00e9s ? Partagez votre point de vue en commentaire.<\/p>\n<p>En tant que jeune m\u00e9dia ind\u00e9pendant, CESdeFrance a besoin de votre aide. Soutenez-nous en nous suivant et en nous ajoutant \u00e0 vos favoris sur Google News. Merci !<\/p>\n<p><a href=\"https:\/\/news.google.com\/publications\/CAAqBwgKMNnPrAsw5trEAw?hl=fr&amp;gl=FR&amp;ceid=FR%3Afr\" target=\"_blank\" rel=\"external noopener\">Suivez-nous sur Google News <\/a><\/p>\n","protected":false},"excerpt":{"rendered":"Le Compl\u00e9ment de libre choix du mode de garde (CMG) \u00e9volue : en garde altern\u00e9e, chaque parent pourra&hellip;\n","protected":false},"author":2,"featured_media":570278,"comment_status":"","ping_status":"","sticky":false,"template":"","format":"standard","meta":{"footnotes":""},"categories":[6],"tags":[35,33,34,1011,27],"class_list":{"0":"post-570277","1":"post","2":"type-post","3":"status-publish","4":"format-standard","5":"has-post-thumbnail","7":"category-economie","8":"tag-business","9":"tag-economie","10":"tag-economy","11":"tag-fr","12":"tag-france"},"share_on_mastodon":{"url":"https:\/\/pubeurope.com\/@fr\/115642600339612950","error":""},"_links":{"self":[{"href":"https:\/\/www.europesays.com\/fr\/wp-json\/wp\/v2\/posts\/570277","targetHints":{"allow":["GET"]}}],"collection":[{"href":"https:\/\/www.europesays.com\/fr\/wp-json\/wp\/v2\/posts"}],"about":[{"href":"https:\/\/www.europesays.com\/fr\/wp-json\/wp\/v2\/types\/post"}],"author":[{"embeddable":true,"href":"https:\/\/www.europesays.com\/fr\/wp-json\/wp\/v2\/users\/2"}],"replies":[{"embeddable":true,"href":"https:\/\/www.europesays.com\/fr\/wp-json\/wp\/v2\/comments?post=570277"}],"version-history":[{"count":0,"href":"https:\/\/www.europesays.com\/fr\/wp-json\/wp\/v2\/posts\/570277\/revisions"}],"wp:featuredmedia":[{"embeddable":true,"href":"https:\/\/www.europesays.com\/fr\/wp-json\/wp\/v2\/media\/570278"}],"wp:attachment":[{"href":"https:\/\/www.europesays.com\/fr\/wp-json\/wp\/v2\/media?parent=570277"}],"wp:term":[{"taxonomy":"category","embeddable":true,"href":"https:\/\/www.europesays.com\/fr\/wp-json\/wp\/v2\/categories?post=570277"},{"taxonomy":"post_tag","embeddable":true,"href":"https:\/\/www.europesays.com\/fr\/wp-json\/wp\/v2\/tags?post=570277"}],"curies":[{"name":"wp","href":"https:\/\/api.w.org\/{rel}","templated":true}]}}