{"id":570279,"date":"2025-12-01T05:13:17","date_gmt":"2025-12-01T05:13:17","guid":{"rendered":"https:\/\/www.europesays.com\/fr\/570279\/"},"modified":"2025-12-01T05:13:17","modified_gmt":"2025-12-01T05:13:17","slug":"donald-trump-confirme-avoir-telephone-recemment-au-president-venezuelien-nicolas-maduro-rfi","status":"publish","type":"post","link":"https:\/\/www.europesays.com\/fr\/570279\/","title":{"rendered":"Donald Trump confirme avoir t\u00e9l\u00e9phon\u00e9 r\u00e9cemment au pr\u00e9sident v\u00e9n\u00e9zu\u00e9lien Nicolas Maduro &#8211; RFI"},"content":{"rendered":"<ol>\n<li><a href=\"https:\/\/news.google.com\/rss\/articles\/CBMi-gFBVV95cUxNTUxPUm80YUpPbTktQUlSSmFGT0hvTlFhUnJoR1k4X003NVJ6ZDBfRElqQU5XcW1vN0pCcFVSRTVzRVFRb2dJNDdlci1xNTExX3c1RDIwUUJQYWthZWJ2ZVd2M0FDYWxrVmg2MXNsRUx5TGFERlZxb3lybGpkcE15clRRNEl1Wk0zYkVNSnZ2V2V3RWdGQ0ZiamVVcFpreEpWdWRUbV9vaGtKakhfcE5Qd1dIUEZINmNKaEhKbnVWbHBPSXFjVGxtMF9SV2YxOEhJYi1yZVZiRUpLYWFsRFBrNTFfbEhDQmJ3OE5uWlZ1Sm0wajdFeFhRSDR3?oc=5\" target=\"_blank\" rel=\"noopener\">Donald Trump confirme avoir t\u00e9l\u00e9phon\u00e9 r\u00e9cemment au pr\u00e9sident v\u00e9n\u00e9zu\u00e9lien Nicolas Maduro<\/a>&nbsp;&nbsp;RFI<\/li>\n<li><a href=\"https:\/\/news.google.com\/rss\/articles\/CBMi2AFBVV95cUxQdXhxM0tLQUF2X1V1RHhDb3VSTzV2WVFqTlZtc1VUY084QUx6SFRQNkVfckdpVDk2N25BUjRvNS01RGJvTHAzSTFMUTZTNVRwTWlXU2dQRUVOY1FOU25oMHpFeENaanRlM3E1NU1HWVVyQURUSTNzVm5kbVdaN09yOEVBc0FrYld1Qi0zLXNJSTFUSHltV0ZBTkNoYllNSHg2bGlSRWNWRmJOTkpSWHpSWmhjVXZ6bW5JenNmRFlmUGRibEpDbGZhUmZfVDNfQ3dseTc3bHBqZm8?oc=5\" target=\"_blank\" rel=\"noopener\">Donald Trump confirme avoir \u00e9chang\u00e9 directement avec Nicolas Maduro<\/a>&nbsp;&nbsp;Le Monde.fr<\/li>\n<li><a href=\"https:\/\/news.google.com\/rss\/articles\/CBMi0gFBVV95cUxPSWZvMHhYalRxLU9iMjUtRDZuZU83aXZlcWFOZERYTHFBTW9JeXBac20xaWxiTklHSHgtTGIteTJKaEctbHc4N3hfV2laOVE2MkJhSWk2eW14LWtVajZfdmQtQUtnVXptMDQxRnU1cmJLMk4zTWp5Z1RLNjdvLTZRbGRmNWpvWmFoU3M0eTdfYkZaQW9pS0pEQ0NGMUJ3YVItNC1MakpPeEFxb0pQcWhOYWdwWkZRZVRCU3o1TUZMZGhfV3gtUlIybmo4TWRXTzVQQkE?oc=5\" target=\"_blank\" rel=\"noopener\">Venezuela : Maduro demande l&rsquo;aide de l&rsquo;OPEP, Washington lui propose de \u00abpartir pour la Russie\u00bb<\/a>&nbsp;&nbsp;Le Figaro<\/li>\n<li><a href=\"https:\/\/news.google.com\/rss\/articles\/CBMi_AFBVV95cUxONnBqUlFWb0tHcHN0OUhFbm1MS1NTcEF4LWRCX0FxbXdOQ0h5WVhtcEZmb1NSSVJmampMeWswWVNoN1lxQjVHRzFPd1otT2lrYVpnS0x5TjBianNBUFdlRjBPNkl5Ti11d2I0QUdSVFhDNVRCZFNHdzM3RTdaWHQ4RDJQN21wMnk3cjl4WldrbEFoYzhMZkpVeFBuaUVSOWJwTkhLZVhZQWZoMGtZdDhSaHA4M0dnVi05QnVSY0Z4d0hQN3pCcVJuRGp6a0Fud0RmOE5CT2NCSXBvNUJISnZmN0NWV0o2QXZpeVk1V1JYdUpmUmVTOGVIQ25QTUo?oc=5\" target=\"_blank\" rel=\"noopener\">Trump consid\u00e8re l\u2019espace a\u00e9rien v\u00e9n\u00e9zu\u00e9lien \u201cferm\u00e9\u201d, Gaza, Mexique : les informations de la nuit<\/a>&nbsp;&nbsp;Courrier international<\/li>\n<li><a href=\"https:\/\/news.google.com\/rss\/articles\/CBMi_AFBVV95cUxQUjRlM1FwaXhoSW94NGtOZHhwNm5CeHF2SU1XNU51d0pHamtST3V5QzBLVl9IY2VucFlYenJoT3JmUkYtN3k1V3hqTjVBRnVCdkpnRlVkQ3lPNTVJZVZOWGpMZGFUV0U3SzdaaEhnTU1uVnpyOFZOUERVbzFDMFZDM2hRVWJtdUc2WjU4N2ozel90ZUVlczJyTnVteWJ1QlA5ZDNXNmtDZmFGUmhaaVp6N1ExZUVtQUVYRnhMbHloWmdONm5LeDlCNmpqRjZmMDZKTXFGdnZSTW81bk9qMnhsbkwwam5CNEZhU2ZRT2h2UmlvTmNJcVVnR0lkMjE?oc=5\" target=\"_blank\" rel=\"noopener\">Les \u00c9tats-Unis ont sugg\u00e9r\u00e9 \u00e0 Maduro de partir en Russie ou ailleurs<\/a>&nbsp;&nbsp;Ouest-France<\/li>\n<\/ol>\n","protected":false},"excerpt":{"rendered":"Donald Trump confirme avoir t\u00e9l\u00e9phon\u00e9 r\u00e9cemment au pr\u00e9sident v\u00e9n\u00e9zu\u00e9lien Nicolas Maduro&nbsp;&nbsp;RFI Donald Trump confirme avoir \u00e9chang\u00e9 directement avec&hellip;\n","protected":false},"author":2,"featured_media":395849,"comment_status":"","ping_status":"","sticky":false,"template":"","format":"standard","meta":{"footnotes":""},"categories":[5],"tags":[11,1011,27,14,12,28],"class_list":{"0":"post-570279","1":"post","2":"type-post","3":"status-publish","4":"format-standard","5":"has-post-thumbnail","7":"category-international","8":"tag-actualites","9":"tag-fr","10":"tag-france","11":"tag-international","12":"tag-news","13":"tag-world"},"share_on_mastodon":{"url":"https:\/\/pubeurope.com\/@fr\/115642604373732705","error":""},"_links":{"self":[{"href":"https:\/\/www.europesays.com\/fr\/wp-json\/wp\/v2\/posts\/570279","targetHints":{"allow":["GET"]}}],"collection":[{"href":"https:\/\/www.europesays.com\/fr\/wp-json\/wp\/v2\/posts"}],"about":[{"href":"https:\/\/www.europesays.com\/fr\/wp-json\/wp\/v2\/types\/post"}],"author":[{"embeddable":true,"href":"https:\/\/www.europesays.com\/fr\/wp-json\/wp\/v2\/users\/2"}],"replies":[{"embeddable":true,"href":"https:\/\/www.europesays.com\/fr\/wp-json\/wp\/v2\/comments?post=570279"}],"version-history":[{"count":0,"href":"https:\/\/www.europesays.com\/fr\/wp-json\/wp\/v2\/posts\/570279\/revisions"}],"wp:featuredmedia":[{"embeddable":true,"href":"https:\/\/www.europesays.com\/fr\/wp-json\/wp\/v2\/media\/395849"}],"wp:attachment":[{"href":"https:\/\/www.europesays.com\/fr\/wp-json\/wp\/v2\/media?parent=570279"}],"wp:term":[{"taxonomy":"category","embeddable":true,"href":"https:\/\/www.europesays.com\/fr\/wp-json\/wp\/v2\/categories?post=570279"},{"taxonomy":"post_tag","embeddable":true,"href":"https:\/\/www.europesays.com\/fr\/wp-json\/wp\/v2\/tags?post=570279"}],"curies":[{"name":"wp","href":"https:\/\/api.w.org\/{rel}","templated":true}]}}