{"id":570280,"date":"2025-12-01T05:14:21","date_gmt":"2025-12-01T05:14:21","guid":{"rendered":"https:\/\/www.europesays.com\/fr\/570280\/"},"modified":"2025-12-01T05:14:21","modified_gmt":"2025-12-01T05:14:21","slug":"le-ministre-laurent-nunez-pas-favorable-a-linterdiction-du-voile-aux-mineures","status":"publish","type":"post","link":"https:\/\/www.europesays.com\/fr\/570280\/","title":{"rendered":"Le ministre Laurent Nu\u00f1ez\u00a0pas favorable\u00a0\u00e0 l\u2019interdiction du voile aux mineures"},"content":{"rendered":"<p>Et voici que la question du <a href=\"https:\/\/www.20minutes.fr\/politique\/4187646-20251124-portee-wauquiez-proposition-loi-interdire-mineures-porter-voile-espace-public\" target=\"_blank\" class=\"c-link c-link--is-underlined\" rel=\"noopener\">port du voile revient sur la table<\/a>. Alors que <a href=\"https:\/\/www.20minutes.fr\/dossier\/laurent_wauquiez\" class=\"c-link c-link--is-underlined\" target=\"_blank\" rel=\"noopener\">Laurent Wauquiez<\/a> chef des d\u00e9put\u00e9s LR a d\u00e9pos\u00e9 lundi dernier une proposition de loi pour interdire le port du voile aux mineures dans l\u2019espace public, le ministre de l\u2019Int\u00e9rieur <a href=\"https:\/\/www.20minutes.fr\/politique\/laurent-nunez\/\" class=\"c-link c-link--is-underlined\" target=\"_blank\" rel=\"noopener\">Laurent Nu\u00f1ez<\/a> s\u2019est dit ce <a href=\"https:\/\/x.com\/BFMTV\/status\/1995095723403051064\" rel=\"nofollow\" target=\"_blank\" class=\"c-link c-link--is-underlined\">dimanche sur BFMTV<\/a> pas favorable\u00a0\u00e0 cette interdiction. Cette proposition \u00ab\u00a0est tr\u00e8s stigmatisante vis-\u00e0-vis de nos compatriotes musulmans qui peuvent se sentir bless\u00e9s\u00a0\u00bb, a affirm\u00e9 le ministre, \u00ab\u00a0je n\u2019y suis pas favorable comme \u00e7a\u00a0\u00bb.<\/p>\n<\/p>\n<p>\u00ab\u00a0On se rapproche pas mal du d\u00e9lit d\u2019opinion\u00a0\u00bb<\/p>\n<p>Le voile mais aussi <a href=\"https:\/\/www.20minutes.fr\/societe\/4187792-20251125-islam-rapport-droite-senatoriale-preconise-interdiction-voile-jeune-avant-16-ans\" target=\"_blank\" class=\"c-link c-link--is-underlined\" rel=\"noopener\">le je\u00fbne du ramadan<\/a>. Un rapport des R\u00e9publicains au S\u00e9nat \u00e9voque \u00e9galement l\u2019interdiction du je\u00fbne du ramadan aux moins de 16 ans, dans le sillage du rapport sur l\u2019entrisme islamique rendu public au printemps par <a href=\"https:\/\/www.20minutes.fr\/dossier\/bruno_retailleau\" class=\"c-link c-link--is-underlined\" target=\"_blank\" rel=\"noopener\">Bruno Retailleau<\/a>, alors ministre de l\u2019Int\u00e9rieur. \u00ab\u00a0On se rapproche pas mal du d\u00e9lit d\u2019opinion, donc il faut qu\u2019on soit extr\u00eamement prudents dans les mesures que l\u2019on va proposer\u00a0\u00bb, a d\u00e9clar\u00e9 le ministre Laurent Nu\u00f1ez au sujet de ces deux id\u00e9es, \u00ab\u00a0il faut faire attention aux mesures qui seraient trop stigmatisantes\u00a0\u00bb, a-t-il martel\u00e9.<\/p>\n<p>\u00ab\u00a0Ce qu\u2019on vise, c\u2019est des structures, des individus qui <a href=\"https:\/\/www.20minutes.fr\/societe\/4188515-20251128-assemblee-nationale-melenchon-convoque-commission-enquete-liens-supposes-entre-partis-islamisme\" target=\"_blank\" class=\"c-link c-link--is-underlined\" rel=\"noopener\">portent un discours d\u2019entrisme islamiste <\/a>qui vise \u00e0 terme \u00e0 faire en sorte qu\u2019a terme la loi religieuse s\u2019impose aux lois de la R\u00e9publique\u00a0\u00bb, a-t-il dit. Selon le ministre, \u00ab\u00a0il faut plut\u00f4t essayer de s\u2019attaquer \u00e0 ces structures, \u00e0 ces individus qui disent \u00e0 ces jeunes filles qu\u2019elles doivent avoir le droit d\u2019aller voil\u00e9es \u00e0 l\u2019\u00e9cole et [\u2026] que sinon il faut refuser d\u2019aller \u00e0 l\u2019\u00e9cole\u00a0\u00bb.<\/p>\n<p>Sur <a href=\"https:\/\/www.20minutes.fr\/medias\/cnews\/\" class=\"c-link c-link--is-underlined\" target=\"_blank\" rel=\"noopener\">CNews<\/a>-Europe 1 dimanche, la ministre charg\u00e9e de l\u2019Egalit\u00e9 Hommes femmes <a href=\"https:\/\/www.20minutes.fr\/politique\/aurore-berge\/\" class=\"c-link c-link--is-underlined\" target=\"_blank\" rel=\"noopener\">Aurore Berg\u00e9<\/a> s\u2019est pour sa part dite favorable \u00e0 l\u2019interdiction du port du voile aux fillettes, pour \u00ab\u00a0prot\u00e9ger les enfants\u00a0\u00bb. \u00ab\u00a0\u00c7a fait des ann\u00e9es que je le propose et ce serait bien que maintenant on le fasse. Les groupes politiques peuvent inscrire des propositions de loi \u00e0 l\u2019ordre du jour et je n\u2019ai aucun doute sur le fait qu\u2019il y a maintenant une majorit\u00e9 \u00e0 l\u2019Assembl\u00e9e nationale et au S\u00e9nat pour le voter\u00a0\u00bb.<\/p>\n","protected":false},"excerpt":{"rendered":"Et voici que la question du port du voile revient sur la table. Alors que Laurent Wauquiez chef&hellip;\n","protected":false},"author":2,"featured_media":570281,"comment_status":"","ping_status":"","sticky":false,"template":"","format":"standard","meta":{"footnotes":""},"categories":[4],"tags":[47,11,416,847,1011,27,36462,5454,5639,8335,7088,12,316,15487,2355,4020,25,656,104],"class_list":{"0":"post-570280","1":"post","2":"type-post","3":"status-publish","4":"format-standard","5":"has-post-thumbnail","7":"category-france","8":"tag-actualite","9":"tag-actualites","10":"tag-assemblee-nationale","11":"tag-enfant","12":"tag-fr","13":"tag-france","14":"tag-islamiste","15":"tag-laurent-nunez","16":"tag-laurent-wauquiez","17":"tag-les-republicains-lr","18":"tag-ministre-de-linterieur","19":"tag-news","20":"tag-politique","21":"tag-port-du-voile","22":"tag-protection-de-lenfance","23":"tag-religion","24":"tag-republique-francaise","25":"tag-securite","26":"tag-societe"},"share_on_mastodon":{"url":"https:\/\/pubeurope.com\/@fr\/115642608211816511","error":""},"_links":{"self":[{"href":"https:\/\/www.europesays.com\/fr\/wp-json\/wp\/v2\/posts\/570280","targetHints":{"allow":["GET"]}}],"collection":[{"href":"https:\/\/www.europesays.com\/fr\/wp-json\/wp\/v2\/posts"}],"about":[{"href":"https:\/\/www.europesays.com\/fr\/wp-json\/wp\/v2\/types\/post"}],"author":[{"embeddable":true,"href":"https:\/\/www.europesays.com\/fr\/wp-json\/wp\/v2\/users\/2"}],"replies":[{"embeddable":true,"href":"https:\/\/www.europesays.com\/fr\/wp-json\/wp\/v2\/comments?post=570280"}],"version-history":[{"count":0,"href":"https:\/\/www.europesays.com\/fr\/wp-json\/wp\/v2\/posts\/570280\/revisions"}],"wp:featuredmedia":[{"embeddable":true,"href":"https:\/\/www.europesays.com\/fr\/wp-json\/wp\/v2\/media\/570281"}],"wp:attachment":[{"href":"https:\/\/www.europesays.com\/fr\/wp-json\/wp\/v2\/media?parent=570280"}],"wp:term":[{"taxonomy":"category","embeddable":true,"href":"https:\/\/www.europesays.com\/fr\/wp-json\/wp\/v2\/categories?post=570280"},{"taxonomy":"post_tag","embeddable":true,"href":"https:\/\/www.europesays.com\/fr\/wp-json\/wp\/v2\/tags?post=570280"}],"curies":[{"name":"wp","href":"https:\/\/api.w.org\/{rel}","templated":true}]}}