{"id":570282,"date":"2025-12-01T05:15:16","date_gmt":"2025-12-01T05:15:16","guid":{"rendered":"https:\/\/www.europesays.com\/fr\/570282\/"},"modified":"2025-12-01T05:15:16","modified_gmt":"2025-12-01T05:15:16","slug":"enquete-contre-un-reseau-pedopornographique-satanique-international","status":"publish","type":"post","link":"https:\/\/www.europesays.com\/fr\/570282\/","title":{"rendered":"Enqu\u00eate contre un r\u00e9seau p\u00e9dopornographique \u00ab\u00a0satanique\u00a0\u00bb international"},"content":{"rendered":"<p>En Australie, une enqu\u00eate <a href=\"https:\/\/www.20minutes.fr\/monde\/canada\/4183729-20251111-canada-cour-supreme-legalise-pedophilie-non\" target=\"_blank\" class=\"c-link c-link--is-underlined\" rel=\"noopener\">contre la p\u00e9dophilie<\/a> avance. La police vient d\u2019annoncer ce lundi avoir inculp\u00e9 quatre hommes. Ils sont soup\u00e7onn\u00e9s d\u2019appartenir \u00e0 un r\u00e9seau partageant du <a href=\"https:\/\/www.20minutes.fr\/justice\/4154717-20250523-proces-scouarnec-castration-chimique-pulverise-fantasmes-comment-traiter-pedophilie-france\" target=\"_blank\" class=\"c-link c-link--is-underlined\" rel=\"noopener\">contenu p\u00e9dopornographique<\/a> \u00ab\u00a0satanique\u00a0\u00bb.<\/p>\n<p>Les enqu\u00eateurs ont men\u00e9 cette descente apr\u00e8s avoir enqu\u00eat\u00e9 sur un \u00ab\u00a0r\u00e9seau international de diffusion de contenu p\u00e9dopornographique satanique\u00a0\u00bb, a d\u00e9clar\u00e9 la police de l\u2019\u00c9tat australien de Nouvelle-Galles du Sud. \u00ab\u00a0Au cours de l\u2019enqu\u00eate, les enqu\u00eateurs ont d\u00e9couvert un r\u00e9seau p\u00e9dophile bas\u00e9 \u00e0 Sydney qui participait activement \u00e0 la possession, \u00e0 la distribution et \u00e0 la mise \u00e0 disposition de ce contenu par le biais d\u2019un site Web g\u00e9r\u00e9 \u00e0 l\u2019\u00e9chelle internationale\u00a0\u00bb, ont-ils d\u00e9clar\u00e9.<\/p>\n<p>Des suspects \u00e2g\u00e9s de 26 \u00e0 46 ans<\/p>\n<p>L\u2019un des quatre hommes arr\u00eat\u00e9s jeudi par la police \u00e0 Sydney, \u00e2g\u00e9 de 26 ans, est accus\u00e9 d\u2019avoir occup\u00e9 un r\u00f4le de premier plan dans le groupe. Il a \u00e9t\u00e9 inculp\u00e9 de 14 chefs d\u2019accusation, dont l\u2019utilisation de service de t\u00e9l\u00e9communication (t\u00e9l\u00e9phone, mail ou r\u00e9seau social, par exemple) pour mettre \u00e0 disposition et acc\u00e9der \u00e0 des documents p\u00e9dopornographiques.<\/p>\n<\/p>\n<p>Les trois autres hommes, \u00e2g\u00e9s de 39, 42 et 46 ans, ont \u00e9t\u00e9 arr\u00eat\u00e9s dans un immeuble et inculp\u00e9s d\u2019une s\u00e9rie d\u2019infractions li\u00e9es au contenu p\u00e9dopornographique.<\/p>\n<p><a href=\"https:\/\/www.20minutes.fr\/dossier\/australie\" target=\"_blank\" class=\"c-link c-btn c-btn--primary\" rel=\"noopener\">Notre dossier sur l&rsquo;Australie<\/a><\/p>\n<p>Tous les quatre se sont vus refuser la libert\u00e9 sous caution dans l\u2019attente de leur comparution devant le tribunal.<\/p>\n","protected":false},"excerpt":{"rendered":"En Australie, une enqu\u00eate contre la p\u00e9dophilie avance. La police vient d\u2019annoncer ce lundi avoir inculp\u00e9 quatre hommes.&hellip;\n","protected":false},"author":2,"featured_media":570283,"comment_status":"","ping_status":"","sticky":false,"template":"","format":"standard","meta":{"footnotes":""},"categories":[2],"tags":[47,11,5035,1011,27,74,12,1974,32329,2355,133,799],"class_list":{"0":"post-570282","1":"post","2":"type-post","3":"status-publish","4":"format-standard","5":"has-post-thumbnail","7":"category-actualites","8":"tag-actualite","9":"tag-actualites","10":"tag-australie","11":"tag-fr","12":"tag-france","13":"tag-monde","14":"tag-news","15":"tag-pedocriminalite","16":"tag-pedopornographie","17":"tag-protection-de-lenfance","18":"tag-video","19":"tag-violences-sexuelles"},"share_on_mastodon":{"url":"https:\/\/pubeurope.com\/@fr\/115642612059878221","error":""},"_links":{"self":[{"href":"https:\/\/www.europesays.com\/fr\/wp-json\/wp\/v2\/posts\/570282","targetHints":{"allow":["GET"]}}],"collection":[{"href":"https:\/\/www.europesays.com\/fr\/wp-json\/wp\/v2\/posts"}],"about":[{"href":"https:\/\/www.europesays.com\/fr\/wp-json\/wp\/v2\/types\/post"}],"author":[{"embeddable":true,"href":"https:\/\/www.europesays.com\/fr\/wp-json\/wp\/v2\/users\/2"}],"replies":[{"embeddable":true,"href":"https:\/\/www.europesays.com\/fr\/wp-json\/wp\/v2\/comments?post=570282"}],"version-history":[{"count":0,"href":"https:\/\/www.europesays.com\/fr\/wp-json\/wp\/v2\/posts\/570282\/revisions"}],"wp:featuredmedia":[{"embeddable":true,"href":"https:\/\/www.europesays.com\/fr\/wp-json\/wp\/v2\/media\/570283"}],"wp:attachment":[{"href":"https:\/\/www.europesays.com\/fr\/wp-json\/wp\/v2\/media?parent=570282"}],"wp:term":[{"taxonomy":"category","embeddable":true,"href":"https:\/\/www.europesays.com\/fr\/wp-json\/wp\/v2\/categories?post=570282"},{"taxonomy":"post_tag","embeddable":true,"href":"https:\/\/www.europesays.com\/fr\/wp-json\/wp\/v2\/tags?post=570282"}],"curies":[{"name":"wp","href":"https:\/\/api.w.org\/{rel}","templated":true}]}}