{"id":570284,"date":"2025-12-01T05:16:23","date_gmt":"2025-12-01T05:16:23","guid":{"rendered":"https:\/\/www.europesays.com\/fr\/570284\/"},"modified":"2025-12-01T05:16:23","modified_gmt":"2025-12-01T05:16:23","slug":"qui-sera-candidat-dans-votre-commune","status":"publish","type":"post","link":"https:\/\/www.europesays.com\/fr\/570284\/","title":{"rendered":"qui sera candidat dans votre commune\u00a0?"},"content":{"rendered":"<p>                            Saint-Jean-Bonnefonds<\/p>\n<p>Marc Chavanne l\u2019a annonc\u00e9 au d\u00e9but de l\u2019\u00e9t\u00e9\u00a0: il ne briguera pas de troisi\u00e8me mandat. Apr\u00e8s 37 ans d\u2019engagement, <a href=\"https:\/\/www.leprogres.fr\/elections\/2025\/07\/14\/marc-chavanne-ne-se-represente-pas-je-n-ai-pas-pris-cette-decision-par-lassitude\" target=\"_blank\" rel=\"noopener\">celui qui est maire depuis douze ans a d\u00e9cid\u00e9 de passer la main<\/a>. C\u2019est son adjointe en charge de l\u2019action sociale et des \u00e9v\u00e9nements communaux, Anne Garzena, qui <a href=\"https:\/\/www.leprogres.fr\/elections\/2025\/10\/15\/anne-garzenna-candidate-en-2026-je-n-ai-aucune-etiquette-politique\" target=\"_blank\" rel=\"noopener\">repr\u00e9sentera la majorit\u00e9 sortante aux municipales de 2026<\/a>.<\/p>\n<p>Une partie de l\u2019\u00e9quipe actuelle repartira et l\u2019\u00e9lu d\u2019opposition J\u00e9r\u00f4me D\u00e9sorme devrait \u00e9galement rejoindre leurs rangs. En 2020, c\u2019est lui qui conduisait la seconde liste face \u00e0 Marc Chavanne. Quelqu\u2019un prendra-t-il le relais pour monter une autre liste\u00a0? Pour l\u2019heure, aucun candidat n\u2019est d\u00e9clar\u00e9 face \u00e0 la majorit\u00e9 sortante.<\/p>\n<p>Sorbiers<\/p>\n<p>En 2020, trois listes \u00e9taient en lice pour la mairie de Sorbiers. Pour 2026, il n\u2019y en a officiellement qu\u2019une seule pour le moment. Apr\u00e8s plus de 20 ans d\u2019engagement, dont 8 en tant que maire, Marie-Christine Thivant (DVG) a longuement r\u00e9fl\u00e9chi avant de prendre la d\u00e9cision de passer le relais. C\u2019est un de ses&#8230;<\/p>\n","protected":false},"excerpt":{"rendered":"Saint-Jean-Bonnefonds Marc Chavanne l\u2019a annonc\u00e9 au d\u00e9but de l\u2019\u00e9t\u00e9\u00a0: il ne briguera pas de troisi\u00e8me mandat. Apr\u00e8s 37&hellip;\n","protected":false},"author":2,"featured_media":570285,"comment_status":"","ping_status":"","sticky":false,"template":"","format":"standard","meta":{"footnotes":""},"categories":[9653],"tags":[1111,11,2430,7539,4188,1777,674,1011,27,12,316,25,4001,9664,9663],"class_list":{"0":"post-570284","1":"post","2":"type-post","3":"status-publish","4":"format-standard","5":"has-post-thumbnail","7":"category-saint-etienne","8":"tag-actu","9":"tag-actualites","10":"tag-auvergne-rhone-alpes","11":"tag-edition-loire-sud","12":"tag-elections-municipales","13":"tag-eu","14":"tag-europe","15":"tag-fr","16":"tag-france","17":"tag-news","18":"tag-politique","19":"tag-republique-francaise","20":"tag-saint-etienne","21":"tag-saint-etienne-bassin","22":"tag-saint-jean-bonnefonds"},"share_on_mastodon":{"url":"https:\/\/pubeurope.com\/@fr\/115642616009424814","error":""},"_links":{"self":[{"href":"https:\/\/www.europesays.com\/fr\/wp-json\/wp\/v2\/posts\/570284","targetHints":{"allow":["GET"]}}],"collection":[{"href":"https:\/\/www.europesays.com\/fr\/wp-json\/wp\/v2\/posts"}],"about":[{"href":"https:\/\/www.europesays.com\/fr\/wp-json\/wp\/v2\/types\/post"}],"author":[{"embeddable":true,"href":"https:\/\/www.europesays.com\/fr\/wp-json\/wp\/v2\/users\/2"}],"replies":[{"embeddable":true,"href":"https:\/\/www.europesays.com\/fr\/wp-json\/wp\/v2\/comments?post=570284"}],"version-history":[{"count":0,"href":"https:\/\/www.europesays.com\/fr\/wp-json\/wp\/v2\/posts\/570284\/revisions"}],"wp:featuredmedia":[{"embeddable":true,"href":"https:\/\/www.europesays.com\/fr\/wp-json\/wp\/v2\/media\/570285"}],"wp:attachment":[{"href":"https:\/\/www.europesays.com\/fr\/wp-json\/wp\/v2\/media?parent=570284"}],"wp:term":[{"taxonomy":"category","embeddable":true,"href":"https:\/\/www.europesays.com\/fr\/wp-json\/wp\/v2\/categories?post=570284"},{"taxonomy":"post_tag","embeddable":true,"href":"https:\/\/www.europesays.com\/fr\/wp-json\/wp\/v2\/tags?post=570284"}],"curies":[{"name":"wp","href":"https:\/\/api.w.org\/{rel}","templated":true}]}}