{"id":570301,"date":"2025-12-01T05:29:16","date_gmt":"2025-12-01T05:29:16","guid":{"rendered":"https:\/\/www.europesays.com\/fr\/570301\/"},"modified":"2025-12-01T05:29:16","modified_gmt":"2025-12-01T05:29:16","slug":"cinq-individus-interpelles-en-train-de-fracturer-la-porte-dun-appartement-2","status":"publish","type":"post","link":"https:\/\/www.europesays.com\/fr\/570301\/","title":{"rendered":"cinq individus interpell\u00e9s en train de fracturer la porte d&rsquo;un appartement"},"content":{"rendered":"<p>Toujours est-il que ce dimanche apr\u00e8s-midi, les forces de l&rsquo;ordre ont surpris cinq individus encagoul\u00e9s en train de fracturer la porte d&rsquo;un appartement rue des Terrasses Roger Vaillant \u00e0 Saint-Martin-d&rsquo;H\u00e8res.<\/p>\n<p>Le quintet, dont les membres sont \u00e2g\u00e9s de 18 \u00e0 35 ans, a \u00e9t\u00e9 interpell\u00e9 et plac\u00e9 en garde \u00e0 vue selon le Dauphin\u00e9 Lib\u00e9r\u00e9.<\/p>\n<p>La commune is\u00e9roise a \u00e9t\u00e9 la cible d&rsquo;un coup de filet important la semaine derni\u00e8re, menant \u00e0 l&rsquo;interpellation de 12 personnes, dont sept ont \u00e9t\u00e9 mises en examen pour trafic de stup\u00e9fiants et association de malfaiteurs.<\/p>\n","protected":false},"excerpt":{"rendered":"Toujours est-il que ce dimanche apr\u00e8s-midi, les forces de l&rsquo;ordre ont surpris cinq individus encagoul\u00e9s en train de&hellip;\n","protected":false},"author":2,"featured_media":570300,"comment_status":"","ping_status":"","sticky":false,"template":"","format":"standard","meta":{"footnotes":""},"categories":[9566],"tags":[1111,11,2813,2430,1109,251,1112,2811,1777,674,118,1011,27,21780,2731,14004,1922,1110,1114,108,12,316,25,2812,517,800],"class_list":{"0":"post-570301","1":"post","2":"type-post","3":"status-publish","4":"format-standard","5":"has-post-thumbnail","7":"category-grenoble","8":"tag-actu","9":"tag-actualites","10":"tag-article","11":"tag-auvergne-rhone-alpes","12":"tag-breves","13":"tag-culture","14":"tag-depeches","15":"tag-economique","16":"tag-eu","17":"tag-europe","18":"tag-faits-divers","19":"tag-fr","20":"tag-france","21":"tag-gf38","22":"tag-grenoble","23":"tag-grenoblemag","24":"tag-info","25":"tag-informations","26":"tag-infos","27":"tag-isere","28":"tag-news","29":"tag-politique","30":"tag-republique-francaise","31":"tag-sociale","32":"tag-sport","33":"tag-transports"},"share_on_mastodon":{"url":"https:\/\/pubeurope.com\/@fr\/115642668422124382","error":""},"_links":{"self":[{"href":"https:\/\/www.europesays.com\/fr\/wp-json\/wp\/v2\/posts\/570301","targetHints":{"allow":["GET"]}}],"collection":[{"href":"https:\/\/www.europesays.com\/fr\/wp-json\/wp\/v2\/posts"}],"about":[{"href":"https:\/\/www.europesays.com\/fr\/wp-json\/wp\/v2\/types\/post"}],"author":[{"embeddable":true,"href":"https:\/\/www.europesays.com\/fr\/wp-json\/wp\/v2\/users\/2"}],"replies":[{"embeddable":true,"href":"https:\/\/www.europesays.com\/fr\/wp-json\/wp\/v2\/comments?post=570301"}],"version-history":[{"count":0,"href":"https:\/\/www.europesays.com\/fr\/wp-json\/wp\/v2\/posts\/570301\/revisions"}],"wp:featuredmedia":[{"embeddable":true,"href":"https:\/\/www.europesays.com\/fr\/wp-json\/wp\/v2\/media\/570300"}],"wp:attachment":[{"href":"https:\/\/www.europesays.com\/fr\/wp-json\/wp\/v2\/media?parent=570301"}],"wp:term":[{"taxonomy":"category","embeddable":true,"href":"https:\/\/www.europesays.com\/fr\/wp-json\/wp\/v2\/categories?post=570301"},{"taxonomy":"post_tag","embeddable":true,"href":"https:\/\/www.europesays.com\/fr\/wp-json\/wp\/v2\/tags?post=570301"}],"curies":[{"name":"wp","href":"https:\/\/api.w.org\/{rel}","templated":true}]}}