{"id":570302,"date":"2025-12-01T05:30:16","date_gmt":"2025-12-01T05:30:16","guid":{"rendered":"https:\/\/www.europesays.com\/fr\/570302\/"},"modified":"2025-12-01T05:30:16","modified_gmt":"2025-12-01T05:30:16","slug":"trans-musicales-a-rennes-rock-electro-rap-les-huit-groupes-a-ne-pas-rater-cette-annee","status":"publish","type":"post","link":"https:\/\/www.europesays.com\/fr\/570302\/","title":{"rendered":"Trans Musicales \u00e0 Rennes\u00a0: rock, \u00e9lectro, rap\u2026 les huit groupes \u00e0 ne pas rater cette ann\u00e9e"},"content":{"rendered":"<p>1 Lynx IRL<\/p>\n<p><strong>Du mercredi 3 au dimanche 7 d\u00e9cembre, 20 h 45-23 h (sauf dimanche, d\u00e8s 17 h) \u00e0 l\u2019Aire Libre<\/strong><\/p>\n<p>Elle n\u2019a \u00ab trouv\u00e9 la paix que dans le d\u00e9sordre \u00bb, chante-t-elle. Pas de quoi dissuader ceux qui l\u2019\u00e9coutent\u2026 Voir la rappeuse lilloise en action (originaire de Reims), c\u2019est la garantie d\u2019avoir les muscles pris de spasmes, le cr\u00e2ne qui se balance\u2026 Ses sonorit\u00e9s &#8211; inspir\u00e9es de la jungle anglaise et du breakbeat des Prodigy &#8211; se marient \u00e0 merveille \u00e0 ses textes, porteurs des r\u00e9flexions et doutes d\u2019une jeune femme audacieuse et percutante.<\/p>\n<\/p>\n<p>2 Obongjayar<\/p>\n<p><strong>Jeudi 4 d\u00e9cembre, 22 h 30-23 h 30, au parc-expo, hall 8<\/strong><\/p>\n<p>Certains se souviennent de Steven Umoh comme de la voix douce et soyeuse du tube du <a href=\"https:\/\/www.letelegramme.fr\/culture-loisirs\/musique\/fred-again-un-nouvel-album-pour-le-phenomene-electro-6673421.php\" target=\"_blank\" rel=\"noopener\">petit roi de l\u2019\u00e9lectro britannique Fred Again<\/a>.. (\u00ab Adore u \u00bb). Mais Obongjayar nous gratifie aussi de projets musicaux riches et brassant large, du rap \u00e0 l\u2019afrobeat, de la soul \u00e0 l\u2019\u00e9lectro. Des styles permettant au Nig\u00e9rian &#8211; arriv\u00e9 en Angleterre \u00e0 17 ans &#8211; de toucher \u00e0 tous les th\u00e8mes : amour, spiritualit\u00e9, politique, identit\u00e9\u2026 Et pour cela, Steven, on l\u2019adore.<\/p>\n<\/p>\n<p>3 Blind Yeo<\/p>\n<p><strong>Jeudi 4 d\u00e9cembre, 21 h 15-22 h, au parc-expo, hall 8<\/strong><\/p>\n<p>Le collectif psych\u00e9-folk cornouaillais (non, pas sud-finist\u00e9rien, plut\u00f4t made in Cornouailles britanniques) viendra faire voyager &#8211; pour la premi\u00e8re fois en France ! &#8211; son auditoire dans des ambiances exp\u00e9rimentales \u00e0 la fois cosmiques et psych\u00e9d\u00e9liques. Ce carnaval de sonorit\u00e9s sauvages et d\u00e9brid\u00e9es, men\u00e9 par Will Greenham, comblera les amoureux du genre (et pas que).<\/p>\n<\/p>\n<p>4 Fidju Xitxora<\/p>\n<p><strong>Jeudi 4 d\u00e9cembre, 1 h 40-2 h 30, au parc expo, hall 8<\/strong><\/p>\n<p>Quoi de mieux pour finir sa soir\u00e9e du jeudi qu\u2019en rendant visite \u00e0 ce collectif artistique n\u00e9 entre le Cap-Vert et Lisbonne ? Cette vague electro-percussive m\u00eale voix du pass\u00e9, musicalit\u00e9s africaines et electro, et fait se succ\u00e9der synth\u00e9s ultras planants et rythmes fr\u00e9n\u00e9tiques tir\u00e9s du kuduro ou de la semba. Un univers qui s\u2019empare des corps et charme les esprits, bien aid\u00e9 par un performeur pr\u00e9sent sur sc\u00e8ne.<\/p>\n<\/p>\n<p>5 Descartes a Kant<\/p>\n<p><strong>Vendredi 5 d\u00e9cembre, 22 h 35-23 h 30, au parc-expo, hall 4<\/strong><\/p>\n<p>Attention, ph\u00e9nom\u00e8ne ! Ce quartet mexicain a de quoi balayer pas mal de certitudes sur le rock\u2026 En voyant leurs d\u00e9gaines tout droit sorties d\u2019un vieux classique de SF, certains se demanderont bien dans quelle fus\u00e9e ils d\u00e9collent. Nulles craintes ! La g\u00e9n\u00e9rosit\u00e9 et l\u2019audace de ce groupe form\u00e9 en 2001, parfois noise, punk, metal, shoegaze ou m\u00eame pop (PS : leur performance live dans la c\u00e9l\u00e8bre radio am\u00e9ricaine KEXP vaut tous les d\u00e9tours youtubesque) finiront de convaincre les plus douteux. D\u00e9coiffage a-ssu-r\u00e9.<\/p>\n<\/p>\n<p>6 deBasement<\/p>\n<p><strong>Vendredi 5 d\u00e9cembre, 3 h 05-4 h 05, au parc-expo, hall 5<\/strong><\/p>\n<p>Un peu de chaos, de musiques vibrantes et de textes d\u00e9tonants. Voici deBasement, un duo compos\u00e9 d\u2019Alli Logout \u00e0 la chanson, originaire du Texas, et de Margo XS, une DJ baign\u00e9e dans la sc\u00e8ne rave LGBTQ + de Montr\u00e9al. Un bin\u00f4me bien d\u00e9cid\u00e9 \u00e0 sortir leurs sonorit\u00e9s clubs de la \u00ab cave \u00bb (Vous l\u2019avez ? \u00ab The basement \u00bb). R\u00e9sultat : ce spectacle sonore \u00e0 la fois explosif, excentrique et militant \u00e9lectrisera plus d\u2019un festivalier.<\/p>\n<\/p>\n<p>7 The Family Men<\/p>\n<p><strong>Samedi 6 d\u00e9cembre, 0 h 50-1 h 40, au parc-expo, hall 4<\/strong><\/p>\n<p>C\u2019est noise, punk, explosif, parfois planant ou hardcore\u2026 Et, surtout, d\u2019une puissance d\u00e9capante, hors normes. Ce groupe su\u00e9dois, producteur depuis 2017 de sonorit\u00e9s industrielles (ultra) brutes et riches en guitares satur\u00e9es, ne laissera certainement personne indiff\u00e9rent\u2026<\/p>\n<\/p>\n<p>8 X. Club<\/p>\n<p><strong>Samedi 6 d\u00e9cembre, 1 h 30-3 h, au parc-expo, hall 5<\/strong><\/p>\n<p>Leur ascension ne faiblit pas depuis la crise sanitaire. X. Club, c\u2019est un duo d\u2019Australiens biberonn\u00e9 \u00e0 la techno, \u00e0 la drum and bass et \u00e0 la dance music qui n\u2019a s\u00fbrement pas fini de faire parler de lui. Les sets qu\u2019ils concoctent ont une signature sonore \u00e0 la fois percussive, haletante et enivrante. Une sensation \u00e0 part enti\u00e8re et un moment finalement id\u00e9al pour gamberger sur soi. De quoi faire du bien \u00e0 la fois au cardio et \u00e0 la t\u00eate.<\/p>\n<\/p>\n<p>Pratique<\/p>\n<p class=\"note\">Des billets sont disponibles sur le site internet du festival <a href=\"https:\/\/www.lestrans.com\/le-festival\/billetterie_trans\/\" target=\"_blank\" rel=\"noopener\">(lestrans.com<\/a>).<\/p>\n","protected":false},"excerpt":{"rendered":"1 Lynx IRL Du mercredi 3 au dimanche 7 d\u00e9cembre, 20 h 45-23 h (sauf dimanche, d\u00e8s 17&hellip;\n","protected":false},"author":2,"featured_media":570303,"comment_status":"","ping_status":"","sticky":false,"template":"","format":"standard","meta":{"footnotes":""},"categories":[2821],"tags":[1111,11,829,872,1777,674,3337,1011,27,848,873,12,584,25,67953,68558],"class_list":{"0":"post-570302","1":"post","2":"type-post","3":"status-publish","4":"format-standard","5":"has-post-thumbnail","7":"category-rennes","8":"tag-actu","9":"tag-actualites","10":"tag-bretagne","11":"tag-culture-et-loisirs","12":"tag-eu","13":"tag-europe","14":"tag-festivals","15":"tag-fr","16":"tag-france","17":"tag-ille-et-vilaine","18":"tag-musique","19":"tag-news","20":"tag-rennes","21":"tag-republique-francaise","22":"tag-trans-musicales","23":"tag-trans-musicales-de-rennes"},"share_on_mastodon":{"url":"https:\/\/pubeurope.com\/@fr\/115642670957142327","error":""},"_links":{"self":[{"href":"https:\/\/www.europesays.com\/fr\/wp-json\/wp\/v2\/posts\/570302","targetHints":{"allow":["GET"]}}],"collection":[{"href":"https:\/\/www.europesays.com\/fr\/wp-json\/wp\/v2\/posts"}],"about":[{"href":"https:\/\/www.europesays.com\/fr\/wp-json\/wp\/v2\/types\/post"}],"author":[{"embeddable":true,"href":"https:\/\/www.europesays.com\/fr\/wp-json\/wp\/v2\/users\/2"}],"replies":[{"embeddable":true,"href":"https:\/\/www.europesays.com\/fr\/wp-json\/wp\/v2\/comments?post=570302"}],"version-history":[{"count":0,"href":"https:\/\/www.europesays.com\/fr\/wp-json\/wp\/v2\/posts\/570302\/revisions"}],"wp:featuredmedia":[{"embeddable":true,"href":"https:\/\/www.europesays.com\/fr\/wp-json\/wp\/v2\/media\/570303"}],"wp:attachment":[{"href":"https:\/\/www.europesays.com\/fr\/wp-json\/wp\/v2\/media?parent=570302"}],"wp:term":[{"taxonomy":"category","embeddable":true,"href":"https:\/\/www.europesays.com\/fr\/wp-json\/wp\/v2\/categories?post=570302"},{"taxonomy":"post_tag","embeddable":true,"href":"https:\/\/www.europesays.com\/fr\/wp-json\/wp\/v2\/tags?post=570302"}],"curies":[{"name":"wp","href":"https:\/\/api.w.org\/{rel}","templated":true}]}}