{"id":570306,"date":"2025-12-01T05:34:04","date_gmt":"2025-12-01T05:34:04","guid":{"rendered":"https:\/\/www.europesays.com\/fr\/570306\/"},"modified":"2025-12-01T05:34:04","modified_gmt":"2025-12-01T05:34:04","slug":"strasbourg-claudine-malraison-dedicace-son-livre-de-recettes-illustrees-les-alsaciennes-gourmandes","status":"publish","type":"post","link":"https:\/\/www.europesays.com\/fr\/570306\/","title":{"rendered":"Strasbourg. Claudine Malraison d\u00e9dicace son livre de recettes illustr\u00e9es \u201cLes Alsaciennes gourmandes\u201d"},"content":{"rendered":"<p>Alerte gourmandise\u00a0! Apr\u00e8s ses calendriers gourmands, d\u00e9clin\u00e9s depuis quelques ann\u00e9es, la Robertsauvienne Claudine Malraison vient de publier un livre de recettes aux \u00e9ditions Le Glaneur. Opportun\u00e9ment intitul\u00e9 Les Alsaciennes gourmandes , l\u2019ouvrage permet de d\u00e9couvrir et de cuisiner les plats qui ont inspir\u00e9 ses pinceaux.<\/p>\n<p>Riche d\u2019une soixantaine de recettes et \u00e9maill\u00e9 d\u2019autant d\u2019illustrations savoureuses, ce livre revisite la gastronomie alsacienne\u00a0; en toute simplicit\u00e9, mais sous un angle in\u00e9dit, \u00ab\u00a0en passant de la palette \u00e0 la&#8230;<\/p>\n","protected":false},"excerpt":{"rendered":"Alerte gourmandise\u00a0! Apr\u00e8s ses calendriers gourmands, d\u00e9clin\u00e9s depuis quelques ann\u00e9es, la Robertsauvienne Claudine Malraison vient de publier un&hellip;\n","protected":false},"author":2,"featured_media":570307,"comment_status":"","ping_status":"","sticky":false,"template":"","format":"standard","meta":{"footnotes":""},"categories":[2820],"tags":[1111,11,2389,1687,2880,1777,674,2271,107,1011,27,775,2410,12,2661,25,640,2879],"class_list":{"0":"post-570306","1":"post","2":"type-post","3":"status-publish","4":"format-standard","5":"has-post-thumbnail","7":"category-strasbourg","8":"tag-actu","9":"tag-actualites","10":"tag-alsace","11":"tag-culture-loisirs","12":"tag-edition-strasbourg","13":"tag-eu","14":"tag-europe","15":"tag-exposition-arts-plastiques","16":"tag-fil-info","17":"tag-fr","18":"tag-france","19":"tag-grand-est","20":"tag-livres-bd","21":"tag-news","22":"tag-patrimoine-culturel","23":"tag-republique-francaise","24":"tag-strasbourg","25":"tag-strasbourg-ville"},"share_on_mastodon":{"url":"","error":""},"_links":{"self":[{"href":"https:\/\/www.europesays.com\/fr\/wp-json\/wp\/v2\/posts\/570306","targetHints":{"allow":["GET"]}}],"collection":[{"href":"https:\/\/www.europesays.com\/fr\/wp-json\/wp\/v2\/posts"}],"about":[{"href":"https:\/\/www.europesays.com\/fr\/wp-json\/wp\/v2\/types\/post"}],"author":[{"embeddable":true,"href":"https:\/\/www.europesays.com\/fr\/wp-json\/wp\/v2\/users\/2"}],"replies":[{"embeddable":true,"href":"https:\/\/www.europesays.com\/fr\/wp-json\/wp\/v2\/comments?post=570306"}],"version-history":[{"count":0,"href":"https:\/\/www.europesays.com\/fr\/wp-json\/wp\/v2\/posts\/570306\/revisions"}],"wp:featuredmedia":[{"embeddable":true,"href":"https:\/\/www.europesays.com\/fr\/wp-json\/wp\/v2\/media\/570307"}],"wp:attachment":[{"href":"https:\/\/www.europesays.com\/fr\/wp-json\/wp\/v2\/media?parent=570306"}],"wp:term":[{"taxonomy":"category","embeddable":true,"href":"https:\/\/www.europesays.com\/fr\/wp-json\/wp\/v2\/categories?post=570306"},{"taxonomy":"post_tag","embeddable":true,"href":"https:\/\/www.europesays.com\/fr\/wp-json\/wp\/v2\/tags?post=570306"}],"curies":[{"name":"wp","href":"https:\/\/api.w.org\/{rel}","templated":true}]}}