{"id":570317,"date":"2025-12-01T05:41:13","date_gmt":"2025-12-01T05:41:13","guid":{"rendered":"https:\/\/www.europesays.com\/fr\/570317\/"},"modified":"2025-12-01T05:41:13","modified_gmt":"2025-12-01T05:41:13","slug":"reforme-du-statut-des-remplacants-mobilisation-a-bordeaux-aujourdhui-a-lappel-de-plusieurs-syndicats","status":"publish","type":"post","link":"https:\/\/www.europesays.com\/fr\/570317\/","title":{"rendered":"R\u00e9forme du statut des rempla\u00e7ants\u00a0: mobilisation \u00e0 Bordeaux aujourd&rsquo;hui \u00e0 l&rsquo;appel de plusieurs syndicats"},"content":{"rendered":"<p>A partir d&rsquo;aujourd&rsquo;hui, les personnels enseignants du 1er degr\u00e9 sont appel\u00e9s \u00e0 se mobiliser \u00e0 Bordeaux \u00e0 l&rsquo;appel de plusieurs syndicats. En cause\u00a0: la r\u00e9forme du statut des rempla\u00e7ants, pr\u00e9vue pour la rentr\u00e9e 2026. Avec cette r\u00e9forme, ils pourront \u00eatre mobilis\u00e9s sur tout le d\u00e9partement.\n<\/p>\n<p>Ils sont appel\u00e9s \u00e0 se mobiliser \u00e0 partir de ce lundi \u00e0 Bordeaux, \u00e0 l&rsquo;appel de plusieurs syndicats. Les personnels\u00a0<strong>enseignants du 1 er degr\u00e9<\/strong>\u00a0manifestent contre la r\u00e9forme du statut des rempla\u00e7ants, pr\u00e9vue pour la <strong>rentr\u00e9e 2026<\/strong>.\u00a0Pour faire simple\u00a0: il existe plusieurs types de rempla\u00e7ants aujourd&rsquo;hui en \u00e9l\u00e9mentaire, ceux qui sont mobilis\u00e9s pour une courte p\u00e9riode, et ceux pour les absences prolong\u00e9es. Avec cette r\u00e9forme, leur statut sera uniformis\u00e9, et <strong>ils pourront \u00eatre mobilis\u00e9s sur tout le d\u00e9partement.<\/strong> C&rsquo;est le probl\u00e8me principal point\u00e9 par ses opposants.<\/p>\n<p>Le rassemblement aura lieu \u00e0 11h devant la Direction des services d\u00e9partementaux de l&rsquo;Education nationale de la Gironde.<\/p>\n<p>En attendant, certains \u00e9l\u00e8ves n&rsquo;ont toujours pas de professeurs en face d&rsquo;eux en classe. Comme au <strong>coll\u00e8ge Ali\u00e9nor d&rsquo;Aquitaine \u00e0 Bordeaux<\/strong>, o\u00f9 plusieurs professeurs sont absents en ce moment, et pas toujours remplac\u00e9s.<\/p>\n","protected":false},"excerpt":{"rendered":"A partir d&rsquo;aujourd&rsquo;hui, les personnels enseignants du 1er degr\u00e9 sont appel\u00e9s \u00e0 se mobiliser \u00e0 Bordeaux \u00e0 l&rsquo;appel&hellip;\n","protected":false},"author":2,"featured_media":570318,"comment_status":"","ping_status":"","sticky":false,"template":"","format":"standard","meta":{"footnotes":""},"categories":[2817],"tags":[1111,11,1997,1777,674,1011,27,12,2219,25],"class_list":{"0":"post-570317","1":"post","2":"type-post","3":"status-publish","4":"format-standard","5":"has-post-thumbnail","7":"category-bordeaux","8":"tag-actu","9":"tag-actualites","10":"tag-bordeaux","11":"tag-eu","12":"tag-europe","13":"tag-fr","14":"tag-france","15":"tag-news","16":"tag-nouvelle-aquitaine","17":"tag-republique-francaise"},"share_on_mastodon":{"url":"https:\/\/pubeurope.com\/@fr\/115642714367261689","error":""},"_links":{"self":[{"href":"https:\/\/www.europesays.com\/fr\/wp-json\/wp\/v2\/posts\/570317","targetHints":{"allow":["GET"]}}],"collection":[{"href":"https:\/\/www.europesays.com\/fr\/wp-json\/wp\/v2\/posts"}],"about":[{"href":"https:\/\/www.europesays.com\/fr\/wp-json\/wp\/v2\/types\/post"}],"author":[{"embeddable":true,"href":"https:\/\/www.europesays.com\/fr\/wp-json\/wp\/v2\/users\/2"}],"replies":[{"embeddable":true,"href":"https:\/\/www.europesays.com\/fr\/wp-json\/wp\/v2\/comments?post=570317"}],"version-history":[{"count":0,"href":"https:\/\/www.europesays.com\/fr\/wp-json\/wp\/v2\/posts\/570317\/revisions"}],"wp:featuredmedia":[{"embeddable":true,"href":"https:\/\/www.europesays.com\/fr\/wp-json\/wp\/v2\/media\/570318"}],"wp:attachment":[{"href":"https:\/\/www.europesays.com\/fr\/wp-json\/wp\/v2\/media?parent=570317"}],"wp:term":[{"taxonomy":"category","embeddable":true,"href":"https:\/\/www.europesays.com\/fr\/wp-json\/wp\/v2\/categories?post=570317"},{"taxonomy":"post_tag","embeddable":true,"href":"https:\/\/www.europesays.com\/fr\/wp-json\/wp\/v2\/tags?post=570317"}],"curies":[{"name":"wp","href":"https:\/\/api.w.org\/{rel}","templated":true}]}}