{"id":570323,"date":"2025-12-01T05:46:15","date_gmt":"2025-12-01T05:46:15","guid":{"rendered":"https:\/\/www.europesays.com\/fr\/570323\/"},"modified":"2025-12-01T05:46:15","modified_gmt":"2025-12-01T05:46:15","slug":"lille-des-soignants-le-soupconnent-de-simuler-un-avc-ils-recoivent-insultes-et-menaces-de-mort","status":"publish","type":"post","link":"https:\/\/www.europesays.com\/fr\/570323\/","title":{"rendered":"Lille. Des soignants le soup\u00e7onnent de simuler un AVC, ils re\u00e7oivent insultes et menaces de mort"},"content":{"rendered":"<p>                    Par<br \/>\n        <strong><br \/>\n            <a href=\"https:\/\/actu.fr\/auteur\/zoe-hondt\" title=\"Consulter tous les articles de Zoe Hondt\" target=\"_blank\" rel=\"noopener\">Zoe Hondt<\/a><br \/>\n                    <\/strong><\/p>\n<p>        Publi\u00e9 le<\/p>\n<p>            1 d\u00e9c. 2025 \u00e0 6h08        <\/p>\n<p>Mardi 25 novembre 2025, un <b>homme de 20 ans<\/b> a \u00e9t\u00e9 jug\u00e9 au tribunal de <a href=\"https:\/\/actu.fr\/lille\/\" target=\"_blank\" rel=\"noopener\">Lille<\/a> (Nord) en comparution imm\u00e9diate, pour <b>violences volontaires<\/b> et <b>menaces de morts<\/b>. Les faits remontent au 20 novembre 2025 : <b>sans abri depuis deux ans, <\/b>le jeune homme <b>tente de se r\u00e9fugier \u00e0 l\u2019h\u00f4pital Roger Salengro<\/b> de Lille. Sans raison de le garder apr\u00e8s examen, les soignants lui demandent de partir. La d\u00e9cision ne pla\u00eet pas : l\u2019homme entame une <b>violente altercation<\/b>. Au tribunal, il a <b>demand\u00e9 \u00e0 \u00eatre envoy\u00e9 en d\u00e9tention<\/b>. D\u00e9tails.<\/p>\n<p>\u00ab\u00a018 mois de prison, \u00e7a va me calmer\u00a0\u00bb<\/p>\n<p class=\" wall-content\">Il est 22 h 40, le 20 novembre 2025, lorsque la police est appel\u00e9e \u00e0 <b>l\u2019h\u00f4pital Roger Salengro<\/b> de Lille. Un <b>agent de s\u00e9curit\u00e9<\/b> et <b>deux infirmiers<\/b> auraient \u00e9t\u00e9 <b>menac\u00e9s physiquement et verbalement<\/b> par un <b>jeune sans abri connu de leur service<\/b>. Les faits se sont d\u00e9roul\u00e9s quelques minutes plus t\u00f4t. Selon les soignants, l\u2019homme aurait \u00ab\u00a0simul\u00e9 un AVC pour s\u2019abriter et avoir \u00e0 manger\u00a0\u00bb. Professionnel, un infirmier r\u00e9alise tout de m\u00eame un examen, avant de lui demander de partir. Le sans abri refuse et devient \u00ab\u00a0virulent\u00a0\u00bb : <b>menaces de mort<\/b>, <b>insultes<\/b>, <b>tentatives de coups de genou<\/b> et <b>jet de chaussure au visage<\/b> du soignant. Pour calmer la situation, une infirmi\u00e8re propose \u00e0 l\u2019homme de \u00ab\u00a0rester au niveau de l\u2019accueil\u00a0\u00bb mais rien n\u2019y fait. Un agent de s\u00e9curit\u00e9 est finalement <b>appel\u00e9 en renfort<\/b>, pour le \u00ab\u00a0ma\u00eetriser sur un brancard\u00a0\u00bb.<\/p>\n<p class=\" wall-content\">Au tribunal, le jeune pr\u00e9venu reconna\u00eet les faits mais <b>semble d\u00e9tach\u00e9 de la r\u00e9alit\u00e9<\/b> : \u00ab\u00a0Je ne suis pas fou, je n\u2019allais pas le tuer. Ce n\u2019est pas de ma faute si c\u2019est une tapette.\u00a0\u00bb Il ne cesse de <b>r\u00e9p\u00e9ter qu\u2019il serait mieux en d\u00e9tention<\/b> : \u00ab\u00a0Je suis tr\u00e8s tr\u00e8s dangereux, j\u2019ai m\u00eame frapp\u00e9 un policier. 18 mois de prison, \u00e7a va me calmer.\u00a0\u00bb Son <b>manque de s\u00e9rieux<\/b> est d\u00e9routant. \u00ab\u00a0Vous voulez provoquer pour avoir un toit comme \u00e0 l\u2019h\u00f4pital ?\u00a0\u00bb lui demande la pr\u00e9sidente.<\/p>\n<p class=\" wall-content\">Sous <b>curatelle renforc\u00e9e<\/b>, le pr\u00e9venu dispose d\u2019une \u00ab\u00a0d\u00e9ficience intellectuelle\u00a0\u00bb qui l\u2019emp\u00eache de \u00ab\u00a0g\u00e9rer son impulsivit\u00e9 et sa frustration\u00a0\u00bb. Avec des propos <b>dont on pourrait douter de la v\u00e9racit\u00e9<\/b>, il affirme consommer \u00ab\u00a080 flashs de vodka par jour\u00a0\u00bb et <b>attendrait un enfant<\/b>.<\/p>\n<p>\u00ab\u00a0Ce n\u2019est pas simple de le d\u00e9fendre\u00a0\u00bb<\/p>\n<p class=\" wall-content\">L\u2019avocate des parties civiles fait \u00e9tat d\u2019un \u00ab\u00a0pr\u00e9judice moral important\u00a0\u00bb et rapporte un <b>disfonctionnement de la prise en charge des patients<\/b> au moment des faits : \u00ab\u00a0Il vient quasiment tous les jours et a insult\u00e9 le personnel pendant trente minutes sans arr\u00eat.\u00a0\u00bb Elle demande <b>500 euros d\u2019indemnisation<\/b> pour l\u2019infirmi\u00e8re et l\u2019agent de s\u00e9curit\u00e9, et <b>600 euros pour l\u2019infirmier<\/b> qui a re\u00e7u le coup.<\/p>\n<p class=\" wall-content\">\u00ab\u00a0Ce n\u2019est pas simple de le d\u00e9fendre\u00a0\u00bb, conc\u00e8de l\u2019avocate du pr\u00e9venu. Elle d\u00e9peint un jeune homme a \u00ab\u00a0l\u2019allure d\u2019un gamin de quinze ans\u00a0\u00bb. <b>Plac\u00e9 en foyer<\/b> depuis petit, \u00ab\u00a0il est frustr\u00e9 et seul\u00a0\u00bb. L\u2019avocate ne peut emp\u00eacher <b>la volont\u00e9 du pr\u00e9venu de<\/b> <b>se faire incarc\u00e9rer<\/b>\u00a0: \u00ab\u00a0\u00c7a me rend extr\u00eamement triste mais il s\u2019y sent bien. Il a un lit, la t\u00e9l\u00e9vision, il peut faire du sport et se former.\u00a0\u00bb Elle souhaite uniquement que le tribunal prenne en consid\u00e9ration \u00ab\u00a0la fragilit\u00e9 et la d\u00e9ficience intellectuelle\u00a0\u00bb de son client.<\/p>\n<p>Votre r\u00e9gion, votre actu !<\/p>\n<p>Recevez chaque jour les infos qui comptent pour vous.<\/p>\n<p>\t<a href=\"https:\/\/actu.fr\/newsletter\" class=\"ac-btn ac-btn--corner ac-btn--medium ac-btn--blue800\" target=\"_blank\" rel=\"noopener\">S&rsquo;incrire<\/a><\/p>\n<p class=\" wall-content\">\u00ab\u00a0Il n\u2019a pas saisi \u00e0 quel point il a b\u00e9n\u00e9fici\u00e9 de la bienveillance des infirmiers.\u00a0\u00bb d\u00e9clare la procureure. Elle d\u00e9plore le <b>contexte de r\u00e9cidive l\u00e9gale <\/b>: le pr\u00e9venu a en effet \u00e9t\u00e9 <b>condamn\u00e9 pour<\/b> <b>agression sexuelle impos\u00e9e sur mineur <\/b>en f\u00e9vrier dernier. N\u00e9anmoins, 18 mois d\u2019emprisonnement lui semblent \u00eatre une peine trop lourde au regard des faits. Elle requiert <b>six mois<\/b>.<\/p>\n<p class=\" wall-content\">Le tribunal condamne le pr\u00e9venu \u00e0 <b>six mois de prison ferme<\/b>. Dans le box, le jeune homme arbore un <b>sourire de satisfaction<\/b>. Il a \u00e9galement <b>l\u2019interdiction de d\u00e9tenir une arme<\/b> pendant cinq ans et d\u2019<b>entrer en contact avec les victimes<\/b> pendant deux ans. Le montant des dommages et int\u00e9r\u00eats qu\u2019il devra leur verser s\u2019\u00e9l\u00e8ve \u00e0 <b>2 500 euros<\/b>.<\/p>\n<p class=\" wall-content\">Personnalisez votre actualit\u00e9 en ajoutant vos villes et m\u00e9dias en favori avec <a href=\"https:\/\/moncompte.actu.fr\" title=\"D\u00e9couvez Mon Actu\" rel=\"nofollow noopener\" data-trk=\"{&quot;cta&quot;:{&quot;action&quot;:&quot;https:\\\/\\\/moncompte.actu.fr&quot;,&quot;category&quot;:&quot;mon compte&quot;,&quot;from&quot;:&quot;article footer&quot;,&quot;name&quot;:&quot;Mon actu&quot;,&quot;type&quot;:&quot;cta&quot;}}\" target=\"_blank\">Mon Actu<\/a>.<\/p>\n","protected":false},"excerpt":{"rendered":"Par Zoe Hondt Publi\u00e9 le 1 d\u00e9c. 2025 \u00e0 6h08 Mardi 25 novembre 2025, un homme de 20&hellip;\n","protected":false},"author":2,"featured_media":570324,"comment_status":"","ping_status":"","sticky":false,"template":"","format":"standard","meta":{"footnotes":""},"categories":[2815],"tags":[1111,11,1777,674,118,1011,27,811,303,1307,12,2694,25],"class_list":{"0":"post-570323","1":"post","2":"type-post","3":"status-publish","4":"format-standard","5":"has-post-thumbnail","7":"category-lille","8":"tag-actu","9":"tag-actualites","10":"tag-eu","11":"tag-europe","12":"tag-faits-divers","13":"tag-fr","14":"tag-france","15":"tag-hauts-de-france","16":"tag-justice","17":"tag-lille","18":"tag-news","19":"tag-proces","20":"tag-republique-francaise"},"share_on_mastodon":{"url":"https:\/\/pubeurope.com\/@fr\/115642733908921465","error":""},"_links":{"self":[{"href":"https:\/\/www.europesays.com\/fr\/wp-json\/wp\/v2\/posts\/570323","targetHints":{"allow":["GET"]}}],"collection":[{"href":"https:\/\/www.europesays.com\/fr\/wp-json\/wp\/v2\/posts"}],"about":[{"href":"https:\/\/www.europesays.com\/fr\/wp-json\/wp\/v2\/types\/post"}],"author":[{"embeddable":true,"href":"https:\/\/www.europesays.com\/fr\/wp-json\/wp\/v2\/users\/2"}],"replies":[{"embeddable":true,"href":"https:\/\/www.europesays.com\/fr\/wp-json\/wp\/v2\/comments?post=570323"}],"version-history":[{"count":0,"href":"https:\/\/www.europesays.com\/fr\/wp-json\/wp\/v2\/posts\/570323\/revisions"}],"wp:featuredmedia":[{"embeddable":true,"href":"https:\/\/www.europesays.com\/fr\/wp-json\/wp\/v2\/media\/570324"}],"wp:attachment":[{"href":"https:\/\/www.europesays.com\/fr\/wp-json\/wp\/v2\/media?parent=570323"}],"wp:term":[{"taxonomy":"category","embeddable":true,"href":"https:\/\/www.europesays.com\/fr\/wp-json\/wp\/v2\/categories?post=570323"},{"taxonomy":"post_tag","embeddable":true,"href":"https:\/\/www.europesays.com\/fr\/wp-json\/wp\/v2\/tags?post=570323"}],"curies":[{"name":"wp","href":"https:\/\/api.w.org\/{rel}","templated":true}]}}