{"id":570325,"date":"2025-12-01T05:48:51","date_gmt":"2025-12-01T05:48:51","guid":{"rendered":"https:\/\/www.europesays.com\/fr\/570325\/"},"modified":"2025-12-01T05:48:51","modified_gmt":"2025-12-01T05:48:51","slug":"plus-de-63-annees-de-prison-et-15-million-deuros-infliges-au-reseau-de-narcotrafiquants-des-rosiers-a-marseille","status":"publish","type":"post","link":"https:\/\/www.europesays.com\/fr\/570325\/","title":{"rendered":"Plus de 63 ann\u00e9es de prison et 1,5\u00a0million d\u2019euros inflig\u00e9s au r\u00e9seau de narcotrafiquants des Rosiers \u00e0 Marseille"},"content":{"rendered":"<p>Dans le contexte particuli\u00e8rement tendu autour de la question du narcotrafic depuis l\u2019assassinat de Mehdi Kessaci, fr\u00e8re du militant \u00e9cologiste et lanceur d\u2019alerte Amine Kessaci, le tribunal correctionnel de Marseille n\u2019a pas fait dans la demi-mesure au moment de juger un tentaculaire trafic de drogue install\u00e9 \u00e0 la cit\u00e9 des Rosiers (14e), et son \u00ab\u00a0service\u00a0\u00bb de blanchiment, une organisation bas\u00e9e dans la r\u00e9gion parisienne.<\/p>\n<p>Au total, ce sont des peines d\u2019un peu plus de 63 ann\u00e9es de d\u00e9tention et 1,46\u00a0million d\u2019euros (entre les amendes et les saisies d\u2019argent liquide), qui ont \u00e9t\u00e9 distribu\u00e9es ce matin aux 17 pr\u00e9venus (un suspect a \u00e9t\u00e9 relax\u00e9) condamn\u00e9s pour la participation active \u00e0 ce r\u00e9seau \u00e0 double ressort, qui brassait entre 15\u00a0000 et 30\u00a0000\u00a0euros par jour.<\/p>\n","protected":false},"excerpt":{"rendered":"Dans le contexte particuli\u00e8rement tendu autour de la question du narcotrafic depuis l\u2019assassinat de Mehdi Kessaci, fr\u00e8re du&hellip;\n","protected":false},"author":2,"featured_media":570326,"comment_status":"","ping_status":"","sticky":false,"template":"","format":"standard","meta":{"footnotes":""},"categories":[2814],"tags":[12106,17,68560,68559,1111,11,1102,10183,1777,674,274,1011,27,68561,884,12,378,806,882,25,2421],"class_list":{"0":"post-570325","1":"post","2":"type-post","3":"status-publish","4":"format-standard","5":"has-post-thumbnail","7":"category-marseille","8":"tag-12106","9":"tag-17","10":"tag-5-million","11":"tag-63-ans","12":"tag-actu","13":"tag-actualites","14":"tag-breakingnews","15":"tag-deuros","16":"tag-eu","17":"tag-europe","18":"tag-faits-divers-justice","19":"tag-fr","20":"tag-france","21":"tag-infliges","22":"tag-marseille","23":"tag-news","24":"tag-plus","25":"tag-prison","26":"tag-provence-alpes-cote-dazur","27":"tag-republique-francaise","28":"tag-reseau"},"share_on_mastodon":{"url":"https:\/\/pubeurope.com\/@fr\/115642745696948016","error":""},"_links":{"self":[{"href":"https:\/\/www.europesays.com\/fr\/wp-json\/wp\/v2\/posts\/570325","targetHints":{"allow":["GET"]}}],"collection":[{"href":"https:\/\/www.europesays.com\/fr\/wp-json\/wp\/v2\/posts"}],"about":[{"href":"https:\/\/www.europesays.com\/fr\/wp-json\/wp\/v2\/types\/post"}],"author":[{"embeddable":true,"href":"https:\/\/www.europesays.com\/fr\/wp-json\/wp\/v2\/users\/2"}],"replies":[{"embeddable":true,"href":"https:\/\/www.europesays.com\/fr\/wp-json\/wp\/v2\/comments?post=570325"}],"version-history":[{"count":0,"href":"https:\/\/www.europesays.com\/fr\/wp-json\/wp\/v2\/posts\/570325\/revisions"}],"wp:featuredmedia":[{"embeddable":true,"href":"https:\/\/www.europesays.com\/fr\/wp-json\/wp\/v2\/media\/570326"}],"wp:attachment":[{"href":"https:\/\/www.europesays.com\/fr\/wp-json\/wp\/v2\/media?parent=570325"}],"wp:term":[{"taxonomy":"category","embeddable":true,"href":"https:\/\/www.europesays.com\/fr\/wp-json\/wp\/v2\/categories?post=570325"},{"taxonomy":"post_tag","embeddable":true,"href":"https:\/\/www.europesays.com\/fr\/wp-json\/wp\/v2\/tags?post=570325"}],"curies":[{"name":"wp","href":"https:\/\/api.w.org\/{rel}","templated":true}]}}