{"id":570327,"date":"2025-12-01T05:50:15","date_gmt":"2025-12-01T05:50:15","guid":{"rendered":"https:\/\/www.europesays.com\/fr\/570327\/"},"modified":"2025-12-01T05:50:15","modified_gmt":"2025-12-01T05:50:15","slug":"lom-et-aix-marseille-universite-se-marient-notamment-pour-former-les-recruteurs-de-demain","status":"publish","type":"post","link":"https:\/\/www.europesays.com\/fr\/570327\/","title":{"rendered":"L&rsquo;OM et Aix-Marseille Universit\u00e9 se marient, notamment pour former les recruteurs de demain"},"content":{"rendered":"<p> Le club phare de Marseille et l&rsquo;Universit\u00e9 locale ont officialis\u00e9, ce week-end, au stade V\u00e9lodrome, un partenariat \u00e0 long terme.<br \/>\nLe fruit d\u2019un travail de plusieurs ann\u00e9es qui s\u2019articule autour de 4 \u00ab\u00a0piliers\u00a0\u00bb. Avec la cr\u00e9ation d&rsquo;une formation de \u00ab\u00a0scouting\u00a0\u00bb, pour d\u00e9nicher les p\u00e9pites du ballon.<\/p>\n<p>Des mois et des mois d&rsquo;\u00e9changes, pour avancer, quelques fois peut-\u00eatre reculer, avant de valider. Les cadres de l&rsquo;OM et ceux de l&rsquo;AMU &#8211; Aix-Marseille Universit\u00e9 &#8211; viennent de sceller un accord unique en France. Qui touche les domaines du sport, de la m\u00e9decine, de la formation,\u00a0 etc&#8230;<\/p>\n<p>Un accord sur plusieurs ann\u00e9es qui s&rsquo;articule autour de \u00ab\u00a04 piliers\u00a0\u00bb, comme indiqu\u00e9 dans un communiqu\u00e9: <strong>l&rsquo;am\u00e9lioration de la performance sportive<\/strong>, la\u00a0<strong>r\u00e9athl\u00e9tisation<\/strong>, la\u00a0<strong>formation<\/strong> et l\u2019<strong>employabilit\u00e9<\/strong> ainsi que l&rsquo;<strong>impact soci\u00e9tal autour du programme \u00ab\u00a0treizi\u00e8me Homme<\/strong>\u00ab\u00a0.<\/p>\n<p>Parmi ces annonces, la cr\u00e9ation, dans quelques mois, d\u2019un DU, un Dipl\u00f4me Universitaire, sur le campus de Luminy, afin de former les recruteurs des jeunes talents, les \u00ab\u00a0scouts\u00a0\u00bb.\u00a0<strong>Aujourd\u2019hui, ces recruteurs apprennent sur le tas<\/strong>, souvent le long des mains courantes des stades. <strong>Demain, ils pourront valider un dipl\u00f4me apr\u00e8s une ann\u00e9e de formation.<\/strong><\/p>\n<p>loading<\/p>\n<p>\u00ab\u00a0Ce qui est important sur ce genre de formation, c&rsquo;est aussi d&rsquo;\u00eatre en lien avec le terrain. Et <strong>quoi de mieux que l&rsquo;OM pour approcher le terrain de l&rsquo;Universit\u00e9 sur ce th\u00e8me-l\u00e0<\/strong> raconte\u00a0R\u00e9my Casanova, le doyen de la facult\u00e9 des sciences du sport d\u2019Aix-Marseille.\u00a0Avoir des lieux d&rsquo;observation, de stage, d&rsquo;\u00e9changes, avec les coaches, avec les clubs, et de bien travailler quel est le r\u00f4le d&rsquo;un scout dans le monde du football.\u00a0\u00bb<\/p>\n<p>Une id\u00e9e de Pablo Longora, qui a d\u00e9but\u00e9 sa carri\u00e8re dans le football en tant que scout pour de grands clubs<\/p>\n<p>Cette id\u00e9e vient de Pablo Longoria qui a lanc\u00e9 sa carri\u00e8re dans le ballon en tant que scout, \u00e0 recruter les futures p\u00e9pites.<\/p>\n<p> <img decoding=\"async\" src=\"https:\/\/www.europesays.com\/fr\/wp-content\/uploads\/2025\/12\/1280\" alt=\"illustration agrandir l'image\" style=\"--_image-preview:url('data:image\/jpeg;base64,\/9j\/2wBDACgcHiMeGSgjISMtKygwPGRBPDc3PHtYXUlkkYCZlo+AjIqgtObDoKrarYqMyP\/L2u71\/\/\/\/m8H\/\/\/\/6\/+b9\/\/j\/2wBDASstLTw1PHZBQXb4pYyl+Pj4+Pj4+Pj4+Pj4+Pj4+Pj4+Pj4+Pj4+Pj4+Pj4+Pj4+Pj4+Pj4+Pj4+Pj4+Pj4+Pj\/wAARCAAXACoDASIAAhEBAxEB\/8QAGAAAAwEBAAAAAAAAAAAAAAAAAAECAwT\/xAAXEAEBAQEAAAAAAAAAAAAAAAAAAREC\/8QAFgEBAQEAAAAAAAAAAAAAAAAAAQAC\/8QAFBEBAAAAAAAAAAAAAAAAAAAAAP\/aAAwDAQACEQMRAD8A5jiZVwNHIYK1AUtK1OkJ5rSAAq1NoBCLU6AQ\/9k=');\" loading=\"lazy\" fetchpriority=\"low\" class=\"svelte-1cksh76 rounded\" onload=\"this.__e=event\" onerror=\"this.__e=event\"\/> Les pr\u00e9sidents Pablo Longoria (OM) et Eric Berton (AMU) lors de la signature du partenariat \u00a9 Radio France &#8211; Bruno Blanzat  Les meilleurs de chaque promotion pourraient travailler pour l&rsquo;OM<\/p>\n<p>\u00ab\u00a0C<strong>e que l&rsquo;on peut donner, c&rsquo;est du contenu. Et aussi les diff\u00e9rents talents que l&rsquo;on a \u00e0 l&rsquo;int\u00e9rieur du club<\/strong> pour faire vivre cette formation explique le pr\u00e9sident de l&rsquo;OM, qui souhaiterait, aussi, \u00ab\u00a0en\u00a0m\u00eame temps, donner la possibilit\u00e9 aux meilleurs de chaque promotion d&rsquo;avoir une exp\u00e9rience \u00e0 l&rsquo;Olympique de Marseille.\u00a0\u00bb<\/p>\n<p>Cette formation, unique en France, va accueillir une <strong>quinzaine d&rsquo;\u00e9tudiants.<\/strong> Et elle pourrait faire des petits selon le pr\u00e9sident de l&rsquo;AMU. \u00ab\u00a0C&rsquo;est une premi\u00e8re fois qu&rsquo;il va y avoir quelque chose de vraiment codifi\u00e9. <strong>Je pense que cela va \u00eatre repris dans d&rsquo;autres clubs et d&rsquo;autres universit\u00e9s<\/strong>\u00a0\u00bb est persuad\u00e9\u00a0Eric Berton.<\/p>\n<p>En attendant, <strong>il n&rsquo;est pas impossible de voir Pablo Longoria troquer sa casquette de pr\u00e9sident pour celle d&rsquo;enseignant<\/strong>, l&rsquo;instant d&rsquo;un cours. \u00ab\u00a0Naturellement, ici \u00e0 Marseille, ce serait avec beaucoup de plaisir et de passion r\u00e9pond Longoria. Comme toujours.\u00a0\u00bb<\/p>\n<p>loading<\/p>\n","protected":false},"excerpt":{"rendered":"Le club phare de Marseille et l&rsquo;Universit\u00e9 locale ont officialis\u00e9, ce week-end, au stade V\u00e9lodrome, un partenariat \u00e0&hellip;\n","protected":false},"author":2,"featured_media":570328,"comment_status":"","ping_status":"","sticky":false,"template":"","format":"standard","meta":{"footnotes":""},"categories":[2814],"tags":[1111,11,1777,674,1011,27,884,12,882,25],"class_list":{"0":"post-570327","1":"post","2":"type-post","3":"status-publish","4":"format-standard","5":"has-post-thumbnail","7":"category-marseille","8":"tag-actu","9":"tag-actualites","10":"tag-eu","11":"tag-europe","12":"tag-fr","13":"tag-france","14":"tag-marseille","15":"tag-news","16":"tag-provence-alpes-cote-dazur","17":"tag-republique-francaise"},"share_on_mastodon":{"url":"https:\/\/pubeurope.com\/@fr\/115642750562506123","error":""},"_links":{"self":[{"href":"https:\/\/www.europesays.com\/fr\/wp-json\/wp\/v2\/posts\/570327","targetHints":{"allow":["GET"]}}],"collection":[{"href":"https:\/\/www.europesays.com\/fr\/wp-json\/wp\/v2\/posts"}],"about":[{"href":"https:\/\/www.europesays.com\/fr\/wp-json\/wp\/v2\/types\/post"}],"author":[{"embeddable":true,"href":"https:\/\/www.europesays.com\/fr\/wp-json\/wp\/v2\/users\/2"}],"replies":[{"embeddable":true,"href":"https:\/\/www.europesays.com\/fr\/wp-json\/wp\/v2\/comments?post=570327"}],"version-history":[{"count":0,"href":"https:\/\/www.europesays.com\/fr\/wp-json\/wp\/v2\/posts\/570327\/revisions"}],"wp:featuredmedia":[{"embeddable":true,"href":"https:\/\/www.europesays.com\/fr\/wp-json\/wp\/v2\/media\/570328"}],"wp:attachment":[{"href":"https:\/\/www.europesays.com\/fr\/wp-json\/wp\/v2\/media?parent=570327"}],"wp:term":[{"taxonomy":"category","embeddable":true,"href":"https:\/\/www.europesays.com\/fr\/wp-json\/wp\/v2\/categories?post=570327"},{"taxonomy":"post_tag","embeddable":true,"href":"https:\/\/www.europesays.com\/fr\/wp-json\/wp\/v2\/tags?post=570327"}],"curies":[{"name":"wp","href":"https:\/\/api.w.org\/{rel}","templated":true}]}}