{"id":570335,"date":"2025-12-01T05:58:12","date_gmt":"2025-12-01T05:58:12","guid":{"rendered":"https:\/\/www.europesays.com\/fr\/570335\/"},"modified":"2025-12-01T05:58:12","modified_gmt":"2025-12-01T05:58:12","slug":"une-entreprise-teste-un-service-inedit-a-paris-la-defense","status":"publish","type":"post","link":"https:\/\/www.europesays.com\/fr\/570335\/","title":{"rendered":"une entreprise teste un service in\u00e9dit \u00e0 Paris La D\u00e9fense"},"content":{"rendered":"<p>                    Par<br \/>\n        <strong><br \/>\n            <a href=\"https:\/\/actu.fr\/auteur\/thomas-rideau\" title=\"Consulter tous les articles de Thomas Rideau\" target=\"_blank\" rel=\"noopener\">Thomas Rideau<\/a><br \/>\n                    <\/strong><\/p>\n<p>        Publi\u00e9 le<\/p>\n<p>            1 d\u00e9c. 2025 \u00e0 6h50        <\/p>\n<p>L\u2019id\u00e9e semble toute b\u00eate. Elle vient d\u2019\u00eatre lanc\u00e9e ce lundi 24\u00a0novembre 2025 par le groupe d\u2019entrepreneurs PullCoo. L\u2019id\u00e9e\u2009: <strong>permettre aux quelque 200\u2009000 employ\u00e9s<\/strong> de la <a href=\"https:\/\/actu.fr\/tag\/la-defense\" target=\"_blank\" rel=\"noopener\">D\u00e9fense<\/a>, \u00e0 <a href=\"https:\/\/actu.fr\/ile-de-france\/nanterre_92050\" target=\"_blank\" rel=\"noopener\">Nanterre (Hauts-de-Seine)<\/a> de se d\u00e9placer facilement, sans \u00e9mettre de pollution\u2026 et gratuitement.<\/p>\n<p>Gratuit et accessible tout le temps<\/p>\n<p class=\" wall-content\">\u00ab\u2009C\u2019est le groupe<strong> Paris La D\u00e9fense<\/strong> qui nous a demand\u00e9 de mettre en place cette exp\u00e9rimentation\u2009\u00bb, retrace B\u00e9n\u00e9dicte Willems, directrice op\u00e9rationnelle chez PullCoo aupr\u00e8s d\u2019actu Paris. L\u2019id\u00e9e est toute simple\u2009: mettre des voitures \u00e0 disposition des salari\u00e9s qui se rendent tous les jours \u00e0 La D\u00e9fense. \u00ab\u2009<strong>C\u2019est de l\u2019auto partage<\/strong>, donc il faut utiliser une application, rentrer un code, faire des photos pour l\u2019\u00e9tat des lieux et la voiture peut d\u00e9marrer.\u2009\u00bb<\/p>\n<p class=\" wall-content\">Les voitures sont directement stationn\u00e9es dans le Q-Park du Parvis de la D\u00e9fense\u2009: \u00ab\u2009C\u2019est central et pratique.\u2009\u00bb Ces voitures sont accessibles 24 heures sur 24 et 7 jours sur 7. \u00ab\u2009C\u2019est super agile\u2009\u00bb, se r\u00e9jouit <strong>B\u00e9n\u00e9dicte Willems<\/strong>. Concr\u00e8tement, c\u2019est l\u2019entreprise qui doit s\u2019abonner aux services de PullCoo, et ensuite ce sont les employ\u00e9s qui peuvent utiliser le service.<\/p>\n<p class=\" wall-content\">\u00ab\u2009Pour les <strong>trajets professionnels<\/strong>, pour aller d\u2019un site \u00e0 l\u2019autre, ou m\u00eame pour faire <strong>le trajet domicile-travail<\/strong>. L\u2019employ\u00e9 peut aussi prendre la voiture un weekend pour un d\u00e9placement personnel, mais l\u00e0, c\u2019est lui qui va devoir payer, mais \u00e7a reste deux fois moins cher qu\u2019une location dans le march\u00e9.\u2009\u00bb<\/p>\n<p>Faciliter la vie des employ\u00e9s<\/p>\n<p class=\" wall-content\">Pour les trajets professionnels, c\u2019est gratuit pour l\u2019utilisateur. \u00ab\u2009Ca peut \u00eatre pratique le soir si on termine <strong>tr\u00e8s tard<\/strong> et qu\u2019il n\u2019y a plus de RER ou de <a href=\"https:\/\/actu.fr\/tag\/metro\" target=\"_blank\" rel=\"noopener\">m\u00e9tro<\/a>\u2009\u00bb, prend pour exemple la responsable. Dans six mois, PullCoo mettra \u00e0 disposition une quinzaine de voitures dont des e-DS3 et des Weez, autrement dit des \u00ab\u2009voitures interm\u00e9diaires\u2009\u00bb qui ne peuvent pas d\u00e9passer les 80 kilom\u00e8tres par heure. Toutes les voitures sont \u00e9lectriques.<\/p>\n<p class=\" wall-content\">\u00ab\u2009On vient de lancer le projet, <strong>c\u2019est tout neuf\u2009<\/strong>\u00bb, glisse la directrice op\u00e9rationnelle. Des rencontres sont encore au programme avec les diff\u00e9rents employeurs de la D\u00e9fense. Une certitude, \u00ab\u2009le syst\u00e8me de l\u2019auto partage ne peut fonctionner qu\u2019avec le soutien du priv\u00e9 et du public\u2009\u00bb, assure-t-elle.<\/p>\n<p>Votre r\u00e9gion, votre actu !<\/p>\n<p>Recevez chaque jour les infos qui comptent pour vous.<\/p>\n<p>\t<a href=\"https:\/\/actu.fr\/newsletter\" class=\"ac-btn ac-btn--corner ac-btn--medium ac-btn--blue800\" target=\"_blank\" rel=\"noopener\">S&rsquo;incrire<\/a><\/p>\n<p class=\" wall-content\">\u00ab\u2009Nous souhaitons faciliter la vie des entreprises et de leurs collaborateurs en leur offrant une alternative cr\u00e9dible et durable \u00e0 la voiture individuelle\u2009\u00bb, r\u00e9sume J\u00e9r\u00f4me Ravet, financeur de <a href=\"https:\/\/pullcoo.com\/\" target=\"_blank\" rel=\"noopener\">PullCoo<\/a>.<\/p>\n<p class=\" wall-content\">Personnalisez votre actualit\u00e9 en ajoutant vos villes et m\u00e9dias en favori avec <a href=\"https:\/\/moncompte.actu.fr\" title=\"D\u00e9couvez Mon Actu\" rel=\"nofollow noopener\" data-trk=\"{&quot;cta&quot;:{&quot;action&quot;:&quot;https:\\\/\\\/moncompte.actu.fr&quot;,&quot;category&quot;:&quot;mon compte&quot;,&quot;from&quot;:&quot;article footer&quot;,&quot;name&quot;:&quot;Mon actu&quot;,&quot;type&quot;:&quot;cta&quot;}}\" target=\"_blank\">Mon Actu<\/a>.<\/p>\n","protected":false},"excerpt":{"rendered":"Par Thomas Rideau Publi\u00e9 le 1 d\u00e9c. 2025 \u00e0 6h50 L\u2019id\u00e9e semble toute b\u00eate. Elle vient d\u2019\u00eatre lanc\u00e9e&hellip;\n","protected":false},"author":2,"featured_media":570336,"comment_status":"","ping_status":"","sticky":false,"template":"","format":"standard","meta":{"footnotes":""},"categories":[1888],"tags":[1111,1928,11,1927,646,1777,674,1011,27,1877,4047,12,1926,626,1925,25,104],"class_list":{"0":"post-570335","1":"post","2":"type-post","3":"status-publish","4":"format-standard","5":"has-post-thumbnail","7":"category-paris","8":"tag-actu","9":"tag-actu-paris","10":"tag-actualites","11":"tag-actualites-paris","12":"tag-automobile","13":"tag-eu","14":"tag-europe","15":"tag-fr","16":"tag-france","17":"tag-la-defense","18":"tag-metro","19":"tag-news","20":"tag-news-paris","21":"tag-paris","22":"tag-paris-news","23":"tag-republique-francaise","24":"tag-societe"},"share_on_mastodon":{"url":"https:\/\/pubeurope.com\/@fr\/115642781161038041","error":""},"_links":{"self":[{"href":"https:\/\/www.europesays.com\/fr\/wp-json\/wp\/v2\/posts\/570335","targetHints":{"allow":["GET"]}}],"collection":[{"href":"https:\/\/www.europesays.com\/fr\/wp-json\/wp\/v2\/posts"}],"about":[{"href":"https:\/\/www.europesays.com\/fr\/wp-json\/wp\/v2\/types\/post"}],"author":[{"embeddable":true,"href":"https:\/\/www.europesays.com\/fr\/wp-json\/wp\/v2\/users\/2"}],"replies":[{"embeddable":true,"href":"https:\/\/www.europesays.com\/fr\/wp-json\/wp\/v2\/comments?post=570335"}],"version-history":[{"count":0,"href":"https:\/\/www.europesays.com\/fr\/wp-json\/wp\/v2\/posts\/570335\/revisions"}],"wp:featuredmedia":[{"embeddable":true,"href":"https:\/\/www.europesays.com\/fr\/wp-json\/wp\/v2\/media\/570336"}],"wp:attachment":[{"href":"https:\/\/www.europesays.com\/fr\/wp-json\/wp\/v2\/media?parent=570335"}],"wp:term":[{"taxonomy":"category","embeddable":true,"href":"https:\/\/www.europesays.com\/fr\/wp-json\/wp\/v2\/categories?post=570335"},{"taxonomy":"post_tag","embeddable":true,"href":"https:\/\/www.europesays.com\/fr\/wp-json\/wp\/v2\/tags?post=570335"}],"curies":[{"name":"wp","href":"https:\/\/api.w.org\/{rel}","templated":true}]}}