{"id":570337,"date":"2025-12-01T05:59:26","date_gmt":"2025-12-01T05:59:26","guid":{"rendered":"https:\/\/www.europesays.com\/fr\/570337\/"},"modified":"2025-12-01T05:59:26","modified_gmt":"2025-12-01T05:59:26","slug":"les-francais-sen-fichent-de-la-methode","status":"publish","type":"post","link":"https:\/\/www.europesays.com\/fr\/570337\/","title":{"rendered":"\u00ab\u00a0Les Fran\u00e7ais s\u2019en fichent de la m\u00e9thode\u00a0\u00bb"},"content":{"rendered":"<p>                      <img loading=\"lazy\" decoding=\"async\" src=\"https:\/\/www.europesays.com\/fr\/wp-content\/uploads\/2025\/12\/f11148d_ftp-import-images-1-72mowh2z2fk6-2025-09-24t141542z-1577871202-rc2eygasywda-rtrmadp-3-france.jpeg\" alt=\"Elisabeth Borne, ancienne premi\u00e8re ministre, le 24\u00a0septembre 2025.\"   width=\"664\" height=\"443\"\/>    Elisabeth Borne, ancienne premi\u00e8re ministre, le 24\u00a0septembre 2025.  STEPHANIE LECOCQ \/ REUTERS                        <\/p>\n<p class=\"article__paragraph  \">Elle ne se sent \u00ab\u00a0plus de gauche, mais au centre\u00a0\u00bb. Elisabeth Borne, d\u00e9put\u00e9e Ensemble pour la R\u00e9publique du Calvados et ancienne premi\u00e8re ministre, \u00e9tait l\u2019invit\u00e9e de \u00ab\u00a0Questions\u00a0politiques\u00a0\u00bb ce dimanche. Une \u00e9mission pr\u00e9sent\u00e9e par Alexandra Bensaid, avec Alix Bouilhaguet (France T\u00e9l\u00e9visions) et Abel Mestre (Le Monde), sur France Inter et Franceinfo TV (canal 16).<\/p>\n<p class=\"article__paragraph  \">Interrog\u00e9e sur le budget de l\u2019Etat, actuellement discut\u00e9 au S\u00e9nat, l\u2019ancienne premi\u00e8re ministre a pr\u00f4n\u00e9 le \u00ab\u00a0compromis\u00a0\u00bb pour que ce dernier soit adopt\u00e9. \u00ab\u00a0Ecoutez, on n\u2019a pas le choix, a-t-elle d\u00e9clar\u00e9. Tous les Fran\u00e7ais que je croise, les \u00e9lus locaux, les chefs d\u2019entreprise, les artisans, les commer\u00e7ants, les agriculteurs, souhaitent qu\u2019on sorte de l\u2019incertitude actuelle, de cette instabilit\u00e9 et que notre pays puisse avoir un budget qui leur donne de la lisibilit\u00e9, de la visibilit\u00e9.\u00a0\u00bb<\/p>\n<p class=\"article__paragraph  \">\u00ab\u00a0J\u2019ai pu marquer, y compris en \u00e9voquant la possibilit\u00e9 d\u2019un d\u00e9bat sur la suspension de la r\u00e9forme des retraites, qu\u2019on \u00e9tait ouverts au compromis\u00a0\u00bb, a-t-elle fait valoir, appelant les socialistes au dialogue et affirmant qu\u2019\u00ab\u00a0il y a heureusement une majorit\u00e9 de d\u00e9put\u00e9s \u00e0 l\u2019Assembl\u00e9e nationale, de la droite r\u00e9publicaine au Parti socialiste, qui sont conscients de la n\u00e9cessit\u00e9 d\u2019avoir un budget avant la fin de l\u2019ann\u00e9e\u00a0\u00bb.<\/p>\n<p class=\"article__paragraph  \">Et l\u2019ex-cheffe du gouvernement, qui a elle-m\u00eame utilis\u00e9 l\u2019article\u00a049.3\u00a0de la Constitution 22\u00a0fois, n\u2019a pas \u00e9cart\u00e9 l\u2019id\u00e9e que le premier ministre, S\u00e9bastien Lecornu, utilise cette arme constitutionnelle qui permet au gouvernement de faire adopter ses textes sans vote mais en engageant sa responsabilit\u00e9, pour faire adopter le budget, malgr\u00e9 la promesse de ce dernier aux socialistes\u00a0: \u00ab\u00a0Les gens que je croise, franchement, (\u2026) ils s\u2019en fichent de la m\u00e9thode, ce qu\u2019ils veulent, c\u2019est qu\u2019on ait un budget. (\u2026) C\u2019est le choix du gouvernement. (\u2026) Il y a diff\u00e9rentes fa\u00e7ons d\u2019y parvenir et \u00e7a fait partie des discussions qu\u2019il faut que le premier ministre ait avec les diff\u00e9rents groupes repr\u00e9sent\u00e9s \u00e0 l\u2019Assembl\u00e9e nationale.\u00a0\u00bb<\/p>\n<p>                                     Lire aussi |  Article r\u00e9serv\u00e9 \u00e0 nos abonn\u00e9s  <a href=\"https:\/\/www.lemonde.fr\/les-decodeurs\/article\/2025\/11\/29\/a-quoi-ressemblerait-un-budget-valide-par-ordonnance_6655325_4355770.html\" class=\"js-article-read-also catcher--favoris__link\" data-premium=\"1\" id=\"article-title-3448034\" target=\"_blank\" rel=\"noopener\">A quoi ressemblerait un budget valid\u00e9 par ordonnance\u00a0?<\/a>    <\/p>\n<p>   Lire plus tard  <\/p>\n<p class=\"author__detail\">  Le Monde  <\/p>\n<p>                <a href=\"https:\/\/www.lemonde.fr\/syndication\/\" class=\"reuse__content\" title=\"R\u00e9utiliser ce contenu\" target=\"_blank\" rel=\"noopener\">R\u00e9utiliser ce contenu<\/a>      <\/p>\n","protected":false},"excerpt":{"rendered":"Elisabeth Borne, ancienne premi\u00e8re ministre, le 24\u00a0septembre 2025. STEPHANIE LECOCQ \/ REUTERS Elle ne se sent \u00ab\u00a0plus de&hellip;\n","protected":false},"author":2,"featured_media":570338,"comment_status":"","ping_status":"","sticky":false,"template":"","format":"standard","meta":{"footnotes":""},"categories":[1888],"tags":[1111,1928,11,1927,1777,674,1011,27,12,1926,626,1925,25],"class_list":{"0":"post-570337","1":"post","2":"type-post","3":"status-publish","4":"format-standard","5":"has-post-thumbnail","7":"category-paris","8":"tag-actu","9":"tag-actu-paris","10":"tag-actualites","11":"tag-actualites-paris","12":"tag-eu","13":"tag-europe","14":"tag-fr","15":"tag-france","16":"tag-news","17":"tag-news-paris","18":"tag-paris","19":"tag-paris-news","20":"tag-republique-francaise"},"share_on_mastodon":{"url":"https:\/\/pubeurope.com\/@fr\/115642787392924384","error":""},"_links":{"self":[{"href":"https:\/\/www.europesays.com\/fr\/wp-json\/wp\/v2\/posts\/570337","targetHints":{"allow":["GET"]}}],"collection":[{"href":"https:\/\/www.europesays.com\/fr\/wp-json\/wp\/v2\/posts"}],"about":[{"href":"https:\/\/www.europesays.com\/fr\/wp-json\/wp\/v2\/types\/post"}],"author":[{"embeddable":true,"href":"https:\/\/www.europesays.com\/fr\/wp-json\/wp\/v2\/users\/2"}],"replies":[{"embeddable":true,"href":"https:\/\/www.europesays.com\/fr\/wp-json\/wp\/v2\/comments?post=570337"}],"version-history":[{"count":0,"href":"https:\/\/www.europesays.com\/fr\/wp-json\/wp\/v2\/posts\/570337\/revisions"}],"wp:featuredmedia":[{"embeddable":true,"href":"https:\/\/www.europesays.com\/fr\/wp-json\/wp\/v2\/media\/570338"}],"wp:attachment":[{"href":"https:\/\/www.europesays.com\/fr\/wp-json\/wp\/v2\/media?parent=570337"}],"wp:term":[{"taxonomy":"category","embeddable":true,"href":"https:\/\/www.europesays.com\/fr\/wp-json\/wp\/v2\/categories?post=570337"},{"taxonomy":"post_tag","embeddable":true,"href":"https:\/\/www.europesays.com\/fr\/wp-json\/wp\/v2\/tags?post=570337"}],"curies":[{"name":"wp","href":"https:\/\/api.w.org\/{rel}","templated":true}]}}