{"id":570345,"date":"2025-12-01T06:05:20","date_gmt":"2025-12-01T06:05:20","guid":{"rendered":"https:\/\/www.europesays.com\/fr\/570345\/"},"modified":"2025-12-01T06:05:20","modified_gmt":"2025-12-01T06:05:20","slug":"macron-attend-zelensky-a-lelysee","status":"publish","type":"post","link":"https:\/\/www.europesays.com\/fr\/570345\/","title":{"rendered":"Macron attend Zelensky \u00e0 l\u2019Elys\u00e9e\u2026"},"content":{"rendered":"<p>Macron va recevoir Zelensky \u00e0 l\u2019Elys\u00e9e<\/p>\n<p>Emmanuel Macron re\u00e7oit ce lundi \u00e0 Paris Volodymyr Zelensky qui est sous fortes pressions militaire et politique. Le pr\u00e9sident ukrainien sera re\u00e7u \u00e0 l\u2019Elys\u00e9e \u00e0 10 heures et les deux chefs d\u2019Etat feront une d\u00e9claration \u00e0 la presse avant un entretien et un d\u00e9jeuner de travail.<\/p>\n<p>\u00ab\u00a0Les deux dirigeants \u00e9changeront sur la situation et sur les conditions d\u2019une paix juste et durable, dans la continuit\u00e9 des discussions de Gen\u00e8ve et du plan am\u00e9ricain et d\u2019une concertation \u00e9troite avec nos partenaires europ\u00e9ens\u00a0\u00bb, a indiqu\u00e9 la pr\u00e9sidence fran\u00e7aise.<\/p>\n<p>Trump tacle l\u2019Ukraine sur la corruption<\/p>\n<p>Toujours \u00e0 bord d\u2019Air Force One dimanche, le locataire de la Maison-Blanche a par contre rappel\u00e9 que Kiev n\u2019\u00e9tait pas en position de force pour n\u00e9gocier, pointant le vaste scandale de corruption qui a conduit Volodymyr Zelensky \u00e0 limoger son tr\u00e8s influent bras droit, Andri\u00ef Iermak. \u00ab\u00a0L\u2019Ukraine a quelques petits probl\u00e8mes difficiles\u00a0\u00bb, a critiqu\u00e9 Donald Trump. \u00ab\u00a0Il y a une situation de corruption, ce qui n\u2019aide pas\u00a0\u00bb.<\/p>\n<p>Donald Trump optimiste sur la perspective d\u2019un accord<\/p>\n<p>A l\u2019issue des pourparlers en Floride, Donald Trump \u2013 qui n\u2019y participait pas \u2013 a pour sa part affich\u00e9 son optimisme. \u00ab\u00a0Je pense que la Russie aimerait que cela se termine, et je pense que l\u2019Ukraine, je sais que l\u2019Ukraine aimerait que cela se termine\u00a0\u00bb, a-t-il lanc\u00e9 \u00e0 bord d&rsquo;Air Force One.<\/p>\n<p>Des discussions \u00ab\u00a0productives\u00a0\u00bb mais \u00ab\u00a0pas faciles\u00a0\u00bb entre Am\u00e9ricains et Ukrainiens<\/p>\n<p>Alors que l\u2019Ukraine est confront\u00e9e \u00e0 une progression militaire de Moscou dans l\u2019est du pays et qu\u2019elle est secou\u00e9e par un grave scandale de corruption, des d\u00e9l\u00e9gations ukrainienne et am\u00e9ricaine ont n\u00e9goci\u00e9 plusieurs heures dimanche en Floride.<\/p>\n<p>Ces discussions ont \u00e9t\u00e9 jug\u00e9es \u00ab\u00a0productives\u00a0\u00bb par les deux parties, mais le secr\u00e9taire d\u2019Etat Marco Rubio a pr\u00e9venu qu&rsquo;\u00ab\u00a0il restait encore du travail\u00a0\u00bb et une source ukrainienne les a qualifi\u00e9es de \u00ab\u00a0pas faciles\u00a0\u00bb.<\/p>\n<p>Bienvenue dans ce nouveau Live<\/p>\n<p>Bonjour \u00e0 toutes et \u00e0 tous. Comme chaque jour, la r\u00e9daction de 20 Minutes est mobilis\u00e9e pour vous donner l\u2019ensemble des informations sur le conflit en Ukraine.<\/p>\n<p>Les pourparlers se poursuivent pour mettre fin \u00e0 la guerre, avec principalement \u00e0 la man\u0153uvre les Am\u00e9ricains. Les Etats-Unis ont en effet pr\u00e9sent\u00e9 il y a moins de deux semaines un projet en 28 points, r\u00e9dig\u00e9 sans les alli\u00e9s europ\u00e9ens de Kiev, cens\u00e9 mettre fin au conflit d\u00e9clench\u00e9 par l\u2019offensive russe contre l\u2019Ukraine en f\u00e9vrier\u00a02022.<\/p>\n<p>Le document initial, jug\u00e9 tr\u00e8s favorable \u00e0 Moscou, pr\u00e9voyait notamment que les forces ukrainiennes se retirent de la r\u00e9gion orientale de Donetsk, et les \u00c9tats-Unis auraient alors reconnu de facto la r\u00e9gion de Donetsk, la Crim\u00e9e et la r\u00e9gion de Lougansk comme russes. Mais il a \u00e9t\u00e9 amend\u00e9 \u00e0 l\u2019issue de r\u00e9unions \u00e0 Gen\u00e8ve, \u00e0 la demande des Europ\u00e9ens, m\u00eame si son contenu reste flou.<\/p>\n","protected":false},"excerpt":{"rendered":"Macron va recevoir Zelensky \u00e0 l\u2019Elys\u00e9e Emmanuel Macron re\u00e7oit ce lundi \u00e0 Paris Volodymyr Zelensky qui est sous&hellip;\n","protected":false},"author":2,"featured_media":570346,"comment_status":"","ping_status":"","sticky":false,"template":"","format":"standard","meta":{"footnotes":""},"categories":[1590],"tags":[47,11,75,1073,73,1777,674,131,74,12,132,220,133,135,134],"class_list":{"0":"post-570345","1":"post","2":"type-post","3":"status-publish","4":"format-standard","5":"has-post-thumbnail","7":"category-ukraine","8":"tag-actualite","9":"tag-actualites","10":"tag-donald-trump","11":"tag-emmanuel-macron","12":"tag-etats-unis","13":"tag-eu","14":"tag-europe","15":"tag-guerre-en-ukraine","16":"tag-monde","17":"tag-news","18":"tag-russie","19":"tag-ukraine","20":"tag-video","21":"tag-vladimir-poutine","22":"tag-volodymyr-zelensky"},"share_on_mastodon":{"url":"https:\/\/pubeurope.com\/@fr\/115642808783397677","error":""},"_links":{"self":[{"href":"https:\/\/www.europesays.com\/fr\/wp-json\/wp\/v2\/posts\/570345","targetHints":{"allow":["GET"]}}],"collection":[{"href":"https:\/\/www.europesays.com\/fr\/wp-json\/wp\/v2\/posts"}],"about":[{"href":"https:\/\/www.europesays.com\/fr\/wp-json\/wp\/v2\/types\/post"}],"author":[{"embeddable":true,"href":"https:\/\/www.europesays.com\/fr\/wp-json\/wp\/v2\/users\/2"}],"replies":[{"embeddable":true,"href":"https:\/\/www.europesays.com\/fr\/wp-json\/wp\/v2\/comments?post=570345"}],"version-history":[{"count":0,"href":"https:\/\/www.europesays.com\/fr\/wp-json\/wp\/v2\/posts\/570345\/revisions"}],"wp:featuredmedia":[{"embeddable":true,"href":"https:\/\/www.europesays.com\/fr\/wp-json\/wp\/v2\/media\/570346"}],"wp:attachment":[{"href":"https:\/\/www.europesays.com\/fr\/wp-json\/wp\/v2\/media?parent=570345"}],"wp:term":[{"taxonomy":"category","embeddable":true,"href":"https:\/\/www.europesays.com\/fr\/wp-json\/wp\/v2\/categories?post=570345"},{"taxonomy":"post_tag","embeddable":true,"href":"https:\/\/www.europesays.com\/fr\/wp-json\/wp\/v2\/tags?post=570345"}],"curies":[{"name":"wp","href":"https:\/\/api.w.org\/{rel}","templated":true}]}}