{"id":570349,"date":"2025-12-01T06:07:15","date_gmt":"2025-12-01T06:07:15","guid":{"rendered":"https:\/\/www.europesays.com\/fr\/570349\/"},"modified":"2025-12-01T06:07:15","modified_gmt":"2025-12-01T06:07:15","slug":"%f0%9f%94%b4-budget-protection-sociale-au-royaume-uni-bourses-asiatiques-lessentiel-de-lactualite-ce-lundi-1er-decembre","status":"publish","type":"post","link":"https:\/\/www.europesays.com\/fr\/570349\/","title":{"rendered":"\ud83d\udd34 Budget, protection sociale au Royaume-Uni, Bourses asiatiques&#8230; L\u2019essentiel de l\u2019actualit\u00e9 ce lundi 1er d\u00e9cembre"},"content":{"rendered":"<p>Bonjour \u00e0 tous, nous sommes le<strong> lundi 1er d\u00e9cembre<\/strong>. \u00c0 la une de l&rsquo;actualit\u00e9 ce matin, <strong>S\u00e9bastien Lecornu<\/strong> doit rencontrer les responsable du PS et du PCF \u00e0 la mi-journ\u00e9e dans le cadre de l&rsquo;examen budget de la S\u00e9cu. Au <strong>Royaume-Uni<\/strong>, le premier ministre britannique Keir Starmer va affirmer son intention de relancer une r\u00e9forme du syst\u00e8me de protection sociale. Enfin, les <strong>march\u00e9s asiatiques<\/strong> sont prudents avant des donn\u00e9es \u00e9conomiques am\u00e9ricaines.<\/p>\n<p>Bonne lecture et bonne matin\u00e9e ! \u2615<\/p>\n<p>\ud83d\udccdBudget de la S\u00e9cu : Lecornu intensifie les consultations&#13;\n<\/p>\n<p><strong>Le Premier ministre S\u00e9bastien Lecornu sera \u00e0 la man\u0153uvre<\/strong> cette semaine pour tenter d&rsquo;arracher un compromis sur le budget de la S\u00e9curit\u00e9 sociale, de retour dans l&rsquo;h\u00e9micycle \u00e0 partir de mardi pour une nouvelle lecture d\u00e9cisive. Ce lundi \u00e0 la mi-journ\u00e9e, <strong>le chef de gouvernement a pr\u00e9vu de rencontrer successivement les responsables du PS et du PCF<\/strong> \u00e0 Matignon. Il rencontrera \u00e9galement les repr\u00e9sentants des \u00e9cologistes mardi, et ceux du RN mercredi, apr\u00e8s avoir vu ceux de Liot et de LR la semaine derni\u00e8re.<\/p>\n<p>\ud83d\udccdCr\u00e9ation d&rsquo;un \u00ab statut du bailleur priv\u00e9 \u00bb&#13;\n<\/p>\n<p>Le S\u00e9nat a approuv\u00e9 dimanche la <strong>cr\u00e9ation d&rsquo;un \u00ab statut du bailleur priv\u00e9 \u00bb<\/strong>, un dispositif fiscal incitatif pour les particuliers cherchant \u00e0 investir dans le logement locatif, confortant un compromis qui avait d\u00e9j\u00e0 \u00e9man\u00e9 \u00e0 l&rsquo;Assembl\u00e9e nationale ces derniers jours. Le nouveau statut pr\u00e9voit un amortissement fiscal de <strong>3,5 % par an pour un logement neuf \u00e0 loyer interm\u00e9diaire<\/strong>, <strong>4,5 % pour un logement social<\/strong> et <strong>5,5 % pour un logement tr\u00e8s social,<\/strong> dans la limite de 80 % de la valeur du bien et 8 000 euros par an pour deux logements maximum.<\/p>\n<p>\ud83d\udccdLe S\u00e9nat augmente le cr\u00e9dit d&rsquo;imp\u00f4t pour l&rsquo;agriculture biologique&#13;\n<\/p>\n<p>Le S\u00e9nat a par ailleurs vot\u00e9 dimanche pour <strong>renforcer le cr\u00e9dit d&rsquo;imp\u00f4t en faveur de l&rsquo;agriculture biologique<\/strong>, le faisant passer <strong>de 4 500 \u00e0 6 000 euros<\/strong>, dans le cadre de l&rsquo;examen du budget 2026. Les s\u00e9nateurs ont adopt\u00e9 ce dispositif malgr\u00e9 l&rsquo;opposition du gouvernement, \u00e0 l&rsquo;initiative de la gauche et des centristes, qui portaient tous le m\u00eame amendement. Les s\u00e9nateurs ont par ailleurs approuv\u00e9 la prolongation de trois ans de ce cr\u00e9dit d&rsquo;imp\u00f4t b\u00e9n\u00e9ficiant aux exploitations en agriculture biologique, propos\u00e9e par le gouvernement.<\/p>\n<p>\ud83d\udccdR\u00e9forme de la protection sociale aux Royaume-Uni&#13;\n<\/p>\n<p>Au <strong>Royaume-Uni<\/strong>, le Premier ministre Keir Starmer doit remettre ce lundi sur la table le sujet d&rsquo;une <strong>r\u00e9forme de la protection sociale<\/strong>. Cet \u00e9t\u00e9, son gouvernement avait d\u00fb faire des concessions sur une pr\u00e9c\u00e9dente r\u00e9forme, apr\u00e8s une r\u00e9bellion de plus de 120 d\u00e9put\u00e9s de son camp. \u00ab Nous devons affronter la r\u00e9alit\u00e9 qui est que notre \u00c9tat providence pi\u00e8ge les gens, pas seulement dans la pauvret\u00e9, mais hors de l&#8217;emploi \u00bb, doit affirmer Keir Starmer, selon des extraits de son discours communiqu\u00e9s en amont par Downing Street.<\/p>\n<p>\ud83d\udcc9 Les march\u00e9s asiatiques prudents&#13;\n<\/p>\n<p><strong>Les Bourses asiatiques sont en repli ce lundi.<\/strong> Les investisseurs limitent les prises de risques avant l&rsquo;annonce d&rsquo;une <strong>s\u00e9rie d&rsquo;indicateurs am\u00e9ricains<\/strong> sur fond de sp\u00e9culations quant aux prochaines d\u00e9cisions mon\u00e9taires aux \u00c9tats-Unis et au Japon, plombant aussi les cryptomonnaies. \u00c0 la Bourse de <strong>Tokyo<\/strong>, l&rsquo;indice vedette <strong>Nikkei reculait de 1,68 %<\/strong> \u00e0 49 407,31 points \u00e0 la mi-s\u00e9ance, tandis que l&rsquo;indice \u00e9largi <strong>Topix baissait de 1,01 %<\/strong> \u00e0 3.344,48 points. \u00c0 <strong>S\u00e9oul<\/strong>, l&rsquo;indice Kospi <strong>l\u00e2chait 0,19 %<\/strong>, <strong>Taipei perdait 0,31 %<\/strong> et <strong>Sydney 0,42 %<\/strong>. \u00c0 <strong>Hong Kong<\/strong>, l&rsquo;indice Hang Seng progressait cependant de <strong>0,58 %<\/strong>.<\/p>\n<p melodystyle=\"cadreencadre\"><strong>\ud83d\udcc5 L&rsquo;agenda \u00e9co de la journ\u00e9e<\/strong><\/p>\n<p>7 heures\uff5cMarch\u00e9 automobile: chiffre des ventes de voitures neuves en France en novembre.<br \/><strong>9 h 50\uff5c<\/strong>PMI Manufacturier &#8211; novembre &#8211; S&amp;P Global.<br \/><strong>10 h 30\uff5c<\/strong>Conf\u00e9rence de presse \u00ab Pr\u00e9l\u00e8vements obligatoires sur le patrimoine des m\u00e9nages \u00bb \u00e0 la Cour des comptes.<br \/><strong>16 heures\uff5c<\/strong>\u00c9tats-Unis &#8211;<strong> <\/strong>Indice d&rsquo;activit\u00e9 manufacturi\u00e8re ISM pour novembre<br \/><strong>16 heures\uff5c<\/strong>Briefing \u00e0 l&rsquo;OMC du ministre d\u00e9l\u00e9gu\u00e9 fran\u00e7ais charg\u00e9 du Commerce ext\u00e9rieur<br \/><strong>Ce vendredi\uff5c<\/strong>D\u00e9but habituel de la p\u00e9riode de n\u00e9gociations commerciales entre la grande distribution alimentaire et ses fournisseurs.<br \/><strong>Ce vendredi\uff5c<\/strong>Pr\u00e9sentation par SNCF R\u00e9seau et la FNAUT d&rsquo;une \u00e9tude sur l&rsquo;impact des travaux de modernisation du r\u00e9seau ferr\u00e9 sur les voyageurs.<br \/><strong>Ce vendredi (jusqu&rsquo;au 6)\uff5c<\/strong>Retraite : 25 000 rendez-vous gratuits avec l&rsquo;Agirc-Arrco pour pr\u00e9parer son d\u00e9part.<br \/><strong>Ce vendredi (jusqu&rsquo;au 12)\uff5c<\/strong>Pr\u00eat-\u00e0-porter : le tribunal des activit\u00e9s \u00e9conomiques de Paris rend sa d\u00e9cision sur la reprise de IKKS.<\/p>\n<p><strong>\ud83c\udf99\ufe0f Les invit\u00e9s des matinales<\/strong><br \/><strong><br \/>7 h 40\uff5c<\/strong>Serge Papin, ministre des PME, sur RTL<br \/><strong>7 h 45\uff5c<\/strong>Octave Klaba, fondateur et PDG d\u2019OVHcloud, sur BFM Business<br \/><strong>8 heures\uff5c<\/strong>Jean-Fran\u00e7ois Husson, Rapporteur g\u00e9n\u00e9ral de la commission des finances et s\u00e9nateur (LR) de la Meurthe-et-Moselle<\/p>\n<p>(Veille r\u00e9alis\u00e9e avec AFP et Reuters)<\/p>\n","protected":false},"excerpt":{"rendered":"Bonjour \u00e0 tous, nous sommes le lundi 1er d\u00e9cembre. \u00c0 la une de l&rsquo;actualit\u00e9 ce matin, S\u00e9bastien Lecornu&hellip;\n","protected":false},"author":2,"featured_media":570350,"comment_status":"","ping_status":"","sticky":false,"template":"","format":"standard","meta":{"footnotes":""},"categories":[1588],"tags":[15467,17,11,43448,5738,1003,49832,33,1777,674,15468,18158,9865,12,4846,473,1853,2812,1851,1850,1852,31708],"class_list":{"0":"post-570349","1":"post","2":"type-post","3":"status-publish","4":"format-standard","5":"has-post-thumbnail","7":"category-royaume-uni","8":"tag-1er","9":"tag-17","10":"tag-actualites","11":"tag-asiatiques","12":"tag-bourses","13":"tag-budget","14":"tag-decembre","15":"tag-economie","16":"tag-eu","17":"tag-europe","18":"tag-lessentiel","19":"tag-lactualite","20":"tag-lundi","21":"tag-news","22":"tag-protection","23":"tag-royaume-uni","24":"tag-royaume-uni-de-grande-bretagne-et-dirlande-du-nord","25":"tag-sociale","26":"tag-uk","27":"tag-united-kingdom","28":"tag-united-kingdom-of-great-britain-and-northern-ireland","29":"tag-31708"},"share_on_mastodon":{"url":"https:\/\/pubeurope.com\/@fr\/115642816706643165","error":""},"_links":{"self":[{"href":"https:\/\/www.europesays.com\/fr\/wp-json\/wp\/v2\/posts\/570349","targetHints":{"allow":["GET"]}}],"collection":[{"href":"https:\/\/www.europesays.com\/fr\/wp-json\/wp\/v2\/posts"}],"about":[{"href":"https:\/\/www.europesays.com\/fr\/wp-json\/wp\/v2\/types\/post"}],"author":[{"embeddable":true,"href":"https:\/\/www.europesays.com\/fr\/wp-json\/wp\/v2\/users\/2"}],"replies":[{"embeddable":true,"href":"https:\/\/www.europesays.com\/fr\/wp-json\/wp\/v2\/comments?post=570349"}],"version-history":[{"count":0,"href":"https:\/\/www.europesays.com\/fr\/wp-json\/wp\/v2\/posts\/570349\/revisions"}],"wp:featuredmedia":[{"embeddable":true,"href":"https:\/\/www.europesays.com\/fr\/wp-json\/wp\/v2\/media\/570350"}],"wp:attachment":[{"href":"https:\/\/www.europesays.com\/fr\/wp-json\/wp\/v2\/media?parent=570349"}],"wp:term":[{"taxonomy":"category","embeddable":true,"href":"https:\/\/www.europesays.com\/fr\/wp-json\/wp\/v2\/categories?post=570349"},{"taxonomy":"post_tag","embeddable":true,"href":"https:\/\/www.europesays.com\/fr\/wp-json\/wp\/v2\/tags?post=570349"}],"curies":[{"name":"wp","href":"https:\/\/api.w.org\/{rel}","templated":true}]}}