{"id":570361,"date":"2025-12-01T06:13:22","date_gmt":"2025-12-01T06:13:22","guid":{"rendered":"https:\/\/www.europesays.com\/fr\/570361\/"},"modified":"2025-12-01T06:13:22","modified_gmt":"2025-12-01T06:13:22","slug":"face-au-vih-la-france-choisit-de-plonger-dans-la-regression-liberation","status":"publish","type":"post","link":"https:\/\/www.europesays.com\/fr\/570361\/","title":{"rendered":"face au VIH, la France choisit de plonger dans la r\u00e9gression \u2013 Lib\u00e9ration"},"content":{"rendered":"<p class=\"sc-cPiKLX AiZTS text-element\">2025 devait \u00eatre l\u2019ann\u00e9e o\u00f9 la France s\u2019engageait enfin \u00e0 acc\u00e9l\u00e9rer la lutte contre le VIH-Sida. A la place, nous faisons face \u00e0 des gouvernements obs\u00e9d\u00e9s par la r\u00e9pression et les coupes budg\u00e9taires, au d\u00e9triment de la sant\u00e9 publique. D\u00e9pistage fragilis\u00e9, diffusion limit\u00e9e de <a href=\"https:\/\/www.liberation.fr\/france\/2018\/07\/24\/sida-la-prep-ca-marche_1668295\/\" target=\"_blank\" rel=\"noreferrer noopener\" title=\"https:\/\/www.liberation.fr\/france\/2018\/07\/24\/sida-la-prep-ca-marche_1668295\/\">la Prep<\/a>, innovations menac\u00e9es, \u00e9ducation \u00e0 la sexualit\u00e9 sacrifi\u00e9e : le VIH progresse toujours l\u00e0 o\u00f9 l\u2019Etat recule. <\/p>\n<p class=\"sc-cPiKLX AiZTS text-element\">Act Up-Paris refuse ce retour en arri\u00e8re. Financer la pr\u00e9vention, c\u2019est sauver des vies, et c\u2019est un choix que le pouvoir politique refuse aujourd\u2019hui de faire.<\/p>\n<p class=\"sc-cPiKLX AiZTS text-element\">Alors m\u00eame que le nombre de s\u00e9rologies VIH r\u00e9alis\u00e9es par les laboratoires de biologie m\u00e9dicale est estim\u00e9 \u00e0 8,5 millions en 2024 (+ 13 % vs 2023), les structures de terrain se voient sacrifi\u00e9es. Paradoxalement, ce sont les acteurs communautaires, ceux capables d\u2019aller \u00e0 la rencontre des populations les plus vuln\u00e9rables \u2013 personnes migrantes, jeunes pr\u00e9caires, personnes en situation de rupture avec le syst\u00e8me de sant\u00e9 \u2013 qui manquent cruellement de moyens.<\/p>\n<p class=\"sc-cPiKLX AiZTS text-element\">Les donn\u00e9es montrent une v\u00e9rit\u00e9 flagrante : bien que le d\u00e9pistage \u00abgrand public\u00bb se d\u00e9veloppe (avec 20 % des tests rembours\u00e9s r\u00e9alis\u00e9s sans prescription), le d\u00e9pistage communautaire recule \u2013 environ 50 000 tests en 2024 \u2013 ce qui pose une question majeure de justice sociale e<\/p>\n","protected":false},"excerpt":{"rendered":"2025 devait \u00eatre l\u2019ann\u00e9e o\u00f9 la France s\u2019engageait enfin \u00e0 acc\u00e9l\u00e9rer la lutte contre le VIH-Sida. A la&hellip;\n","protected":false},"author":2,"featured_media":570362,"comment_status":"","ping_status":"","sticky":false,"template":"","format":"standard","meta":{"footnotes":""},"categories":[4],"tags":[11,1011,27,12,25,10705],"class_list":{"0":"post-570361","1":"post","2":"type-post","3":"status-publish","4":"format-standard","5":"has-post-thumbnail","7":"category-france","8":"tag-actualites","9":"tag-fr","10":"tag-france","11":"tag-news","12":"tag-republique-francaise","13":"tag-vih"},"share_on_mastodon":{"url":"https:\/\/pubeurope.com\/@fr\/115642840063569562","error":""},"_links":{"self":[{"href":"https:\/\/www.europesays.com\/fr\/wp-json\/wp\/v2\/posts\/570361","targetHints":{"allow":["GET"]}}],"collection":[{"href":"https:\/\/www.europesays.com\/fr\/wp-json\/wp\/v2\/posts"}],"about":[{"href":"https:\/\/www.europesays.com\/fr\/wp-json\/wp\/v2\/types\/post"}],"author":[{"embeddable":true,"href":"https:\/\/www.europesays.com\/fr\/wp-json\/wp\/v2\/users\/2"}],"replies":[{"embeddable":true,"href":"https:\/\/www.europesays.com\/fr\/wp-json\/wp\/v2\/comments?post=570361"}],"version-history":[{"count":0,"href":"https:\/\/www.europesays.com\/fr\/wp-json\/wp\/v2\/posts\/570361\/revisions"}],"wp:featuredmedia":[{"embeddable":true,"href":"https:\/\/www.europesays.com\/fr\/wp-json\/wp\/v2\/media\/570362"}],"wp:attachment":[{"href":"https:\/\/www.europesays.com\/fr\/wp-json\/wp\/v2\/media?parent=570361"}],"wp:term":[{"taxonomy":"category","embeddable":true,"href":"https:\/\/www.europesays.com\/fr\/wp-json\/wp\/v2\/categories?post=570361"},{"taxonomy":"post_tag","embeddable":true,"href":"https:\/\/www.europesays.com\/fr\/wp-json\/wp\/v2\/tags?post=570361"}],"curies":[{"name":"wp","href":"https:\/\/api.w.org\/{rel}","templated":true}]}}