{"id":570365,"date":"2025-12-01T06:21:27","date_gmt":"2025-12-01T06:21:27","guid":{"rendered":"https:\/\/www.europesays.com\/fr\/570365\/"},"modified":"2025-12-01T06:21:27","modified_gmt":"2025-12-01T06:21:27","slug":"cyclisme-faire-payer-5-euros-un-grand-nom-du-tour-de-france-favorable-aux-courses-payantes-pour-les-spectateurs","status":"publish","type":"post","link":"https:\/\/www.europesays.com\/fr\/570365\/","title":{"rendered":"Cyclisme\u00a0: \u00ab\u00a0Faire payer 5\u00a0euros\u2026\u00a0\u00bb Un grand nom du Tour de France favorable aux courses payantes pour les spectateurs"},"content":{"rendered":"<p>\n                                                                    l&rsquo;essentiel<br \/>\n                                                                L\u2019ancien maillot jaune estime que demander une petite somme aux fans, afin qu\u2019ils aient acc\u00e8s au bord des routes, ne rendrait pas la discipline impopulaire.\n                            <\/p>\n<p>Une fragilit\u00e9 \u00e9conomique qui commence \u00e0 provoquer des remous.\u00a0Le cyclisme est confront\u00e9 \u00e0 un paradoxe historique\u00a0: il est un sport gratuit par excellence, intimement li\u00e9 \u00e0 la ferveur populaire et \u00e0 l\u2019acc\u00e8s libre, mais il est aussi structurellement fragile.<\/p>\n<p>Alors que des \u00e9quipes enti\u00e8res pourraient prochainement dispara\u00eetre, faute de financement p\u00e9renne, les instances cherchent d\u00e9sesp\u00e9r\u00e9ment de nouvelles sources de revenus au-del\u00e0 du sponsoring, qui peut dispara\u00eetre du jour au lendemain.<\/p>\n<p>Ce besoin vital a relanc\u00e9 une id\u00e9e autrefois taboue\u00a0: faire payer l\u2019acc\u00e8s aux spectateurs sur les lieux les plus pris\u00e9s, notamment les cols mythiques ou les zones d\u2019arriv\u00e9e.<\/p>\n<p class=\"std-elt__inline\">\n        <strong>\u00c0 lire aussi :<\/strong><br \/>\n        <a href=\"https:\/\/www.ladepeche.fr\/2025\/11\/09\/cyclisme-les-spectateurs-bientot-contraints-de-payer-pour-assister-aux-courses-au-bord-des-routes-ca-doit-devenir-un-show-13042889.php\" target=\"_blank\" rel=\"noopener\">Cyclisme\u00a0: les spectateurs bient\u00f4t contraints de payer pour assister aux courses au bord des routes\u00a0? \u00ab\u00a0\u00c7a doit devenir un show\u00a0\u00bb<\/a>\n    <\/p>\n<p>Wout van Aert\u00a0: le cyclocross comme exemple<\/p>\n<p>Face \u00e0 l\u2019opposition, la star belge Wout van Aert a pris position en faveur d\u2019une billetterie mod\u00e9r\u00e9e, estimant que la gratuit\u00e9 \u00e0 tout prix met le sport en danger. Pour le coureur du Team Visma Lease a Bike, il faut briser l\u2019inertie\u00a0: \u00ab\u00a0Dans le cyclisme, nous sommes peut-\u00eatre un peu trop ax\u00e9s sur le charme et le folklore\u00a0\u00bb lance-t-il aupr\u00e8s du m\u00e9dia belge n\u00e9erlandophone <a href=\"https:\/\/www.tijd.be\/ondernemen\/sport\/wout-van-aert-wordt-koers-minder-volks-als-je-vijf-euro-inkom-vraagt\/10638175.html\" target=\"_blank\" rel=\"noopener\">De Tijd<\/a>.<\/p>\n<p>Van Aert cite l\u2019exemple de sa discipline hivernale, le cyclocross, o\u00f9 l\u2019acc\u00e8s est payant sans que cela n\u2019alt\u00e8re l\u2019ambiance\u00a0: \u00ab\u00a0Si vous faites payer 5\u00a0euros\u00a0l\u2019entr\u00e9e, cela ne veut pas dire que ce n\u2019est plus populaire. Le cyclocross aussi est payant, et il n\u2019y a rien de plus populaire.\u00a0\u00bb<\/p>\n<p class=\"std-elt__inline\">\n        <strong>\u00c0 lire aussi :<\/strong><br \/>\n        <a href=\"https:\/\/www.ladepeche.fr\/2025\/11\/17\/le-tour-de-france-bientot-payant-pour-les-spectateurs-un-membre-de-lorganisation-de-la-grande-boucle-sexprime-13056921.php\" target=\"_blank\" rel=\"noopener\">Le Tour de France bient\u00f4t payant pour les spectateurs\u00a0? Un membre de l\u2019organisation de la Grande Boucle s\u2019exprime<\/a>\n    <\/p>\n<p>Pour van Aert, la question est structurelle. Les \u00e9quipes, qui sont pourtant indispensables \u00e0 la survie des \u00e9preuves, ne re\u00e7oivent aucune compensation qui couvre leurs co\u00fbts de participation. Il estime que \u00ab\u00a0cette fragilit\u00e9 serait bien moindre si, en plus des revenus de sponsoring, il y avait aussi des revenus provenant du sport lui-m\u00eame\u00a0\u00bb, citant en exemple les droits TV ou la billetterie.<\/p>\n<p>Le dilemme du \u00ab\u00a0g\u00e2teau\u00a0\u00bb et l\u2019opposition<\/p>\n<p>L\u2019exemple de la Butte de Montmartre lors du dernier Tour de France est \u00e9loquent\u00a0: 180\u00a0000 spectateurs s\u2019y \u00e9taient amass\u00e9s gratuitement. Si un ticket de 5\u00a0euros avait \u00e9t\u00e9 appliqu\u00e9, cela aurait g\u00e9n\u00e9r\u00e9 une manne que l\u2019on peut estimer \u00e0 environ 900\u00a0000\u00a0euros. Mais le succ\u00e8s populaire aurait-il \u00e9t\u00e9 le m\u00eame\u00a0? C\u2019est l\u00e0 toute l\u2019incertitude.<\/p>\n<p class=\"std-elt__inline\">\n        <strong>\u00c0 lire aussi :<\/strong><br \/>\n        <a href=\"https:\/\/www.ladepeche.fr\/2025\/08\/08\/cyclisme-jai-decide-de-faire-limpasse-la-grande-annonce-de-wout-van-aert-heros-de-la-derniere-etape-du-tour-de-france-2025-sur-sa-saison-12867046.php\" target=\"_blank\" rel=\"noopener\">Cyclisme\u00a0: \u00ab\u00a0J\u2019ai d\u00e9cid\u00e9 de faire l\u2019impasse\u2026\u00a0\u00bb La grande annonce de Wout van Aert, h\u00e9ros de la derni\u00e8re \u00e9tape du Tour de France 2025, sur sa saison<\/a>\n    <\/p>\n<p>Certains coureurs, \u00e0 l\u2019image du Fran\u00e7ais Romain Bardet, se montrent \u00ab\u00a0absolument contre\u00a0\u00bb\u00a0cette mesure comme relev\u00e9 par <a href=\"https:\/\/www.ouest-france.fr\/sport\/cyclisme\/wout-van-aert\/cyclisme-wout-van-aert-plutot-pour-lidee-de-faire-payer-5-euros-lentree-de-certaines-courses-a-lavenir-fd124224-cde7-11f0-9f92-1f1697d8d1ab\" target=\"_blank\" rel=\"noopener\">Ouest-France<\/a>, craignant d\u2019\u00e9loigner les fans historiques du bord de la route.<\/p>\n<p>D\u2019autres voix, comme celles de l\u2019ancien patron d\u2019\u00e9quipe J\u00e9r\u00f4me Pineau (qui a parl\u00e9 de privatiser certaines \u00e9tapes) ou de l\u2019ancien champion Paolo Bettini (\u00ab\u00a0Il est juste que les fans paient\u00a0\u00bb), rejoignent Van Aert.<\/p>\n<p>Pour la star belge, il est temps de repenser l\u2019\u00e9quilibre financier\u00a0: \u00ab\u00a0Corrigez-moi si je me trompe, mais une course majeure comme le Ronde ou le Tour de France tient ou tombe avec nous, les coureurs et les \u00e9quipes qui viennent y participer. Or, en tant qu\u2019\u00e9quipe, nous ne recevons m\u00eame pas une compensation qui couvre le co\u00fbt de cette participation. Cela devrait vraiment \u00eatre un minimum. Le g\u00e2teau pourrait \u00eatre divis\u00e9 plus \u00e9quitablement.\u00a0\u00bb<\/p>\n<p class=\"std-elt__inline\">\n        <strong>\u00c0 lire aussi :<\/strong><br \/>\n        <a href=\"https:\/\/www.ladepeche.fr\/2025\/07\/28\/video-tour-de-france-2025-ola-roue-arriere-derriere-les-cadors-de-montmartre-van-aert-et-pogacar-les-retardataires-ont-fait-le-show-rue-lepic-12848345.php\" target=\"_blank\" rel=\"noopener\">VID\u00c9O. Tour de France 2025\u00a0: ola, roue arri\u00e8re\u2026 Derri\u00e8re les cadors de Montmartre Van Aert et Pogacar, les retardataires ont fait le show rue Lepic<\/a>\n    <\/p>\n<p>La question n\u2019est plus de savoir si les fans doivent payer, mais comment le cyclisme, pour assurer sa survie, peut mon\u00e9tiser son spectacle sans perdre son \u00e2me.<\/p>\n","protected":false},"excerpt":{"rendered":"l&rsquo;essentiel L\u2019ancien maillot jaune estime que demander une petite somme aux fans, afin qu\u2019ils aient acc\u00e8s au bord&hellip;\n","protected":false},"author":2,"featured_media":570366,"comment_status":"","ping_status":"","sticky":false,"template":"","format":"standard","meta":{"footnotes":""},"categories":[1411],"tags":[1154,207,1011,27,60],"class_list":{"0":"post-570365","1":"post","2":"type-post","3":"status-publish","4":"format-standard","5":"has-post-thumbnail","7":"category-cyclisme","8":"tag-cycling","9":"tag-cyclisme","10":"tag-fr","11":"tag-france","12":"tag-sports"},"share_on_mastodon":{"url":"https:\/\/pubeurope.com\/@fr\/115642871663650130","error":""},"_links":{"self":[{"href":"https:\/\/www.europesays.com\/fr\/wp-json\/wp\/v2\/posts\/570365","targetHints":{"allow":["GET"]}}],"collection":[{"href":"https:\/\/www.europesays.com\/fr\/wp-json\/wp\/v2\/posts"}],"about":[{"href":"https:\/\/www.europesays.com\/fr\/wp-json\/wp\/v2\/types\/post"}],"author":[{"embeddable":true,"href":"https:\/\/www.europesays.com\/fr\/wp-json\/wp\/v2\/users\/2"}],"replies":[{"embeddable":true,"href":"https:\/\/www.europesays.com\/fr\/wp-json\/wp\/v2\/comments?post=570365"}],"version-history":[{"count":0,"href":"https:\/\/www.europesays.com\/fr\/wp-json\/wp\/v2\/posts\/570365\/revisions"}],"wp:featuredmedia":[{"embeddable":true,"href":"https:\/\/www.europesays.com\/fr\/wp-json\/wp\/v2\/media\/570366"}],"wp:attachment":[{"href":"https:\/\/www.europesays.com\/fr\/wp-json\/wp\/v2\/media?parent=570365"}],"wp:term":[{"taxonomy":"category","embeddable":true,"href":"https:\/\/www.europesays.com\/fr\/wp-json\/wp\/v2\/categories?post=570365"},{"taxonomy":"post_tag","embeddable":true,"href":"https:\/\/www.europesays.com\/fr\/wp-json\/wp\/v2\/tags?post=570365"}],"curies":[{"name":"wp","href":"https:\/\/api.w.org\/{rel}","templated":true}]}}