{"id":570371,"date":"2025-12-01T06:24:19","date_gmt":"2025-12-01T06:24:19","guid":{"rendered":"https:\/\/www.europesays.com\/fr\/570371\/"},"modified":"2025-12-01T06:24:19","modified_gmt":"2025-12-01T06:24:19","slug":"lex-pavillon-des-sessions-rouvre-en-plein-tumulte","status":"publish","type":"post","link":"https:\/\/www.europesays.com\/fr\/570371\/","title":{"rendered":"l\u2019ex-pavillon des Sessions rouvre en plein tumulte"},"content":{"rendered":"<p>                     <img loading=\"lazy\" decoding=\"async\" src=\"https:\/\/www.europesays.com\/fr\/wp-content\/uploads\/2025\/12\/ad7c8ff_upload-1-1uvipffvlule-ae22890-hdr.jpg\" alt=\"La galerie des Cinq Continents, au Louvre, \u00e0 Paris, en novembre\u00a02025.\"   width=\"664\" height=\"443\"\/>    La galerie des Cinq Continents, au Louvre, \u00e0 Paris, en novembre\u00a02025.  AUDREY VIGER\/2025\u00a0MUS\u00c9E DU LOUVRE                 <\/p>\n<p class=\"article__paragraph  \">C\u2019est une entr\u00e9e oubli\u00e9e bien qu\u2019impressionnante, encadr\u00e9e de grandes colonnes bagu\u00e9es et de deux rang\u00e9es de f\u00e9lins, sur le quai Fran\u00e7ois-Mitterrand, \u00e0 l\u2019or\u00e9e des Tuileries. Jusqu\u2019\u00e0 sa fermeture fin 2024, peu de visiteurs du Louvre empruntaient la porte des Lions, qui offre pourtant un acc\u00e8s direct aux salles d\u2019art espagnol et italien situ\u00e9es \u00e0 l\u2019\u00e9tage, et, au rez-de-chauss\u00e9e, au pavillon des Sessions, abritant une centaine d\u2019\u0153uvres venant d\u2019Afrique, des Am\u00e9riques et de l\u2019Oc\u00e9anie d\u00e9pos\u00e9es par le Mus\u00e9e du quai Branly.<\/p>\n<p class=\"article__paragraph  \">La r\u00e9ouverture mercredi 3\u00a0d\u00e9cembre de cet espace, rebaptis\u00e9 \u00ab\u00a0galerie des Cinq Continents\u00a0\u00bb, devait \u00eatre une op\u00e9ration de charme comme le Louvre aime les calibrer, l\u2019occasion pour sa pr\u00e9sidente, Laurence des Cars, de r\u00e9affirmer la vocation universelle du mus\u00e9e et, \u00e0 moins d\u2019un an de la fin de son mandat, de valider ses arbitrages et sa vision.<\/p>\n<p class=\"article__paragraph  \">Dans le m\u00eame \u00e9lan, le d\u00e9voilement d\u2019une \u0153uvre command\u00e9e \u00e0 l\u2019artiste <a href=\"https:\/\/www.lemonde.fr\/m-le-mag\/article\/2025\/11\/06\/l-entree-au-louvre-de-marlene-dumas-dans-les-collections-permanentes-une-premiere-pour-une-femme-artiste-contemporaine_6652487_4500055.html\" target=\"_blank\" rel=\"noopener\">n\u00e9erlandaise et sud-africaine Marlene Dumas<\/a>, une suite de portraits accroch\u00e9s au seuil de la galerie, devait sceller l\u2019entr\u00e9e du palais des rois dans le XXI\u1d49 si\u00e8cle. Sans oublier sa capacit\u00e9 \u00e0 lever des fonds priv\u00e9s \u2013 Marc Ladreit de Lacharri\u00e8re, m\u00e9c\u00e8ne au long cours du Louvre, a donn\u00e9 2\u00a0millions d\u2019euros \u00e0 ce chantier.<\/p>\n<p class=\"reading-mode-only \"><strong>Il vous reste 85.32% de cet article \u00e0 lire. La suite est r\u00e9serv\u00e9e aux abonn\u00e9s.<\/strong><\/p>\n","protected":false},"excerpt":{"rendered":"La galerie des Cinq Continents, au Louvre, \u00e0 Paris, en novembre\u00a02025. AUDREY VIGER\/2025\u00a0MUS\u00c9E DU LOUVRE C\u2019est une entr\u00e9e&hellip;\n","protected":false},"author":2,"featured_media":570372,"comment_status":"","ping_status":"","sticky":false,"template":"","format":"standard","meta":{"footnotes":""},"categories":[1358],"tags":[1348,1384,1385,1386,58,59,1011,27],"class_list":{"0":"post-570371","1":"post","2":"type-post","3":"status-publish","4":"format-standard","5":"has-post-thumbnail","7":"category-arts-et-design","8":"tag-arts","9":"tag-arts-and-design","10":"tag-arts-et-design","11":"tag-design","12":"tag-divertissement","13":"tag-entertainment","14":"tag-fr","15":"tag-france"},"share_on_mastodon":{"url":"https:\/\/pubeurope.com\/@fr\/115642884301670616","error":""},"_links":{"self":[{"href":"https:\/\/www.europesays.com\/fr\/wp-json\/wp\/v2\/posts\/570371","targetHints":{"allow":["GET"]}}],"collection":[{"href":"https:\/\/www.europesays.com\/fr\/wp-json\/wp\/v2\/posts"}],"about":[{"href":"https:\/\/www.europesays.com\/fr\/wp-json\/wp\/v2\/types\/post"}],"author":[{"embeddable":true,"href":"https:\/\/www.europesays.com\/fr\/wp-json\/wp\/v2\/users\/2"}],"replies":[{"embeddable":true,"href":"https:\/\/www.europesays.com\/fr\/wp-json\/wp\/v2\/comments?post=570371"}],"version-history":[{"count":0,"href":"https:\/\/www.europesays.com\/fr\/wp-json\/wp\/v2\/posts\/570371\/revisions"}],"wp:featuredmedia":[{"embeddable":true,"href":"https:\/\/www.europesays.com\/fr\/wp-json\/wp\/v2\/media\/570372"}],"wp:attachment":[{"href":"https:\/\/www.europesays.com\/fr\/wp-json\/wp\/v2\/media?parent=570371"}],"wp:term":[{"taxonomy":"category","embeddable":true,"href":"https:\/\/www.europesays.com\/fr\/wp-json\/wp\/v2\/categories?post=570371"},{"taxonomy":"post_tag","embeddable":true,"href":"https:\/\/www.europesays.com\/fr\/wp-json\/wp\/v2\/tags?post=570371"}],"curies":[{"name":"wp","href":"https:\/\/api.w.org\/{rel}","templated":true}]}}