{"id":570373,"date":"2025-12-01T06:26:32","date_gmt":"2025-12-01T06:26:32","guid":{"rendered":"https:\/\/www.europesays.com\/fr\/570373\/"},"modified":"2025-12-01T06:26:32","modified_gmt":"2025-12-01T06:26:32","slug":"les-feux-de-lamour-kyle-denonce-summer-et-phyllis-a-la-police-les-moments-forts-des-episodes-du-1-au-5-decembre-2025","status":"publish","type":"post","link":"https:\/\/www.europesays.com\/fr\/570373\/","title":{"rendered":"Les feux de l\u2019amour\u00a0: Kyle d\u00e9nonce Summer et Phyllis \u00e0 la police, les moments forts des \u00e9pisodes du 1 au 5 d\u00e9cembre 2025"},"content":{"rendered":"<p>\n\t\t\t\t\t\tPubli\u00e9 le 30\/11\/2025 \u00e0 15:25<\/p>\n<p>D\u00e9couvrez ce qui attend les h\u00e9ros des <strong>\u00a0Feux de l\u2019amour\u00a0<\/strong> dans les \u00e9pisodes diffus\u00e9s entre le lundi 2 et le vendredi 5 d\u00e9cembre 2025, \u00e0 11 heures sur TF1. Cameron est pr\u00eat \u00e0 tout pour d\u00e9truire la vie de Sharon.<\/p>\n<p>Du 1 au 5 d\u00e9cembre 2025, ne manquez pas les \u00e9pisodes in\u00e9dits des <a href=\"https:\/\/toutelatele.ouest-france.fr\/les-feux-de-l-amour-907\" target=\"_blank\" rel=\"noopener\">Feux de l\u2019amour<\/a> \u00e0 11 heures sur l\u2019antenne de TF1. Retrouvez les familles Newman et Abbott \u00e0 Genoa City pour de nouvelles intrigues aussi romanesques que palpitantes. Elena exige des explications aupr\u00e8s de Nate et Victoria, tandis qu\u2019Audra attise les conflits en scellant un pacte douteux avec Tucker. Pendant ce temps, Nick est alarm\u00e9 par une d\u00e9couverte inqui\u00e9tante li\u00e9e \u00e0 Sharon. L\u2019annonce des fian\u00e7ailles d\u2019Ashley provoque un malaise g\u00e9n\u00e9ral, alors que Nikki tente d\u2019influencer la vie sentimentale de sa fille.<\/p>\n<p>Summer, en plein remords, cherche \u00e0 recoller les morceaux avec Kyle, mais les agissements de Phyllis menacent de briser leur union. Ashley choisit finalement de redonner une chance \u00e0 Tucker, tandis que Summer \u00e9labore un accord risqu\u00e9 avec sa m\u00e8re. De leur c\u00f4t\u00e9, Sally et Chlo\u00e9 se lancent dans un nouveau projet. Christine se met en t\u00eate de faire tomber Phyllis, au moment o\u00f9 Cameron r\u00e9appara\u00eet et ravive les inqui\u00e9tudes.<\/p>\n<p>Les feux de l\u2019amour\u00a0: Phyllis d\u00e9truit le mariage de Summer Kyle<\/p>\n<p><strong>Lundi 1er d\u00e9cembre 2025<\/strong><br class=\"autobr\"\/><br \/>\nElena (<strong>Brytni Sarpy<\/strong>) confronte Nate (<strong>Sean Dominic<\/strong>) et Victoria (<strong>Amelia Heinle<\/strong>). Audra (<strong>Zuleyka Silver<\/strong>) s\u00e8me ma zizanie alors qu\u2019elle parvient \u00e0 un accord avec Tucker (<strong>Trevor St. John<\/strong>). Nick (<strong>Joshua Morrow<\/strong>) d\u00e9couvre du sang sur la bouteille de champagne que Sharon (<strong>Sharon Case<\/strong>) a re\u00e7ue.<\/p>\n<p><strong>Mardi 2 d\u00e9cembre 2025<\/strong><br class=\"autobr\"\/><br \/>\nAshley (<strong>Eileen Davidson<\/strong>) annonce ses fian\u00e7ailles avec Tucker et \u00e7a ne ravit pas son entourage. Nikki (<strong>Melody Thomas Scott<\/strong>) donne des conseils non sollicit\u00e9s \u00e0 Victoria. Summer (<strong>Allison Lanier<\/strong>) s\u2019excuse aupr\u00e8s de Kyle (<strong>Michael Mealor<\/strong>), mais les manigances de Phyllis (<strong>Michelle Stafford<\/strong>) pourraient mettre un terme \u00e0 leur mariage.<\/p>\n<p>Daniel avoue la v\u00e9rit\u00e9 \u00e0 Lily, Kyle trahit Summer<\/p>\n<p><strong>Mercredi 3 d\u00e9cembre 2025<\/strong><br class=\"autobr\"\/><br \/>\nAshley annonce \u00e0 tout le monde qu\u2019elle laisse une chance \u00e0 Tucker. Summer tente de mettre en place un plan pour Phyllis. Lily (<strong>Christel Khalil<\/strong>) prend Daniel au d\u00e9pourvu. Devon (<strong>Bryton James<\/strong>) choisit la voie de la sagesse.<\/p>\n<p><strong>Jeudi 4 d\u00e9cembre 2025<\/strong><br class=\"autobr\"\/><br \/>\nSally (<strong>Courtney Hope<\/strong>) et Chlo\u00e9 (<strong>Elizabeth Hendrickson<\/strong>) se lancent dans une nouvelle aventure. Summer conclut un accord avec Phyllis. Sharon re\u00e7oit un nouveau message \u00e9nigmatique.<\/p>\n<p><strong>Vendredi 5 d\u00e9cembre 2025<\/strong><br class=\"autobr\"\/><br \/>\nChristine (<strong>Lauralee Bell<\/strong>) jure de d\u00e9truire Phyllis. Daniel avoue toute la v\u00e9rit\u00e9 \u00e0 Lily. Victor (<strong>Eric Braeden<\/strong>) m\u00e8ne son interrogatoire avec Nate. Summer aide sa m\u00e8re \u00e0 se cacher. Cameron (<strong>Linden Ashby<\/strong>) est de retour \u00e0 Genoa.<\/p>\n<p><a href=\"https:\/\/toutelatele.ouest-france.fr\/les-feux-de-l-amour-phyllis-retrouvee-les-moments-forts-des-episodes-du-25-au-28-novembre-2025-181179\" class=\"spip_in\" target=\"_blank\" rel=\"noopener\">Vous avez rat\u00e9 les \u00e9pisodes pr\u00e9c\u00e9dents\u00a0? D\u00e9couvrez les r\u00e9sum\u00e9s<\/a><\/p>\n","protected":false},"excerpt":{"rendered":"Publi\u00e9 le 30\/11\/2025 \u00e0 15:25 D\u00e9couvrez ce qui attend les h\u00e9ros des \u00a0Feux de l\u2019amour\u00a0 dans les \u00e9pisodes&hellip;\n","protected":false},"author":2,"featured_media":570374,"comment_status":"","ping_status":"","sticky":false,"template":"","format":"standard","meta":{"footnotes":""},"categories":[1356],"tags":[58,59,1011,27,252,1364],"class_list":{"0":"post-570373","1":"post","2":"type-post","3":"status-publish","4":"format-standard","5":"has-post-thumbnail","7":"category-television","8":"tag-divertissement","9":"tag-entertainment","10":"tag-fr","11":"tag-france","12":"tag-television","13":"tag-tv"},"share_on_mastodon":{"url":"https:\/\/pubeurope.com\/@fr\/115642891569234020","error":""},"_links":{"self":[{"href":"https:\/\/www.europesays.com\/fr\/wp-json\/wp\/v2\/posts\/570373","targetHints":{"allow":["GET"]}}],"collection":[{"href":"https:\/\/www.europesays.com\/fr\/wp-json\/wp\/v2\/posts"}],"about":[{"href":"https:\/\/www.europesays.com\/fr\/wp-json\/wp\/v2\/types\/post"}],"author":[{"embeddable":true,"href":"https:\/\/www.europesays.com\/fr\/wp-json\/wp\/v2\/users\/2"}],"replies":[{"embeddable":true,"href":"https:\/\/www.europesays.com\/fr\/wp-json\/wp\/v2\/comments?post=570373"}],"version-history":[{"count":0,"href":"https:\/\/www.europesays.com\/fr\/wp-json\/wp\/v2\/posts\/570373\/revisions"}],"wp:featuredmedia":[{"embeddable":true,"href":"https:\/\/www.europesays.com\/fr\/wp-json\/wp\/v2\/media\/570374"}],"wp:attachment":[{"href":"https:\/\/www.europesays.com\/fr\/wp-json\/wp\/v2\/media?parent=570373"}],"wp:term":[{"taxonomy":"category","embeddable":true,"href":"https:\/\/www.europesays.com\/fr\/wp-json\/wp\/v2\/categories?post=570373"},{"taxonomy":"post_tag","embeddable":true,"href":"https:\/\/www.europesays.com\/fr\/wp-json\/wp\/v2\/tags?post=570373"}],"curies":[{"name":"wp","href":"https:\/\/api.w.org\/{rel}","templated":true}]}}