{"id":57038,"date":"2025-04-27T14:48:08","date_gmt":"2025-04-27T14:48:08","guid":{"rendered":"https:\/\/www.europesays.com\/fr\/57038\/"},"modified":"2025-04-27T14:48:08","modified_gmt":"2025-04-27T14:48:08","slug":"la-brigade-armee-de-la-police-municipale-de-bordeaux-recherche-ses-agents-et-on-en-sait-plus","status":"publish","type":"post","link":"https:\/\/www.europesays.com\/fr\/57038\/","title":{"rendered":"La brigade arm\u00e9e de la police municipale de Bordeaux recherche ses agents (et on en sait plus)"},"content":{"rendered":"<p>            Par<br \/>\n        <strong><br \/>\n            <a href=\"https:\/\/actu.fr\/auteur\/juliette-cardinale\" title=\"Consulter tous les articles de Juliette Cardinale\" target=\"_blank\" rel=\"noopener\">Juliette Cardinale<\/a><br \/>\n        <\/strong><\/p>\n<p>        Publi\u00e9 le<\/p>\n<p>            27 avr. 2025 \u00e0 16h36        <\/p>\n<p>Elle avait \u00e9t\u00e9 <a href=\"https:\/\/actu.fr\/nouvelle-aquitaine\/bordeaux_33063\/police-municipale-a-bordeaux-pierre-hurmic-cree-une-brigade-speciale-dotee-d-armes-letales_61851970.html\" target=\"_blank\" rel=\"noopener\">annonc\u00e9e en novembre dernier<\/a> : la \u00ab brigade d\u2019appui et de s\u00e9curisation \u00bb de la police municipale de Bordeaux sera compos\u00e9e de policiers<strong> \u00e9quip\u00e9s d\u2019armes l\u00e9tales. <\/strong>Et depuis la mi-avril 2025, une campagne de recrutement est lanc\u00e9e pour trouver une quinzaine d\u2019agents.<\/p>\n<p class=\" wall-content\"><a href=\"https:\/\/actu.fr\/nouvelle-aquitaine\/bordeaux_33063\/a-bordeaux-les-policiers-municipaux-evitent-les-missions-dangereuses-tant-qu-ils-n-ont-pas-d-arme-a-feu_61122129.html\" target=\"_blank\" rel=\"noopener\">R\u00e9clam\u00e9 par les policiers municipaux pendant plusieurs mois,<\/a> l\u2019armement des agents n\u2019\u00e9tait pas gagn\u00e9 : Pierre Hurmic avait <a href=\"https:\/\/actu.fr\/nouvelle-aquitaine\/bordeaux_33063\/bordeaux-la-droite-veut-armer-la-police-municipale-pierre-hurmic-ne-sera-pas-un-maire-sherif_60918837.html\" target=\"_blank\" rel=\"noopener\">affirm\u00e9 vouloir \u00ab\u00a0laisser ce mod\u00e8le aux USA\u00a0\u00bb<\/a> dans un premier temps. Finalement, le maire \u00e9cologiste de Bordeaux a <strong>trouv\u00e9 un compromis :<\/strong> seuls les agents de la nouvelle brigade seront munis de ces armes.<\/p>\n<p class=\" wall-content\">En journ\u00e9e, ils doivent intervenir sur certaines zones en priorit\u00e9. Le soir, <strong>tous les effectifs pr\u00e9sents en ville<\/strong> seront membres de la brigade. La municipalit\u00e9 avait annonc\u00e9 une mise en place progressive du service, probablement actif mi-2025. <a href=\"https:\/\/recrutement.bordeaux.fr\/offre-de-emploi\/liste-offres.aspx\" target=\"_blank\" rel=\"noopener\">Les offres d\u2019emplois publi\u00e9es par la mairie<\/a> au mois d\u2019avril donnent un peu plus d\u2019indications.\u00a0<\/p>\n<p>Armes, date, nombre d\u2019agents\u2026 La brigade se d\u00e9voile<\/p>\n<p class=\" wall-content\">Le service d\u2019appui et de s\u00e9curisation comptera<strong> 57 agents, d\u00e9ploy\u00e9s sur cinq secteurs. <\/strong>L\u2019objectif de la brigade est de \u00ab\u00a0renforcer la capacit\u00e9 d\u2019intervention afin d\u2019adopter une approche proactive et adapt\u00e9e aux r\u00e9alit\u00e9s du terrain\u00a0\u00bb.<\/p>\n<p class=\" wall-content\">Les policiers seront arm\u00e9s d\u2019un <strong>pistolet semi-automatique de calibre 9 mm.<\/strong> Ils recevront une formation initiale et continue financ\u00e9es par la mairie de Bordeaux. Les agents feront l\u2019objet d\u2019un bilan m\u00e9dical et psychologique annuel, et doivent obtenir une autorisation du port de l\u2019arme d\u00e9livr\u00e9e par le pr\u00e9fet.<\/p>\n<p>Vid\u00e9os : en ce moment sur Actu<\/p>\n<p class=\" wall-content\">Actuellement, la mairie recrute quinze agents pour la brigade de jour, le responsable du service ainsi que des responsables soir\u00e9e, jour et moto.\u00a0La prise de poste est <strong>pr\u00e9vue pour le premier juillet.<\/strong><\/p>\n<p class=\" wall-content\">Le service circulation et stationnement sp\u00e9cialis\u00e9, le centre de commandement 24\/7, le \u00ab\u00a0d\u00e9ploiement accru de la vid\u00e9oprotection\u00a0\u00bb et le service d\u2019analyse des donn\u00e9es s\u2019inscrivent aussi dans ce <strong>renforcement de la police municipale.<\/strong> Le service d\u2019analyse doit notamment \u00ab\u00a0optimiser les actions men\u00e9es en \u00e9troite collaboration avec la Pr\u00e9fecture et la Police Nationale\u00a0\u00bb, pr\u00e9cise la mairie.<\/p>\n<p class=\" wall-content\">Suivez toute l\u2019actualit\u00e9 de vos villes et m\u00e9dias favoris en vous inscrivant \u00e0 <a href=\"https:\/\/moncompte.actu.fr\" title=\"D\u00e9couvez Mon Actu\" rel=\"nofollow noopener\" data-trk=\"{&quot;cta&quot;:{&quot;action&quot;:&quot;https:\\\/\\\/moncompte.actu.fr&quot;,&quot;category&quot;:&quot;mon compte&quot;,&quot;from&quot;:&quot;article footer&quot;,&quot;name&quot;:&quot;Mon actu&quot;,&quot;type&quot;:&quot;cta&quot;}}\" target=\"_blank\">Mon Actu<\/a>.<\/p>\n","protected":false},"excerpt":{"rendered":"Par Juliette Cardinale Publi\u00e9 le 27 avr. 2025 \u00e0 16h36 Elle avait \u00e9t\u00e9 annonc\u00e9e en novembre dernier :&hellip;\n","protected":false},"author":2,"featured_media":57039,"comment_status":"","ping_status":"","sticky":false,"template":"","format":"standard","meta":{"footnotes":""},"categories":[2817],"tags":[1111,11,1997,341,1777,674,1011,27,2825,12,2219,1072,25,104],"class_list":{"0":"post-57038","1":"post","2":"type-post","3":"status-publish","4":"format-standard","5":"has-post-thumbnail","7":"category-bordeaux","8":"tag-actu","9":"tag-actualites","10":"tag-bordeaux","11":"tag-emploi","12":"tag-eu","13":"tag-europe","14":"tag-fr","15":"tag-france","16":"tag-insecurite","17":"tag-news","18":"tag-nouvelle-aquitaine","19":"tag-police","20":"tag-republique-francaise","21":"tag-societe"},"share_on_mastodon":{"url":"https:\/\/pubeurope.com\/@fr\/114410481479755854","error":""},"_links":{"self":[{"href":"https:\/\/www.europesays.com\/fr\/wp-json\/wp\/v2\/posts\/57038","targetHints":{"allow":["GET"]}}],"collection":[{"href":"https:\/\/www.europesays.com\/fr\/wp-json\/wp\/v2\/posts"}],"about":[{"href":"https:\/\/www.europesays.com\/fr\/wp-json\/wp\/v2\/types\/post"}],"author":[{"embeddable":true,"href":"https:\/\/www.europesays.com\/fr\/wp-json\/wp\/v2\/users\/2"}],"replies":[{"embeddable":true,"href":"https:\/\/www.europesays.com\/fr\/wp-json\/wp\/v2\/comments?post=57038"}],"version-history":[{"count":0,"href":"https:\/\/www.europesays.com\/fr\/wp-json\/wp\/v2\/posts\/57038\/revisions"}],"wp:featuredmedia":[{"embeddable":true,"href":"https:\/\/www.europesays.com\/fr\/wp-json\/wp\/v2\/media\/57039"}],"wp:attachment":[{"href":"https:\/\/www.europesays.com\/fr\/wp-json\/wp\/v2\/media?parent=57038"}],"wp:term":[{"taxonomy":"category","embeddable":true,"href":"https:\/\/www.europesays.com\/fr\/wp-json\/wp\/v2\/categories?post=57038"},{"taxonomy":"post_tag","embeddable":true,"href":"https:\/\/www.europesays.com\/fr\/wp-json\/wp\/v2\/tags?post=57038"}],"curies":[{"name":"wp","href":"https:\/\/api.w.org\/{rel}","templated":true}]}}