{"id":570383,"date":"2025-12-01T06:31:34","date_gmt":"2025-12-01T06:31:34","guid":{"rendered":"https:\/\/www.europesays.com\/fr\/570383\/"},"modified":"2025-12-01T06:31:34","modified_gmt":"2025-12-01T06:31:34","slug":"brigitte-bardot-appelle-tout-le-monde-a-se-calmer-sur-son-etat-de-sante","status":"publish","type":"post","link":"https:\/\/www.europesays.com\/fr\/570383\/","title":{"rendered":"Brigitte Bardot appelle \u00ab\u00a0tout le monde \u00e0 se calmer\u00a0\u00bb sur son \u00e9tat de sant\u00e9"},"content":{"rendered":"<p>        <img decoding=\"async\" loading=\"lazy\" src=\"https:\/\/www.europesays.com\/fr\/wp-content\/uploads\/2025\/12\/1f97e79_1689774464332-gettyimages-1246561194.jpg\"  width=\"728\" height=\"409\" alt=\"Brigitte Bardot appelle \u00ab\u00a0tout le monde \u00e0 se calmer\u00a0\u00bb sur son \u00e9tat de sant\u00e9 (Photo prise en septembre 2007)\"\/>  <\/p>\n<p>ERIC FEFERBERG \/ AFP via Getty Images<\/p>\n<p>Brigitte Bardot appelle \u00ab\u00a0tout le monde \u00e0 se calmer\u00a0\u00bb sur son \u00e9tat de sant\u00e9 (Photo prise en septembre 2007)<\/p>\n<p class=\"asset asset-text\">Stop aux rumeurs. <a href=\"https:\/\/www.huffingtonpost.fr\/justice\/article\/brigitte-bardot-condamnee-a-20-000-euros-d-amende-pour-injures-publiques_188493.html\" target=\"_blank\" rel=\"noopener\">Brigitte Bardot<\/a> a tenu \u00e0 rassurer sur son \u00e9tat de sant\u00e9 ce dimanche 30\u00a0novembre, assurant qu\u2019elle \u00e9tait \u00ab\u00a0actuellement en convalescence\u00a0\u00bb et demandant le respect de sa vie priv\u00e9e, via un communiqu\u00e9 envoy\u00e9 \u00e0 l\u2019AFP par la fondation qui porte son nom.<\/p>\n<p class=\"asset asset-text\">\u00ab\u00a0Madame Brigitte Bardot rappelle qu\u2019elle est actuellement en convalescence, qu\u2019elle aimerait que l\u2019on ait la d\u00e9licatesse de respecter son intimit\u00e9, et invite tout le monde \u00e0 se calmer\u00a0\u00bb, est-il \u00e9crit dans le communiqu\u00e9 de <a href=\"https:\/\/www.huffingtonpost.fr\/culture\/article\/brigitte-bardot-n-est-pas-tendre-avec-la-serie-biopic-de-france-2_212205.html\" target=\"_blank\" rel=\"noopener\">la fondation Brigitte Bardot<\/a>.<\/p>\n<p class=\"asset asset-text\">Lundi, Var-Matin a affirm\u00e9 que la star de 91\u00a0ans \u00e9tait de nouveau hospitalis\u00e9e \u00e0 Toulon, un mois apr\u00e8s un premier s\u00e9jour li\u00e9 \u00e0 une intervention chirurgicale.<\/p>\n<p>    Une vie de \u00ab\u00a0fermi\u00e8re\u00a0\u00bb    <\/p>\n<p class=\"asset asset-text\">\u00ab\u00a0Mme Bardot tient \u00e0 rassurer\u00a0celles et ceux qui s\u2019inqui\u00e8tent sinc\u00e8rement pour elle. Elle leur adresse ce message\u00a0: \u201cJe vous embrasse tous\u00a0!\u201d\u00a0\u00bb, \u00e9crit encore la fondation qui se consacre \u00e0 la d\u00e9fense et <a href=\"https:\/\/www.huffingtonpost.fr\/actualites\/article\/brigitte-bardot-alain-delon-et-jean-paul-belmondo-unis-contre-la-tauromachie_9942.html\" target=\"_blank\" rel=\"noopener\">la protection animale<\/a>.<\/p>\n<p class=\"asset asset-text\">\u00ab\u00a0BB\u00a0\u00bb, qui a tir\u00e9 un trait sur le cin\u00e9ma dans les ann\u00e9es 1970 pour se consacrer \u00e0 la cause animale, vit entre sa c\u00e9l\u00e8bre r\u00e9sidence de La Madrague dans la station de Saint-Tropez (sud-est) et une seconde maison cach\u00e9e dans la verdure, La Garrigue, abritant des animaux et une chapelle priv\u00e9e.<\/p>\n<p class=\"asset asset-text\">En mai dernier, dans une interview \u00e0 BFMTV, elle avait assur\u00e9 vivre \u00ab\u00a0comme une fermi\u00e8re\u00a0\u00bb entour\u00e9e de ses moutons, ses cochons, ses chiens, ses chats, son \u00e2ne et sa ponette et ne poss\u00e9der \u00ab\u00a0ni portable, ni ordinateur\u00a0\u00bb.<\/p>\n","protected":false},"excerpt":{"rendered":"ERIC FEFERBERG \/ AFP via Getty Images Brigitte Bardot appelle \u00ab\u00a0tout le monde \u00e0 se calmer\u00a0\u00bb sur son&hellip;\n","protected":false},"author":2,"featured_media":570384,"comment_status":"","ping_status":"","sticky":false,"template":"","format":"standard","meta":{"footnotes":""},"categories":[8],"tags":[20224,58,59,1011,27,973],"class_list":{"0":"post-570383","1":"post","2":"type-post","3":"status-publish","4":"format-standard","5":"has-post-thumbnail","7":"category-divertissement","8":"tag-brigitte-bardot","9":"tag-divertissement","10":"tag-entertainment","11":"tag-fr","12":"tag-france","13":"tag-people"},"share_on_mastodon":{"url":"https:\/\/pubeurope.com\/@fr\/115642911586652166","error":""},"_links":{"self":[{"href":"https:\/\/www.europesays.com\/fr\/wp-json\/wp\/v2\/posts\/570383","targetHints":{"allow":["GET"]}}],"collection":[{"href":"https:\/\/www.europesays.com\/fr\/wp-json\/wp\/v2\/posts"}],"about":[{"href":"https:\/\/www.europesays.com\/fr\/wp-json\/wp\/v2\/types\/post"}],"author":[{"embeddable":true,"href":"https:\/\/www.europesays.com\/fr\/wp-json\/wp\/v2\/users\/2"}],"replies":[{"embeddable":true,"href":"https:\/\/www.europesays.com\/fr\/wp-json\/wp\/v2\/comments?post=570383"}],"version-history":[{"count":0,"href":"https:\/\/www.europesays.com\/fr\/wp-json\/wp\/v2\/posts\/570383\/revisions"}],"wp:featuredmedia":[{"embeddable":true,"href":"https:\/\/www.europesays.com\/fr\/wp-json\/wp\/v2\/media\/570384"}],"wp:attachment":[{"href":"https:\/\/www.europesays.com\/fr\/wp-json\/wp\/v2\/media?parent=570383"}],"wp:term":[{"taxonomy":"category","embeddable":true,"href":"https:\/\/www.europesays.com\/fr\/wp-json\/wp\/v2\/categories?post=570383"},{"taxonomy":"post_tag","embeddable":true,"href":"https:\/\/www.europesays.com\/fr\/wp-json\/wp\/v2\/tags?post=570383"}],"curies":[{"name":"wp","href":"https:\/\/api.w.org\/{rel}","templated":true}]}}